{"id":12665,"date":"2018-11-08T20:44:11","date_gmt":"2018-11-08T23:44:11","guid":{"rendered":"http:\/\/vamosporlaliberacion.org\/crpmlm\/?p=12665"},"modified":"2018-11-08T20:44:11","modified_gmt":"2018-11-08T23:44:11","slug":"los-nostalgicos-de-la-ley-de-residencia","status":"publish","type":"post","link":"http:\/\/vamosporlaliberacion.org\/crpmlm\/los-nostalgicos-de-la-ley-de-residencia\/","title":{"rendered":"Los nost\u00e1lgicos de la Ley de Residencia"},"content":{"rendered":"<p>Tras el operativo represivo montado contra la masiva manifestaci\u00f3n que repudi\u00f3 el tratamiento del Presupuesto 2019 en Diputados, el propio presidente y todo el arco del macrismo reforz\u00f3 su campa\u00f1a contra los inmigrantes. Rogelio Frigerio dio la se\u00f1al de largada cuando afirm\u00f3 que deportar\u00edan \u201clo antes posible\u201d a los extranjeros detenidos esa jornada (25\/10). El a\u00f1o pasado hab\u00eda afirmado que buscan \u201cevitar que ingresen delincuentes a la Argentina\u201d (26\/1\/17). Ahora, tras el triunfo de Bolsonaro en Brasil, el propio presidente Macri expres\u00f3 en una conferencia de prensa que \u201cqueremos gente que venga con vocaci\u00f3n de trabajar como hicieron nuestros abuelos\u201d y no los \u201cque nos complican la vida\u201d (1\/11).<\/p>\n<p>Sus acusaciones no fueron solo contra algunos extranjeros detenidos en los alrededores del Congreso en aquella jornada \u2013los que a\u00fan deben ser formalmente imputados y juzgados, con derecho a defensa aunque no sean argentinos\u2013. El presidente tambi\u00e9n retom\u00f3 su pedido de \u201creciprocidad\u201d en referencia a la salud y la educaci\u00f3n p\u00fablicas que reciben extranjeros en nuestro pa\u00eds, cuesti\u00f3n sobre la cual este gobierno ya hab\u00eda acusado al gobierno boliviano en particular.<\/p>\n<p>Adem\u00e1s, en esa misma conferencia, la ministra Patricia Bullrich record\u00f3 que el a\u00f1o pasado el gobierno firm\u00f3 el DNU 70\/17 para deportar a todo extranjero que cometa un delito. El decreto ha sido declarado inconstitucional en un caso presentado por el CELS. Pero el gobierno tambi\u00e9n se propone crear un fuero migratorio dedicado exclusivamente a atender los casos de inmigrantes que cometen delitos y est\u00e9n supuestamente en condiciones de ser expulsados, una polic\u00eda migratoria \u2013como existe en EEUU\u2013 destinada especialmente a perseguir a los casos espec\u00edficos de inmigrantes ilegales, y otras medidas destinadas a hacer m\u00e1s r\u00edgidos los controles en las fronteras y facilitar las deportaciones. Y Frigerio se jacta de que \u201cen el \u00faltimo a\u00f1o hubo m\u00e1s deportaciones que en los \u00faltimos diez\u201d.<\/p>\n<p>El macrismo trabaja sobre un sentido com\u00fan atrasado que existe en la sociedad. Hace propio el an\u00e1lisis de Joaqu\u00edn Morales Sol\u00e1 en La Naci\u00f3n sobre el resultado electoral brasilero, en la que les aconsej\u00f3 que no se dejen correr por derecha por Miguel Pichetto: tan xen\u00f3fobo que insisti\u00f3 en que deporten ya a los detenidos extranjeros sin mediar resoluci\u00f3n judicial alguna porque habr\u00edan participado de un hecho \u201cpre-insurreccional\u201d. Con la misma tela bolsonarista, la ministra Bullrich lanz\u00f3 su frase \u201cel que quiere andar armado, que ande armado\u201d. Pero como los focus group de Jaime Dur\u00e1n Barba deben haber mostrado que la propuesta no fue bien recibida, ahora le bajaron el tono.<\/p>\n<p>La insistencia oficialista y su desprecio a los derechos de \u201clos hombres del mundo que quieran habitar en el suelo argentino\u201d (sic Constituci\u00f3n) nos rememoran a la reaccionaria Ley de Residencia (ver recuadro), sancionada hace m\u00e1s de un siglo para controlar y castigar a \u201cnuestros abuelos\u201d que vinieron a trabajar. Pero hoy, como ayer, los extranjeros que vienen a vivir tambi\u00e9n producen y sue\u00f1an con un futuro. Y la campa\u00f1a xen\u00f3foba no s\u00f3lo es parte de las nuevas propuestas de criminalizaci\u00f3n de la protesta social (para extranjeros y argentinos) sino que de paso trata de ubicar un nuevo responsable por los males argentinos.<\/p>\n<p>En cambio, s\u00ed son bien recibidos por este gobierno los fondos extranjeros, a los que se les han brindado tasas de inter\u00e9s monumentales y libre disponibilidad para que despu\u00e9s se lleven toda esa ganancia (y ese trabajo) de nuestro pa\u00eds. As\u00ed fue que el gobierno nos llev\u00f3 al FMI y al actual fracaso econ\u00f3mico.<\/p>\n<p>La Polic\u00eda detuvo 27 personas durante la represi\u00f3n policial a la movilizaci\u00f3n contra el Presupuesto 2019. Lo curioso es que las detenciones no se produjeron en Congreso, el lugar de los incidentes, sino en los alrededores, en una cacer\u00eda que se esparci\u00f3 por m\u00e1s de 20 cuadras. M\u00e1s llamativo a\u00fan fue comprobar que hubo polic\u00edas de civil entre los manifestantes, que luego pasaron a detener personas. No ser\u00eda la primera vez que, ante una masiva movilizaci\u00f3n, la polic\u00eda \u2013de uniforme y civil\u2013 provoca un disturbio, luego reprime, para finalmente detener lejos del lugar para disimular su arbitrariedad.<\/p>\n<p>Obviamente, el gobierno nacional r\u00e1pidamente culp\u00f3 a los organizadores por la presencia de \u201cgrupos violentos, encapuchados\u201d que provocaron los \u201cincidentes\u201d. Acus\u00f3 a las organizaciones convocantes de provocar los disturbios a la vez que se dispon\u00eda a votar el Presupuesto. Con la plaza Congreso ya desalojada.<\/p>\n<p>La versi\u00f3n oficial es llamativa no s\u00f3lo por d\u00f3nde fueron las detenciones sino tambi\u00e9n por qui\u00e9nes son los detenidos: Cuatro miembros de La Garganta Poderosa, entre ellos el director de la revista Nacho Levy, que fueron detenidos en las calles Carlos Calvo y 9 de Julio, \u00a1a veinte cuadras del Congreso! Tambi\u00e9n fueron detenidos, lejos del Congreso, seis trabajadores de Astilleros R\u00edo Santiago, la secretaria gremial de Suteba Ensenada Vanesa Martino y el fot\u00f3grafo de T\u00e9lam Fabricio Bacca. Para sumar indignaci\u00f3n, en una filmaci\u00f3n del canal Cr\u00f3nica TV se ve claramente como un polic\u00eda le planta una barra de metal a Nacho Levy para tratar de \u201cgenerar\u201d alguna prueba contra el periodista.<\/p>\n<p>A esto se suman los cuatro extranjeros detenidos: Baran Anil (27 a\u00f1os) de Turqu\u00eda, Luis Fretes (26 a\u00f1os) de Paraguay, y Felipe (31 a\u00f1os) y V\u00edctor Puleo Artigas (23 a\u00f1os), de Venezuela. Casualidad o buscado, el gobierno lo utiliz\u00f3 para pregonar la necesidad de deportar inmediatamente a los \u201cextranjeros delincuentes\u201d (ver Los nost\u00e1lgicos\u2026). Y la ministra de Seguridad Patricia Bullrich directamente desliz\u00f3 que iniciaron investigaciones para ver si los venezolanos son servicios de inteligencia de Nicol\u00e1s Maduro, el paraguayo un anarquista y el turco un activista contra el G-20. El diario Clar\u00edn cumpli\u00f3 su parte con una despreciable nota en la que describi\u00f3 el Facebook del joven turco, con fotos suyas en la casa del Che en Altagracia (C\u00f3rdoba), del Cordobazo o con frases pol\u00edticas\u2026 Ninguna prueba de ning\u00fan delito, pero suficiente para este \u201cperiodismo independiente\u201d.<\/p>\n<p>Los dos venezolanos fueron detenidos al \u201cvoleo\u201d a veintid\u00f3s cuadras del Congreso, el paraguayo fue apresado tambi\u00e9n arbitrariamente y el turco estaba yendo a realizar tr\u00e1mites en su embajada. Ninguno tiene antecedentes. Pero el gobierno ya los pretende deportar en un \u201cjuicio sumar\u00edsimo\u201d. Ante tanta ostentaci\u00f3n de republicanismo, el Centro de Estudios Legales y Sociales (CELS) aclar\u00f3 que: \u201cLa ley de migraciones proh\u00edbe la expulsi\u00f3n inmediata. Ni siquiera en el DNU [70\/17], declarado inconstitucional, una detenci\u00f3n es causal de expulsi\u00f3n. En este caso, no existe una decisi\u00f3n judicial firme que habilite el inicio de un tr\u00e1mite de expulsi\u00f3n\u201d.<\/p>\n<!-- AddThis Advanced Settings generic via filter on the_content --><!-- AddThis Share Buttons generic via filter on the_content -->","protected":false},"excerpt":{"rendered":"<p>Tras el operativo represivo montado contra la masiva manifestaci\u00f3n que repudi\u00f3 el tratamiento del Presupuesto 2019 en Diputados, el propio presidente y todo el arco del macrismo reforz\u00f3 su campa\u00f1a contra los inmigrantes. Rogelio Frigerio dio la se\u00f1al de largada cuando afirm\u00f3 que deportar\u00edan \u201clo antes posible\u201d a los extranjeros detenidos esa jornada (25\/10). El [&hellip;]<!-- AddThis Advanced Settings generic via filter on get_the_excerpt --><!-- AddThis Share Buttons generic via filter on get_the_excerpt --><\/p>\n","protected":false},"author":5,"featured_media":12666,"comment_status":"open","ping_status":"open","sticky":false,"template":"","format":"standard","meta":{"_jetpack_memberships_contains_paid_content":false,"footnotes":""},"categories":[1699],"tags":[520,1255,871],"class_list":{"0":"post-12665","1":"post","2":"type-post","3":"status-publish","4":"format-standard","5":"has-post-thumbnail","7":"category-noticias","8":"tag-destacado-2","9":"tag-vxl-131","10":"tag-xenofobia"},"yoast_head":"<!-- This site is optimized with the Yoast SEO plugin v27.4 - https:\/\/yoast.com\/product\/yoast-seo-wordpress\/ -->\n<title>Los nost\u00e1lgicos de la Ley de Residencia - Vamos por la Liberaci\u00f3n<\/title>\n<meta name=\"robots\" content=\"index, follow, max-snippet:-1, max-image-preview:large, max-video-preview:-1\" \/>\n<link rel=\"canonical\" href=\"https:\/\/vamosporlaliberacion.org\/crpmlm\/los-nostalgicos-de-la-ley-de-residencia\/\" \/>\n<meta name=\"twitter:label1\" content=\"Escrito por\" \/>\n\t<meta name=\"twitter:data1\" content=\"\" \/>\n\t<meta name=\"twitter:label2\" content=\"Tiempo de lectura\" \/>\n\t<meta name=\"twitter:data2\" content=\"6 minutos\" \/>\n<script type=\"application\/ld+json\" class=\"yoast-schema-graph\">{\"@context\":\"https:\\\/\\\/schema.org\",\"@graph\":[{\"@type\":\"Article\",\"@id\":\"https:\\\/\\\/vamosporlaliberacion.org\\\/crpmlm\\\/los-nostalgicos-de-la-ley-de-residencia\\\/#article\",\"isPartOf\":{\"@id\":\"https:\\\/\\\/vamosporlaliberacion.org\\\/crpmlm\\\/los-nostalgicos-de-la-ley-de-residencia\\\/\"},\"author\":{\"name\":\"\",\"@id\":\"\"},\"headline\":\"Los nost\u00e1lgicos de la Ley de Residencia\",\"datePublished\":\"2018-11-08T23:44:11+00:00\",\"mainEntityOfPage\":{\"@id\":\"https:\\\/\\\/vamosporlaliberacion.org\\\/crpmlm\\\/los-nostalgicos-de-la-ley-de-residencia\\\/\"},\"wordCount\":1148,\"commentCount\":0,\"image\":{\"@id\":\"https:\\\/\\\/vamosporlaliberacion.org\\\/crpmlm\\\/los-nostalgicos-de-la-ley-de-residencia\\\/#primaryimage\"},\"thumbnailUrl\":\"https:\\\/\\\/i0.wp.com\\\/vamosporlaliberacion.org\\\/crpmlm\\\/wp-content\\\/uploads\\\/2018\\\/11\\\/inmigrantes.jpg?fit=490%2C370&ssl=1\",\"keywords\":[\"destacado 2\",\"vxl 131\",\"xen\u00f3fobia\"],\"articleSection\":[\"Noticias\"],\"inLanguage\":\"es\",\"potentialAction\":[{\"@type\":\"CommentAction\",\"name\":\"Comment\",\"target\":[\"https:\\\/\\\/vamosporlaliberacion.org\\\/crpmlm\\\/los-nostalgicos-de-la-ley-de-residencia\\\/#respond\"]}]},{\"@type\":\"WebPage\",\"@id\":\"https:\\\/\\\/vamosporlaliberacion.org\\\/crpmlm\\\/los-nostalgicos-de-la-ley-de-residencia\\\/\",\"url\":\"https:\\\/\\\/vamosporlaliberacion.org\\\/crpmlm\\\/los-nostalgicos-de-la-ley-de-residencia\\\/\",\"name\":\"Los nost\u00e1lgicos de la Ley de Residencia - Vamos por la Liberaci\u00f3n\",\"isPartOf\":{\"@id\":\"https:\\\/\\\/vamosporlaliberacion.org\\\/crpmlm\\\/#website\"},\"primaryImageOfPage\":{\"@id\":\"https:\\\/\\\/vamosporlaliberacion.org\\\/crpmlm\\\/los-nostalgicos-de-la-ley-de-residencia\\\/#primaryimage\"},\"image\":{\"@id\":\"https:\\\/\\\/vamosporlaliberacion.org\\\/crpmlm\\\/los-nostalgicos-de-la-ley-de-residencia\\\/#primaryimage\"},\"thumbnailUrl\":\"https:\\\/\\\/i0.wp.com\\\/vamosporlaliberacion.org\\\/crpmlm\\\/wp-content\\\/uploads\\\/2018\\\/11\\\/inmigrantes.jpg?fit=490%2C370&ssl=1\",\"datePublished\":\"2018-11-08T23:44:11+00:00\",\"author\":{\"@id\":\"\"},\"breadcrumb\":{\"@id\":\"https:\\\/\\\/vamosporlaliberacion.org\\\/crpmlm\\\/los-nostalgicos-de-la-ley-de-residencia\\\/#breadcrumb\"},\"inLanguage\":\"es\",\"potentialAction\":[{\"@type\":\"ReadAction\",\"target\":[\"https:\\\/\\\/vamosporlaliberacion.org\\\/crpmlm\\\/los-nostalgicos-de-la-ley-de-residencia\\\/\"]}]},{\"@type\":\"ImageObject\",\"inLanguage\":\"es\",\"@id\":\"https:\\\/\\\/vamosporlaliberacion.org\\\/crpmlm\\\/los-nostalgicos-de-la-ley-de-residencia\\\/#primaryimage\",\"url\":\"https:\\\/\\\/i0.wp.com\\\/vamosporlaliberacion.org\\\/crpmlm\\\/wp-content\\\/uploads\\\/2018\\\/11\\\/inmigrantes.jpg?fit=490%2C370&ssl=1\",\"contentUrl\":\"https:\\\/\\\/i0.wp.com\\\/vamosporlaliberacion.org\\\/crpmlm\\\/wp-content\\\/uploads\\\/2018\\\/11\\\/inmigrantes.jpg?fit=490%2C370&ssl=1\",\"width\":490,\"height\":370},{\"@type\":\"BreadcrumbList\",\"@id\":\"https:\\\/\\\/vamosporlaliberacion.org\\\/crpmlm\\\/los-nostalgicos-de-la-ley-de-residencia\\\/#breadcrumb\",\"itemListElement\":[{\"@type\":\"ListItem\",\"position\":1,\"name\":\"Portada\",\"item\":\"https:\\\/\\\/vamosporlaliberacion.org\\\/crpmlm\\\/\"},{\"@type\":\"ListItem\",\"position\":2,\"name\":\"Los nost\u00e1lgicos de la Ley de Residencia\"}]},{\"@type\":\"WebSite\",\"@id\":\"https:\\\/\\\/vamosporlaliberacion.org\\\/crpmlm\\\/#website\",\"url\":\"https:\\\/\\\/vamosporlaliberacion.org\\\/crpmlm\\\/\",\"name\":\"Vamos por la Liberaci\u00f3n\",\"description\":\"Prensa CR\",\"potentialAction\":[{\"@type\":\"SearchAction\",\"target\":{\"@type\":\"EntryPoint\",\"urlTemplate\":\"https:\\\/\\\/vamosporlaliberacion.org\\\/crpmlm\\\/?s={search_term_string}\"},\"query-input\":{\"@type\":\"PropertyValueSpecification\",\"valueRequired\":true,\"valueName\":\"search_term_string\"}}],\"inLanguage\":\"es\"},{\"@type\":\"Person\",\"@id\":\"\",\"url\":\"http:\\\/\\\/vamosporlaliberacion.org\\\/crpmlm\\\/author\\\/\"}]}<\/script>\n<!-- \/ Yoast SEO plugin. -->","yoast_head_json":{"title":"Los nost\u00e1lgicos de la Ley de Residencia - Vamos por la Liberaci\u00f3n","robots":{"index":"index","follow":"follow","max-snippet":"max-snippet:-1","max-image-preview":"max-image-preview:large","max-video-preview":"max-video-preview:-1"},"canonical":"https:\/\/vamosporlaliberacion.org\/crpmlm\/los-nostalgicos-de-la-ley-de-residencia\/","twitter_misc":{"Escrito por":"","Tiempo de lectura":"6 minutos"},"schema":{"@context":"https:\/\/schema.org","@graph":[{"@type":"Article","@id":"https:\/\/vamosporlaliberacion.org\/crpmlm\/los-nostalgicos-de-la-ley-de-residencia\/#article","isPartOf":{"@id":"https:\/\/vamosporlaliberacion.org\/crpmlm\/los-nostalgicos-de-la-ley-de-residencia\/"},"author":{"name":"","@id":""},"headline":"Los nost\u00e1lgicos de la Ley de Residencia","datePublished":"2018-11-08T23:44:11+00:00","mainEntityOfPage":{"@id":"https:\/\/vamosporlaliberacion.org\/crpmlm\/los-nostalgicos-de-la-ley-de-residencia\/"},"wordCount":1148,"commentCount":0,"image":{"@id":"https:\/\/vamosporlaliberacion.org\/crpmlm\/los-nostalgicos-de-la-ley-de-residencia\/#primaryimage"},"thumbnailUrl":"https:\/\/i0.wp.com\/vamosporlaliberacion.org\/crpmlm\/wp-content\/uploads\/2018\/11\/inmigrantes.jpg?fit=490%2C370&ssl=1","keywords":["destacado 2","vxl 131","xen\u00f3fobia"],"articleSection":["Noticias"],"inLanguage":"es","potentialAction":[{"@type":"CommentAction","name":"Comment","target":["https:\/\/vamosporlaliberacion.org\/crpmlm\/los-nostalgicos-de-la-ley-de-residencia\/#respond"]}]},{"@type":"WebPage","@id":"https:\/\/vamosporlaliberacion.org\/crpmlm\/los-nostalgicos-de-la-ley-de-residencia\/","url":"https:\/\/vamosporlaliberacion.org\/crpmlm\/los-nostalgicos-de-la-ley-de-residencia\/","name":"Los nost\u00e1lgicos de la Ley de Residencia - Vamos por la Liberaci\u00f3n","isPartOf":{"@id":"https:\/\/vamosporlaliberacion.org\/crpmlm\/#website"},"primaryImageOfPage":{"@id":"https:\/\/vamosporlaliberacion.org\/crpmlm\/los-nostalgicos-de-la-ley-de-residencia\/#primaryimage"},"image":{"@id":"https:\/\/vamosporlaliberacion.org\/crpmlm\/los-nostalgicos-de-la-ley-de-residencia\/#primaryimage"},"thumbnailUrl":"https:\/\/i0.wp.com\/vamosporlaliberacion.org\/crpmlm\/wp-content\/uploads\/2018\/11\/inmigrantes.jpg?fit=490%2C370&ssl=1","datePublished":"2018-11-08T23:44:11+00:00","author":{"@id":""},"breadcrumb":{"@id":"https:\/\/vamosporlaliberacion.org\/crpmlm\/los-nostalgicos-de-la-ley-de-residencia\/#breadcrumb"},"inLanguage":"es","potentialAction":[{"@type":"ReadAction","target":["https:\/\/vamosporlaliberacion.org\/crpmlm\/los-nostalgicos-de-la-ley-de-residencia\/"]}]},{"@type":"ImageObject","inLanguage":"es","@id":"https:\/\/vamosporlaliberacion.org\/crpmlm\/los-nostalgicos-de-la-ley-de-residencia\/#primaryimage","url":"https:\/\/i0.wp.com\/vamosporlaliberacion.org\/crpmlm\/wp-content\/uploads\/2018\/11\/inmigrantes.jpg?fit=490%2C370&ssl=1","contentUrl":"https:\/\/i0.wp.com\/vamosporlaliberacion.org\/crpmlm\/wp-content\/uploads\/2018\/11\/inmigrantes.jpg?fit=490%2C370&ssl=1","width":490,"height":370},{"@type":"BreadcrumbList","@id":"https:\/\/vamosporlaliberacion.org\/crpmlm\/los-nostalgicos-de-la-ley-de-residencia\/#breadcrumb","itemListElement":[{"@type":"ListItem","position":1,"name":"Portada","item":"https:\/\/vamosporlaliberacion.org\/crpmlm\/"},{"@type":"ListItem","position":2,"name":"Los nost\u00e1lgicos de la Ley de Residencia"}]},{"@type":"WebSite","@id":"https:\/\/vamosporlaliberacion.org\/crpmlm\/#website","url":"https:\/\/vamosporlaliberacion.org\/crpmlm\/","name":"Vamos por la Liberaci\u00f3n","description":"Prensa CR","potentialAction":[{"@type":"SearchAction","target":{"@type":"EntryPoint","urlTemplate":"https:\/\/vamosporlaliberacion.org\/crpmlm\/?s={search_term_string}"},"query-input":{"@type":"PropertyValueSpecification","valueRequired":true,"valueName":"search_term_string"}}],"inLanguage":"es"},{"@type":"Person","@id":"","url":"http:\/\/vamosporlaliberacion.org\/crpmlm\/author\/"}]}},"jetpack_featured_media_url":"https:\/\/i0.wp.com\/vamosporlaliberacion.org\/crpmlm\/wp-content\/uploads\/2018\/11\/inmigrantes.jpg?fit=490%2C370&ssl=1","jetpack_sharing_enabled":true,"_links":{"self":[{"href":"http:\/\/vamosporlaliberacion.org\/crpmlm\/wp-json\/wp\/v2\/posts\/12665","targetHints":{"allow":["GET"]}}],"collection":[{"href":"http:\/\/vamosporlaliberacion.org\/crpmlm\/wp-json\/wp\/v2\/posts"}],"about":[{"href":"http:\/\/vamosporlaliberacion.org\/crpmlm\/wp-json\/wp\/v2\/types\/post"}],"author":[{"embeddable":true,"href":"http:\/\/vamosporlaliberacion.org\/crpmlm\/wp-json\/wp\/v2\/users\/5"}],"replies":[{"embeddable":true,"href":"http:\/\/vamosporlaliberacion.org\/crpmlm\/wp-json\/wp\/v2\/comments?post=12665"}],"version-history":[{"count":0,"href":"http:\/\/vamosporlaliberacion.org\/crpmlm\/wp-json\/wp\/v2\/posts\/12665\/revisions"}],"wp:featuredmedia":[{"embeddable":true,"href":"http:\/\/vamosporlaliberacion.org\/crpmlm\/wp-json\/wp\/v2\/media\/12666"}],"wp:attachment":[{"href":"http:\/\/vamosporlaliberacion.org\/crpmlm\/wp-json\/wp\/v2\/media?parent=12665"}],"wp:term":[{"taxonomy":"category","embeddable":true,"href":"http:\/\/vamosporlaliberacion.org\/crpmlm\/wp-json\/wp\/v2\/categories?post=12665"},{"taxonomy":"post_tag","embeddable":true,"href":"http:\/\/vamosporlaliberacion.org\/crpmlm\/wp-json\/wp\/v2\/tags?post=12665"}],"curies":[{"name":"wp","href":"https:\/\/api.w.org\/{rel}","templated":true}]}}