{"id":12580,"date":"2018-10-25T17:19:34","date_gmt":"2018-10-25T20:19:34","guid":{"rendered":"http:\/\/vamosporlaliberacion.org\/crpmlm\/?p=12580"},"modified":"2018-10-25T17:20:37","modified_gmt":"2018-10-25T20:20:37","slug":"presupuesto-2019-en-todo-el-pais-contra-el-ajuste","status":"publish","type":"post","link":"http:\/\/vamosporlaliberacion.org\/crpmlm\/presupuesto-2019-en-todo-el-pais-contra-el-ajuste\/","title":{"rendered":"Presupuesto 2019: en todo el pa\u00eds contra el ajuste"},"content":{"rendered":"<p>La jornada comenz\u00f3 con una vigilia. Luego, desde temprano, se fueron sumando m\u00e1s columnas. Sindicatos, movimientos sociales, partidos pol\u00edticos. La gran movilizaci\u00f3n se esparci\u00f3 por la Plaza Congreso y tambi\u00e9n por todo el pa\u00eds. Las CTA\u2019s hab\u00edan convocado paro, con peso en los docentes y estatales. Lo mismo hizo La Bancaria. ATE moviliz\u00f3 una importante columna. Tambi\u00e9n convocaron a movilizar desde FreSiMoNa como as\u00ed tambi\u00e9n el autodenominado tr\u00edo Cayetano (CTEO, Barrios de Pie, CCC).<\/p>\n<p>\u201cExcepto parte del triunviro de la CGT, est\u00e1 todo el arco sindical en la calle contra este presupuesto\u201d, expres\u00f3 Pablo Micheli, secretario general de CTA Aut\u00f3noma. Ambas CTA\u2019s movilizaron unificadas por Av. de Mayo. All\u00ed estuvo tambi\u00e9n la Corriente Clasista Ren\u00e9 Salamanca.<\/p>\n<p>Se realizaron tambi\u00e9n movilizaciones en todo el pa\u00eds. En C\u00f3rdoba la movilizaci\u00f3n tambi\u00e9n fue masiva. El acto se realiz\u00f3 en pleno centro, en Av. San Juan y V\u00e9lez Sarsfield.<br \/>\nLamentablemente, tal como se hab\u00eda anticipado, el gobierno logr\u00f3 un ajustado qu\u00f3rum. Al cierre de esta edici\u00f3n, se preve\u00eda entonces que el gobierno iba a lograr su media sanci\u00f3n. Hubo quienes dieron su apoyo al Presupuesto aunque dicen no acordar el pacto con el FMI. Argumentaron que es mejor esta ley que dejarlo librado a la firma del Jefe de Gabinete, ya que regir\u00eda el Presupuesto anterior pero sin actualizaci\u00f3n por el 45% de inflaci\u00f3n estimada para este a\u00f1o. Esto en parte muestra la extorsi\u00f3n con que juega el gobierno, m\u00e1s all\u00e1 de que deben analizarse las diversas variantes que podr\u00edan abrirse con la postergaci\u00f3n o no aprobaci\u00f3n del proyecto enviado. Pero, centralmente, estos c\u00f3mplices del ajuste se muestran intentando instalar una ilusi\u00f3n de que se puede tener un pa\u00eds tranquilo ante semejante entrega y a pesar de sus consecuencias sociales. En verdad, lo que realmente est\u00e1 en juego es qu\u00e9 consenso pol\u00edtico tendr\u00e1 el gobierno para aplicar el ajuste que ya acord\u00f3 con el FMI.<\/p>\n<p>\u201cOjal\u00e1 podamos coincidir en el paro nacional de 36 horas el d\u00eda que traten el presupuesto en el senado\u201d, agreg\u00f3 Micheli en relaci\u00f3n a todas las organizaciones que se movilizaron durante la jornada.<\/p>\n<h2>Otra vez represi\u00f3n<\/h2>\n<p>Si hay ajuste no pod\u00eda dejar de haber represi\u00f3n. Movilizaci\u00f3n masiva. Trifulcas, gases y piedras. Desalojo de la Plaza y detenciones. La Polic\u00eda en seguida hizo correr que encontraron combustible y todo tipo de elementos para una confrontaci\u00f3n preparada. Pero lo cierto es que salieron a la caza de m\u00e1s de 30 manifestantes que simplemente se estaban alejando del lugar. Entre ellos Ignacio Levy y al menos otros tres integrantes de La Poderosa, la secretaria gremial de Suteba Ensenada Vanesa Martino, tres trabajadores de Astillero R\u00edo Santiago, uno de T\u00e9lam.<\/p>\n<p>Diversos relatos cuentan que simplemente fueron detenidos por agentes, ni siquiera en Congreso sino por la 9 de Julio y los alrededores. Sin motivo aparente. Como ya han hecho en tantas movilizaciones bajo las \u00f3rdenes de Patricia Bullrich.<\/p>\n<p>El mensaje que intent\u00f3 dar el gobierno con su Polic\u00eda es: el que lucha va preso. Y lo hizo con sa\u00f1a a determinadas organizaciones. Pero los trabajadores y el pueblo dieron un mensaje m\u00e1s fuerte: si hay ajuste, habr\u00e1 m\u00e1s lucha.<\/p>\n<!-- AddThis Advanced Settings generic via filter on the_content --><!-- AddThis Share Buttons generic via filter on the_content -->","protected":false},"excerpt":{"rendered":"<p>La jornada comenz\u00f3 con una vigilia. Luego, desde temprano, se fueron sumando m\u00e1s columnas. Sindicatos, movimientos sociales, partidos pol\u00edticos. La gran movilizaci\u00f3n se esparci\u00f3 por la Plaza Congreso y tambi\u00e9n por todo el pa\u00eds. Las CTA\u2019s hab\u00edan convocado paro, con peso en los docentes y estatales. Lo mismo hizo La Bancaria. ATE moviliz\u00f3 una importante [&hellip;]<!-- AddThis Advanced Settings generic via filter on get_the_excerpt --><!-- AddThis Share Buttons generic via filter on get_the_excerpt --><\/p>\n","protected":false},"author":5,"featured_media":12581,"comment_status":"open","ping_status":"open","sticky":false,"template":"","format":"standard","meta":{"_jetpack_memberships_contains_paid_content":false,"footnotes":""},"categories":[1699],"tags":[521,1237,1248],"class_list":{"0":"post-12580","1":"post","2":"type-post","3":"status-publish","4":"format-standard","5":"has-post-thumbnail","7":"category-noticias","8":"tag-destacado-1","9":"tag-presupuesto-2019","10":"tag-vxl-130"},"yoast_head":"<!-- This site is optimized with the Yoast SEO plugin v27.4 - https:\/\/yoast.com\/product\/yoast-seo-wordpress\/ -->\n<title>Presupuesto 2019: en todo el pa\u00eds contra el ajuste - Vamos por la Liberaci\u00f3n<\/title>\n<meta name=\"robots\" content=\"index, follow, max-snippet:-1, max-image-preview:large, max-video-preview:-1\" \/>\n<link rel=\"canonical\" href=\"https:\/\/vamosporlaliberacion.org\/crpmlm\/presupuesto-2019-en-todo-el-pais-contra-el-ajuste\/\" \/>\n<meta name=\"twitter:label1\" content=\"Escrito por\" \/>\n\t<meta name=\"twitter:data1\" content=\"\" \/>\n\t<meta name=\"twitter:label2\" content=\"Tiempo de lectura\" \/>\n\t<meta name=\"twitter:data2\" content=\"3 minutos\" \/>\n<script type=\"application\/ld+json\" class=\"yoast-schema-graph\">{\"@context\":\"https:\\\/\\\/schema.org\",\"@graph\":[{\"@type\":\"Article\",\"@id\":\"https:\\\/\\\/vamosporlaliberacion.org\\\/crpmlm\\\/presupuesto-2019-en-todo-el-pais-contra-el-ajuste\\\/#article\",\"isPartOf\":{\"@id\":\"https:\\\/\\\/vamosporlaliberacion.org\\\/crpmlm\\\/presupuesto-2019-en-todo-el-pais-contra-el-ajuste\\\/\"},\"author\":{\"name\":\"\",\"@id\":\"\"},\"headline\":\"Presupuesto 2019: en todo el pa\u00eds contra el ajuste\",\"datePublished\":\"2018-10-25T20:19:34+00:00\",\"dateModified\":\"2018-10-25T20:20:37+00:00\",\"mainEntityOfPage\":{\"@id\":\"https:\\\/\\\/vamosporlaliberacion.org\\\/crpmlm\\\/presupuesto-2019-en-todo-el-pais-contra-el-ajuste\\\/\"},\"wordCount\":573,\"commentCount\":0,\"image\":{\"@id\":\"https:\\\/\\\/vamosporlaliberacion.org\\\/crpmlm\\\/presupuesto-2019-en-todo-el-pais-contra-el-ajuste\\\/#primaryimage\"},\"thumbnailUrl\":\"https:\\\/\\\/i0.wp.com\\\/vamosporlaliberacion.org\\\/crpmlm\\\/wp-content\\\/uploads\\\/2018\\\/10\\\/WhatsApp-Image-2018-10-24-at-5.34.32-PM.jpeg?fit=1280%2C622&ssl=1\",\"keywords\":[\"destacado 1\",\"Presupuesto 2019\",\"vxl 130\"],\"articleSection\":[\"Noticias\"],\"inLanguage\":\"es\",\"potentialAction\":[{\"@type\":\"CommentAction\",\"name\":\"Comment\",\"target\":[\"https:\\\/\\\/vamosporlaliberacion.org\\\/crpmlm\\\/presupuesto-2019-en-todo-el-pais-contra-el-ajuste\\\/#respond\"]}]},{\"@type\":\"WebPage\",\"@id\":\"https:\\\/\\\/vamosporlaliberacion.org\\\/crpmlm\\\/presupuesto-2019-en-todo-el-pais-contra-el-ajuste\\\/\",\"url\":\"https:\\\/\\\/vamosporlaliberacion.org\\\/crpmlm\\\/presupuesto-2019-en-todo-el-pais-contra-el-ajuste\\\/\",\"name\":\"Presupuesto 2019: en todo el pa\u00eds contra el ajuste - Vamos por la Liberaci\u00f3n\",\"isPartOf\":{\"@id\":\"https:\\\/\\\/vamosporlaliberacion.org\\\/crpmlm\\\/#website\"},\"primaryImageOfPage\":{\"@id\":\"https:\\\/\\\/vamosporlaliberacion.org\\\/crpmlm\\\/presupuesto-2019-en-todo-el-pais-contra-el-ajuste\\\/#primaryimage\"},\"image\":{\"@id\":\"https:\\\/\\\/vamosporlaliberacion.org\\\/crpmlm\\\/presupuesto-2019-en-todo-el-pais-contra-el-ajuste\\\/#primaryimage\"},\"thumbnailUrl\":\"https:\\\/\\\/i0.wp.com\\\/vamosporlaliberacion.org\\\/crpmlm\\\/wp-content\\\/uploads\\\/2018\\\/10\\\/WhatsApp-Image-2018-10-24-at-5.34.32-PM.jpeg?fit=1280%2C622&ssl=1\",\"datePublished\":\"2018-10-25T20:19:34+00:00\",\"dateModified\":\"2018-10-25T20:20:37+00:00\",\"author\":{\"@id\":\"\"},\"breadcrumb\":{\"@id\":\"https:\\\/\\\/vamosporlaliberacion.org\\\/crpmlm\\\/presupuesto-2019-en-todo-el-pais-contra-el-ajuste\\\/#breadcrumb\"},\"inLanguage\":\"es\",\"potentialAction\":[{\"@type\":\"ReadAction\",\"target\":[\"https:\\\/\\\/vamosporlaliberacion.org\\\/crpmlm\\\/presupuesto-2019-en-todo-el-pais-contra-el-ajuste\\\/\"]}]},{\"@type\":\"ImageObject\",\"inLanguage\":\"es\",\"@id\":\"https:\\\/\\\/vamosporlaliberacion.org\\\/crpmlm\\\/presupuesto-2019-en-todo-el-pais-contra-el-ajuste\\\/#primaryimage\",\"url\":\"https:\\\/\\\/i0.wp.com\\\/vamosporlaliberacion.org\\\/crpmlm\\\/wp-content\\\/uploads\\\/2018\\\/10\\\/WhatsApp-Image-2018-10-24-at-5.34.32-PM.jpeg?fit=1280%2C622&ssl=1\",\"contentUrl\":\"https:\\\/\\\/i0.wp.com\\\/vamosporlaliberacion.org\\\/crpmlm\\\/wp-content\\\/uploads\\\/2018\\\/10\\\/WhatsApp-Image-2018-10-24-at-5.34.32-PM.jpeg?fit=1280%2C622&ssl=1\",\"width\":1280,\"height\":622},{\"@type\":\"BreadcrumbList\",\"@id\":\"https:\\\/\\\/vamosporlaliberacion.org\\\/crpmlm\\\/presupuesto-2019-en-todo-el-pais-contra-el-ajuste\\\/#breadcrumb\",\"itemListElement\":[{\"@type\":\"ListItem\",\"position\":1,\"name\":\"Portada\",\"item\":\"https:\\\/\\\/vamosporlaliberacion.org\\\/crpmlm\\\/\"},{\"@type\":\"ListItem\",\"position\":2,\"name\":\"Presupuesto 2019: en todo el pa\u00eds contra el ajuste\"}]},{\"@type\":\"WebSite\",\"@id\":\"https:\\\/\\\/vamosporlaliberacion.org\\\/crpmlm\\\/#website\",\"url\":\"https:\\\/\\\/vamosporlaliberacion.org\\\/crpmlm\\\/\",\"name\":\"Vamos por la Liberaci\u00f3n\",\"description\":\"Prensa CR\",\"potentialAction\":[{\"@type\":\"SearchAction\",\"target\":{\"@type\":\"EntryPoint\",\"urlTemplate\":\"https:\\\/\\\/vamosporlaliberacion.org\\\/crpmlm\\\/?s={search_term_string}\"},\"query-input\":{\"@type\":\"PropertyValueSpecification\",\"valueRequired\":true,\"valueName\":\"search_term_string\"}}],\"inLanguage\":\"es\"},{\"@type\":\"Person\",\"@id\":\"\",\"url\":\"http:\\\/\\\/vamosporlaliberacion.org\\\/crpmlm\\\/author\\\/\"}]}<\/script>\n<!-- \/ Yoast SEO plugin. -->","yoast_head_json":{"title":"Presupuesto 2019: en todo el pa\u00eds contra el ajuste - Vamos por la Liberaci\u00f3n","robots":{"index":"index","follow":"follow","max-snippet":"max-snippet:-1","max-image-preview":"max-image-preview:large","max-video-preview":"max-video-preview:-1"},"canonical":"https:\/\/vamosporlaliberacion.org\/crpmlm\/presupuesto-2019-en-todo-el-pais-contra-el-ajuste\/","twitter_misc":{"Escrito por":"","Tiempo de lectura":"3 minutos"},"schema":{"@context":"https:\/\/schema.org","@graph":[{"@type":"Article","@id":"https:\/\/vamosporlaliberacion.org\/crpmlm\/presupuesto-2019-en-todo-el-pais-contra-el-ajuste\/#article","isPartOf":{"@id":"https:\/\/vamosporlaliberacion.org\/crpmlm\/presupuesto-2019-en-todo-el-pais-contra-el-ajuste\/"},"author":{"name":"","@id":""},"headline":"Presupuesto 2019: en todo el pa\u00eds contra el ajuste","datePublished":"2018-10-25T20:19:34+00:00","dateModified":"2018-10-25T20:20:37+00:00","mainEntityOfPage":{"@id":"https:\/\/vamosporlaliberacion.org\/crpmlm\/presupuesto-2019-en-todo-el-pais-contra-el-ajuste\/"},"wordCount":573,"commentCount":0,"image":{"@id":"https:\/\/vamosporlaliberacion.org\/crpmlm\/presupuesto-2019-en-todo-el-pais-contra-el-ajuste\/#primaryimage"},"thumbnailUrl":"https:\/\/i0.wp.com\/vamosporlaliberacion.org\/crpmlm\/wp-content\/uploads\/2018\/10\/WhatsApp-Image-2018-10-24-at-5.34.32-PM.jpeg?fit=1280%2C622&ssl=1","keywords":["destacado 1","Presupuesto 2019","vxl 130"],"articleSection":["Noticias"],"inLanguage":"es","potentialAction":[{"@type":"CommentAction","name":"Comment","target":["https:\/\/vamosporlaliberacion.org\/crpmlm\/presupuesto-2019-en-todo-el-pais-contra-el-ajuste\/#respond"]}]},{"@type":"WebPage","@id":"https:\/\/vamosporlaliberacion.org\/crpmlm\/presupuesto-2019-en-todo-el-pais-contra-el-ajuste\/","url":"https:\/\/vamosporlaliberacion.org\/crpmlm\/presupuesto-2019-en-todo-el-pais-contra-el-ajuste\/","name":"Presupuesto 2019: en todo el pa\u00eds contra el ajuste - Vamos por la Liberaci\u00f3n","isPartOf":{"@id":"https:\/\/vamosporlaliberacion.org\/crpmlm\/#website"},"primaryImageOfPage":{"@id":"https:\/\/vamosporlaliberacion.org\/crpmlm\/presupuesto-2019-en-todo-el-pais-contra-el-ajuste\/#primaryimage"},"image":{"@id":"https:\/\/vamosporlaliberacion.org\/crpmlm\/presupuesto-2019-en-todo-el-pais-contra-el-ajuste\/#primaryimage"},"thumbnailUrl":"https:\/\/i0.wp.com\/vamosporlaliberacion.org\/crpmlm\/wp-content\/uploads\/2018\/10\/WhatsApp-Image-2018-10-24-at-5.34.32-PM.jpeg?fit=1280%2C622&ssl=1","datePublished":"2018-10-25T20:19:34+00:00","dateModified":"2018-10-25T20:20:37+00:00","author":{"@id":""},"breadcrumb":{"@id":"https:\/\/vamosporlaliberacion.org\/crpmlm\/presupuesto-2019-en-todo-el-pais-contra-el-ajuste\/#breadcrumb"},"inLanguage":"es","potentialAction":[{"@type":"ReadAction","target":["https:\/\/vamosporlaliberacion.org\/crpmlm\/presupuesto-2019-en-todo-el-pais-contra-el-ajuste\/"]}]},{"@type":"ImageObject","inLanguage":"es","@id":"https:\/\/vamosporlaliberacion.org\/crpmlm\/presupuesto-2019-en-todo-el-pais-contra-el-ajuste\/#primaryimage","url":"https:\/\/i0.wp.com\/vamosporlaliberacion.org\/crpmlm\/wp-content\/uploads\/2018\/10\/WhatsApp-Image-2018-10-24-at-5.34.32-PM.jpeg?fit=1280%2C622&ssl=1","contentUrl":"https:\/\/i0.wp.com\/vamosporlaliberacion.org\/crpmlm\/wp-content\/uploads\/2018\/10\/WhatsApp-Image-2018-10-24-at-5.34.32-PM.jpeg?fit=1280%2C622&ssl=1","width":1280,"height":622},{"@type":"BreadcrumbList","@id":"https:\/\/vamosporlaliberacion.org\/crpmlm\/presupuesto-2019-en-todo-el-pais-contra-el-ajuste\/#breadcrumb","itemListElement":[{"@type":"ListItem","position":1,"name":"Portada","item":"https:\/\/vamosporlaliberacion.org\/crpmlm\/"},{"@type":"ListItem","position":2,"name":"Presupuesto 2019: en todo el pa\u00eds contra el ajuste"}]},{"@type":"WebSite","@id":"https:\/\/vamosporlaliberacion.org\/crpmlm\/#website","url":"https:\/\/vamosporlaliberacion.org\/crpmlm\/","name":"Vamos por la Liberaci\u00f3n","description":"Prensa CR","potentialAction":[{"@type":"SearchAction","target":{"@type":"EntryPoint","urlTemplate":"https:\/\/vamosporlaliberacion.org\/crpmlm\/?s={search_term_string}"},"query-input":{"@type":"PropertyValueSpecification","valueRequired":true,"valueName":"search_term_string"}}],"inLanguage":"es"},{"@type":"Person","@id":"","url":"http:\/\/vamosporlaliberacion.org\/crpmlm\/author\/"}]}},"jetpack_featured_media_url":"https:\/\/i0.wp.com\/vamosporlaliberacion.org\/crpmlm\/wp-content\/uploads\/2018\/10\/WhatsApp-Image-2018-10-24-at-5.34.32-PM.jpeg?fit=1280%2C622&ssl=1","jetpack_sharing_enabled":true,"_links":{"self":[{"href":"http:\/\/vamosporlaliberacion.org\/crpmlm\/wp-json\/wp\/v2\/posts\/12580","targetHints":{"allow":["GET"]}}],"collection":[{"href":"http:\/\/vamosporlaliberacion.org\/crpmlm\/wp-json\/wp\/v2\/posts"}],"about":[{"href":"http:\/\/vamosporlaliberacion.org\/crpmlm\/wp-json\/wp\/v2\/types\/post"}],"author":[{"embeddable":true,"href":"http:\/\/vamosporlaliberacion.org\/crpmlm\/wp-json\/wp\/v2\/users\/5"}],"replies":[{"embeddable":true,"href":"http:\/\/vamosporlaliberacion.org\/crpmlm\/wp-json\/wp\/v2\/comments?post=12580"}],"version-history":[{"count":0,"href":"http:\/\/vamosporlaliberacion.org\/crpmlm\/wp-json\/wp\/v2\/posts\/12580\/revisions"}],"wp:featuredmedia":[{"embeddable":true,"href":"http:\/\/vamosporlaliberacion.org\/crpmlm\/wp-json\/wp\/v2\/media\/12581"}],"wp:attachment":[{"href":"http:\/\/vamosporlaliberacion.org\/crpmlm\/wp-json\/wp\/v2\/media?parent=12580"}],"wp:term":[{"taxonomy":"category","embeddable":true,"href":"http:\/\/vamosporlaliberacion.org\/crpmlm\/wp-json\/wp\/v2\/categories?post=12580"},{"taxonomy":"post_tag","embeddable":true,"href":"http:\/\/vamosporlaliberacion.org\/crpmlm\/wp-json\/wp\/v2\/tags?post=12580"}],"curies":[{"name":"wp","href":"https:\/\/api.w.org\/{rel}","templated":true}]}}