{"id":12576,"date":"2018-10-25T17:14:30","date_gmt":"2018-10-25T20:14:30","guid":{"rendered":"http:\/\/vamosporlaliberacion.org\/crpmlm\/?p=12576"},"modified":"2018-10-25T17:14:30","modified_gmt":"2018-10-25T20:14:30","slug":"caba-ollas-populares-contra-el-ajuste-y-el-hambre","status":"publish","type":"post","link":"http:\/\/vamosporlaliberacion.org\/crpmlm\/caba-ollas-populares-contra-el-ajuste-y-el-hambre\/","title":{"rendered":"CABA: Ollas populares contra el ajuste y el hambre"},"content":{"rendered":"<p>El pasado martes 16 de octubre, la Agrupaci\u00f3n Clasista Lucha y Trabajo, integrante de la Corriente Clasista Ren\u00e9 Salamanca, llev\u00f3 a cabo una jornada de ollas populares en la Ciudad de Buenos Aires. M\u00e1s de 1.000 compa\u00f1eros de distintos barrios (Los Pinos, Carrillo, Bajo Flores, La Esperanza, Lugano, Auxiliadora, Charr\u00faa, Barracas) se movilizaron para reclamar al Gobierno de Rodr\u00edguez Larreta trabajo, aumento de salarios y asistencia alimentaria.<\/p>\n<p>La iniciativa comenz\u00f3 por la ma\u00f1ana con la instalaci\u00f3n de tres ollas populares frente a las sedes del Ministerio de Desarrollo Humano y H\u00e1bitat de la Ciudad, las cuales fueron empapeladas con carteles escritos a mano con consignas como \u201cBasta de hambre\u201d, \u201cAnulaci\u00f3n del Pacto Ajuste con el FMI\u201d y \u201cTrabajo para las cooperativas\u201d. Tras esto, todos se concentraron frente a la sede del Ministerio de Entre R\u00edos y Pav\u00f3n, acompa\u00f1ados por la Agrupaci\u00f3n Villera Piquetera, donde se realiz\u00f3 un acto de cierre.<\/p>\n<p>La medida fue la continuaci\u00f3n de un plan de lucha que viene llevando adelante la CCRS desde el \u00faltimo paro general de 36 horas del 24 de septiembre, en donde presentaron ante el Ministerio un petitorio con una serie de reclamos. All\u00ed se consignaba: \u201cQuienes nos manifestamos a trav\u00e9s de la presente somos vecinos mayoritariamente del sur de la ciudad, trabajadores y trabajadoras que d\u00eda a d\u00eda se nos hace cada vez m\u00e1s dif\u00edcil poder satisfacer lo m\u00e1s b\u00e1sico en nuestras familias que es darles un plato de comida a nuestros hijos. Las pol\u00edticas de ajuste llevadas adelante desde el Gobierno nacional hacen que paguemos las consecuencias los que estamos en peores condiciones sociales\u201d. Y se reclam\u00f3, entre otras cosas, la reapertura del ingreso a nuevos convenios de trabajo para las cooperativas, un aumento de emergencia a los convenios vigentes y actualizaci\u00f3n de acuerdo a la inflaci\u00f3n, subsidios y aumento de raciones para los merenderos y comedores.<\/p>\n<p>Ante la falta de respuestas y soluciones es que se march\u00f3 a esta nueva movilizaci\u00f3n.<br \/>\nLa jornada de ollas populares mostr\u00f3 la voluntad de pelea que hay en los barrios, porque la situaci\u00f3n viene empeorando cada vez m\u00e1s. Como continuidad, se resolvi\u00f3 realizar una reuni\u00f3n con la direcci\u00f3n de CTA Aut\u00f3noma de Capital para coordinar los reclamos y la negociaci\u00f3n desde la Mesa Territorial de la Central en Capital. Dicha reuni\u00f3n se realiz\u00f3 el mi\u00e9rcoles 17 con Alejandro Gianni, Sec. Gral. de la CTA-A Capital, en donde se acord\u00f3 impulsar todos los reclamos conjuntamente desde la Mesa Territorial convocada a reunirse despu\u00e9s de la jornada del 24 contra el Presupuesto.<\/p>\n<!-- AddThis Advanced Settings generic via filter on the_content --><!-- AddThis Share Buttons generic via filter on the_content -->","protected":false},"excerpt":{"rendered":"<p>El pasado martes 16 de octubre, la Agrupaci\u00f3n Clasista Lucha y Trabajo, integrante de la Corriente Clasista Ren\u00e9 Salamanca, llev\u00f3 a cabo una jornada de ollas populares en la Ciudad de Buenos Aires. M\u00e1s de 1.000 compa\u00f1eros de distintos barrios (Los Pinos, Carrillo, Bajo Flores, La Esperanza, Lugano, Auxiliadora, Charr\u00faa, Barracas) se movilizaron para reclamar [&hellip;]<!-- AddThis Advanced Settings generic via filter on get_the_excerpt --><!-- AddThis Share Buttons generic via filter on get_the_excerpt --><\/p>\n","protected":false},"author":5,"featured_media":12578,"comment_status":"open","ping_status":"open","sticky":false,"template":"","format":"standard","meta":{"_jetpack_memberships_contains_paid_content":false,"footnotes":""},"categories":[1699],"tags":[45,71,521,1248],"class_list":{"0":"post-12576","1":"post","2":"type-post","3":"status-publish","4":"format-standard","5":"has-post-thumbnail","7":"category-noticias","8":"tag-caba","9":"tag-corriente-clasista-rene-salamanca","10":"tag-destacado-1","11":"tag-vxl-130"},"yoast_head":"<!-- This site is optimized with the Yoast SEO plugin v27.4 - https:\/\/yoast.com\/product\/yoast-seo-wordpress\/ -->\n<title>CABA: Ollas populares contra el ajuste y el hambre - Vamos por la Liberaci\u00f3n<\/title>\n<meta name=\"robots\" content=\"index, follow, max-snippet:-1, max-image-preview:large, max-video-preview:-1\" \/>\n<link rel=\"canonical\" href=\"https:\/\/vamosporlaliberacion.org\/crpmlm\/caba-ollas-populares-contra-el-ajuste-y-el-hambre\/\" \/>\n<meta name=\"twitter:label1\" content=\"Escrito por\" \/>\n\t<meta name=\"twitter:data1\" content=\"\" \/>\n\t<meta name=\"twitter:label2\" content=\"Tiempo de lectura\" \/>\n\t<meta name=\"twitter:data2\" content=\"2 minutos\" \/>\n<script type=\"application\/ld+json\" class=\"yoast-schema-graph\">{\"@context\":\"https:\\\/\\\/schema.org\",\"@graph\":[{\"@type\":\"Article\",\"@id\":\"https:\\\/\\\/vamosporlaliberacion.org\\\/crpmlm\\\/caba-ollas-populares-contra-el-ajuste-y-el-hambre\\\/#article\",\"isPartOf\":{\"@id\":\"https:\\\/\\\/vamosporlaliberacion.org\\\/crpmlm\\\/caba-ollas-populares-contra-el-ajuste-y-el-hambre\\\/\"},\"author\":{\"name\":\"\",\"@id\":\"\"},\"headline\":\"CABA: Ollas populares contra el ajuste y el hambre\",\"datePublished\":\"2018-10-25T20:14:30+00:00\",\"mainEntityOfPage\":{\"@id\":\"https:\\\/\\\/vamosporlaliberacion.org\\\/crpmlm\\\/caba-ollas-populares-contra-el-ajuste-y-el-hambre\\\/\"},\"wordCount\":454,\"commentCount\":0,\"image\":{\"@id\":\"https:\\\/\\\/vamosporlaliberacion.org\\\/crpmlm\\\/caba-ollas-populares-contra-el-ajuste-y-el-hambre\\\/#primaryimage\"},\"thumbnailUrl\":\"https:\\\/\\\/i0.wp.com\\\/vamosporlaliberacion.org\\\/crpmlm\\\/wp-content\\\/uploads\\\/2018\\\/10\\\/DSC07570.jpg?fit=700%2C525&ssl=1\",\"keywords\":[\"CABA\",\"Corriente Clasista Ren\u00e9 Salamanca\",\"destacado 1\",\"vxl 130\"],\"articleSection\":[\"Noticias\"],\"inLanguage\":\"es\",\"potentialAction\":[{\"@type\":\"CommentAction\",\"name\":\"Comment\",\"target\":[\"https:\\\/\\\/vamosporlaliberacion.org\\\/crpmlm\\\/caba-ollas-populares-contra-el-ajuste-y-el-hambre\\\/#respond\"]}]},{\"@type\":\"WebPage\",\"@id\":\"https:\\\/\\\/vamosporlaliberacion.org\\\/crpmlm\\\/caba-ollas-populares-contra-el-ajuste-y-el-hambre\\\/\",\"url\":\"https:\\\/\\\/vamosporlaliberacion.org\\\/crpmlm\\\/caba-ollas-populares-contra-el-ajuste-y-el-hambre\\\/\",\"name\":\"CABA: Ollas populares contra el ajuste y el hambre - Vamos por la Liberaci\u00f3n\",\"isPartOf\":{\"@id\":\"https:\\\/\\\/vamosporlaliberacion.org\\\/crpmlm\\\/#website\"},\"primaryImageOfPage\":{\"@id\":\"https:\\\/\\\/vamosporlaliberacion.org\\\/crpmlm\\\/caba-ollas-populares-contra-el-ajuste-y-el-hambre\\\/#primaryimage\"},\"image\":{\"@id\":\"https:\\\/\\\/vamosporlaliberacion.org\\\/crpmlm\\\/caba-ollas-populares-contra-el-ajuste-y-el-hambre\\\/#primaryimage\"},\"thumbnailUrl\":\"https:\\\/\\\/i0.wp.com\\\/vamosporlaliberacion.org\\\/crpmlm\\\/wp-content\\\/uploads\\\/2018\\\/10\\\/DSC07570.jpg?fit=700%2C525&ssl=1\",\"datePublished\":\"2018-10-25T20:14:30+00:00\",\"author\":{\"@id\":\"\"},\"breadcrumb\":{\"@id\":\"https:\\\/\\\/vamosporlaliberacion.org\\\/crpmlm\\\/caba-ollas-populares-contra-el-ajuste-y-el-hambre\\\/#breadcrumb\"},\"inLanguage\":\"es\",\"potentialAction\":[{\"@type\":\"ReadAction\",\"target\":[\"https:\\\/\\\/vamosporlaliberacion.org\\\/crpmlm\\\/caba-ollas-populares-contra-el-ajuste-y-el-hambre\\\/\"]}]},{\"@type\":\"ImageObject\",\"inLanguage\":\"es\",\"@id\":\"https:\\\/\\\/vamosporlaliberacion.org\\\/crpmlm\\\/caba-ollas-populares-contra-el-ajuste-y-el-hambre\\\/#primaryimage\",\"url\":\"https:\\\/\\\/i0.wp.com\\\/vamosporlaliberacion.org\\\/crpmlm\\\/wp-content\\\/uploads\\\/2018\\\/10\\\/DSC07570.jpg?fit=700%2C525&ssl=1\",\"contentUrl\":\"https:\\\/\\\/i0.wp.com\\\/vamosporlaliberacion.org\\\/crpmlm\\\/wp-content\\\/uploads\\\/2018\\\/10\\\/DSC07570.jpg?fit=700%2C525&ssl=1\",\"width\":700,\"height\":525},{\"@type\":\"BreadcrumbList\",\"@id\":\"https:\\\/\\\/vamosporlaliberacion.org\\\/crpmlm\\\/caba-ollas-populares-contra-el-ajuste-y-el-hambre\\\/#breadcrumb\",\"itemListElement\":[{\"@type\":\"ListItem\",\"position\":1,\"name\":\"Portada\",\"item\":\"https:\\\/\\\/vamosporlaliberacion.org\\\/crpmlm\\\/\"},{\"@type\":\"ListItem\",\"position\":2,\"name\":\"CABA: Ollas populares contra el ajuste y el hambre\"}]},{\"@type\":\"WebSite\",\"@id\":\"https:\\\/\\\/vamosporlaliberacion.org\\\/crpmlm\\\/#website\",\"url\":\"https:\\\/\\\/vamosporlaliberacion.org\\\/crpmlm\\\/\",\"name\":\"Vamos por la Liberaci\u00f3n\",\"description\":\"Prensa CR\",\"potentialAction\":[{\"@type\":\"SearchAction\",\"target\":{\"@type\":\"EntryPoint\",\"urlTemplate\":\"https:\\\/\\\/vamosporlaliberacion.org\\\/crpmlm\\\/?s={search_term_string}\"},\"query-input\":{\"@type\":\"PropertyValueSpecification\",\"valueRequired\":true,\"valueName\":\"search_term_string\"}}],\"inLanguage\":\"es\"},{\"@type\":\"Person\",\"@id\":\"\",\"url\":\"http:\\\/\\\/vamosporlaliberacion.org\\\/crpmlm\\\/author\\\/\"}]}<\/script>\n<!-- \/ Yoast SEO plugin. -->","yoast_head_json":{"title":"CABA: Ollas populares contra el ajuste y el hambre - Vamos por la Liberaci\u00f3n","robots":{"index":"index","follow":"follow","max-snippet":"max-snippet:-1","max-image-preview":"max-image-preview:large","max-video-preview":"max-video-preview:-1"},"canonical":"https:\/\/vamosporlaliberacion.org\/crpmlm\/caba-ollas-populares-contra-el-ajuste-y-el-hambre\/","twitter_misc":{"Escrito por":"","Tiempo de lectura":"2 minutos"},"schema":{"@context":"https:\/\/schema.org","@graph":[{"@type":"Article","@id":"https:\/\/vamosporlaliberacion.org\/crpmlm\/caba-ollas-populares-contra-el-ajuste-y-el-hambre\/#article","isPartOf":{"@id":"https:\/\/vamosporlaliberacion.org\/crpmlm\/caba-ollas-populares-contra-el-ajuste-y-el-hambre\/"},"author":{"name":"","@id":""},"headline":"CABA: Ollas populares contra el ajuste y el hambre","datePublished":"2018-10-25T20:14:30+00:00","mainEntityOfPage":{"@id":"https:\/\/vamosporlaliberacion.org\/crpmlm\/caba-ollas-populares-contra-el-ajuste-y-el-hambre\/"},"wordCount":454,"commentCount":0,"image":{"@id":"https:\/\/vamosporlaliberacion.org\/crpmlm\/caba-ollas-populares-contra-el-ajuste-y-el-hambre\/#primaryimage"},"thumbnailUrl":"https:\/\/i0.wp.com\/vamosporlaliberacion.org\/crpmlm\/wp-content\/uploads\/2018\/10\/DSC07570.jpg?fit=700%2C525&ssl=1","keywords":["CABA","Corriente Clasista Ren\u00e9 Salamanca","destacado 1","vxl 130"],"articleSection":["Noticias"],"inLanguage":"es","potentialAction":[{"@type":"CommentAction","name":"Comment","target":["https:\/\/vamosporlaliberacion.org\/crpmlm\/caba-ollas-populares-contra-el-ajuste-y-el-hambre\/#respond"]}]},{"@type":"WebPage","@id":"https:\/\/vamosporlaliberacion.org\/crpmlm\/caba-ollas-populares-contra-el-ajuste-y-el-hambre\/","url":"https:\/\/vamosporlaliberacion.org\/crpmlm\/caba-ollas-populares-contra-el-ajuste-y-el-hambre\/","name":"CABA: Ollas populares contra el ajuste y el hambre - Vamos por la Liberaci\u00f3n","isPartOf":{"@id":"https:\/\/vamosporlaliberacion.org\/crpmlm\/#website"},"primaryImageOfPage":{"@id":"https:\/\/vamosporlaliberacion.org\/crpmlm\/caba-ollas-populares-contra-el-ajuste-y-el-hambre\/#primaryimage"},"image":{"@id":"https:\/\/vamosporlaliberacion.org\/crpmlm\/caba-ollas-populares-contra-el-ajuste-y-el-hambre\/#primaryimage"},"thumbnailUrl":"https:\/\/i0.wp.com\/vamosporlaliberacion.org\/crpmlm\/wp-content\/uploads\/2018\/10\/DSC07570.jpg?fit=700%2C525&ssl=1","datePublished":"2018-10-25T20:14:30+00:00","author":{"@id":""},"breadcrumb":{"@id":"https:\/\/vamosporlaliberacion.org\/crpmlm\/caba-ollas-populares-contra-el-ajuste-y-el-hambre\/#breadcrumb"},"inLanguage":"es","potentialAction":[{"@type":"ReadAction","target":["https:\/\/vamosporlaliberacion.org\/crpmlm\/caba-ollas-populares-contra-el-ajuste-y-el-hambre\/"]}]},{"@type":"ImageObject","inLanguage":"es","@id":"https:\/\/vamosporlaliberacion.org\/crpmlm\/caba-ollas-populares-contra-el-ajuste-y-el-hambre\/#primaryimage","url":"https:\/\/i0.wp.com\/vamosporlaliberacion.org\/crpmlm\/wp-content\/uploads\/2018\/10\/DSC07570.jpg?fit=700%2C525&ssl=1","contentUrl":"https:\/\/i0.wp.com\/vamosporlaliberacion.org\/crpmlm\/wp-content\/uploads\/2018\/10\/DSC07570.jpg?fit=700%2C525&ssl=1","width":700,"height":525},{"@type":"BreadcrumbList","@id":"https:\/\/vamosporlaliberacion.org\/crpmlm\/caba-ollas-populares-contra-el-ajuste-y-el-hambre\/#breadcrumb","itemListElement":[{"@type":"ListItem","position":1,"name":"Portada","item":"https:\/\/vamosporlaliberacion.org\/crpmlm\/"},{"@type":"ListItem","position":2,"name":"CABA: Ollas populares contra el ajuste y el hambre"}]},{"@type":"WebSite","@id":"https:\/\/vamosporlaliberacion.org\/crpmlm\/#website","url":"https:\/\/vamosporlaliberacion.org\/crpmlm\/","name":"Vamos por la Liberaci\u00f3n","description":"Prensa CR","potentialAction":[{"@type":"SearchAction","target":{"@type":"EntryPoint","urlTemplate":"https:\/\/vamosporlaliberacion.org\/crpmlm\/?s={search_term_string}"},"query-input":{"@type":"PropertyValueSpecification","valueRequired":true,"valueName":"search_term_string"}}],"inLanguage":"es"},{"@type":"Person","@id":"","url":"http:\/\/vamosporlaliberacion.org\/crpmlm\/author\/"}]}},"jetpack_featured_media_url":"https:\/\/i0.wp.com\/vamosporlaliberacion.org\/crpmlm\/wp-content\/uploads\/2018\/10\/DSC07570.jpg?fit=700%2C525&ssl=1","jetpack_sharing_enabled":true,"_links":{"self":[{"href":"http:\/\/vamosporlaliberacion.org\/crpmlm\/wp-json\/wp\/v2\/posts\/12576","targetHints":{"allow":["GET"]}}],"collection":[{"href":"http:\/\/vamosporlaliberacion.org\/crpmlm\/wp-json\/wp\/v2\/posts"}],"about":[{"href":"http:\/\/vamosporlaliberacion.org\/crpmlm\/wp-json\/wp\/v2\/types\/post"}],"author":[{"embeddable":true,"href":"http:\/\/vamosporlaliberacion.org\/crpmlm\/wp-json\/wp\/v2\/users\/5"}],"replies":[{"embeddable":true,"href":"http:\/\/vamosporlaliberacion.org\/crpmlm\/wp-json\/wp\/v2\/comments?post=12576"}],"version-history":[{"count":0,"href":"http:\/\/vamosporlaliberacion.org\/crpmlm\/wp-json\/wp\/v2\/posts\/12576\/revisions"}],"wp:featuredmedia":[{"embeddable":true,"href":"http:\/\/vamosporlaliberacion.org\/crpmlm\/wp-json\/wp\/v2\/media\/12578"}],"wp:attachment":[{"href":"http:\/\/vamosporlaliberacion.org\/crpmlm\/wp-json\/wp\/v2\/media?parent=12576"}],"wp:term":[{"taxonomy":"category","embeddable":true,"href":"http:\/\/vamosporlaliberacion.org\/crpmlm\/wp-json\/wp\/v2\/categories?post=12576"},{"taxonomy":"post_tag","embeddable":true,"href":"http:\/\/vamosporlaliberacion.org\/crpmlm\/wp-json\/wp\/v2\/tags?post=12576"}],"curies":[{"name":"wp","href":"https:\/\/api.w.org\/{rel}","templated":true}]}}