{"id":12426,"date":"2018-09-26T10:19:10","date_gmt":"2018-09-26T13:19:10","guid":{"rendered":"http:\/\/vamosporlaliberacion.org\/crpmlm\/?p=12426"},"modified":"2020-10-28T12:29:26","modified_gmt":"2020-10-28T15:29:26","slug":"buscan-desarticular-las-voces-mas-visibles-de-la-lucha-mapuche","status":"publish","type":"post","link":"http:\/\/vamosporlaliberacion.org\/crpmlm\/buscan-desarticular-las-voces-mas-visibles-de-la-lucha-mapuche\/","title":{"rendered":"\u201cBuscan desarticular las voces m\u00e1s visibles de la lucha mapuche\u201d"},"content":{"rendered":"<p>Mientras Moira Mill\u00e1n declaraba en el juzgado de Esquel en Chubut, el pasado mi\u00e9rcoles 19\/9, compa\u00f1eras y compa\u00f1eros nos reunimos frente al Ministerio de Derechos Humanos en la CABA. A Moira, weichafe mapuche de la comunidad Pill\u00e1n Mahiza, se le abri\u00f3 una causa luego de que la comunidad de Vuelta del R\u00edo de esa provincia se haya hecho presente en ese mismo juzgado a reclamar ser atendidos por el juez Guido Otranto. El pedido fue a ra\u00edz del operativo intimidatorio que este juez orden\u00f3 en esa comunidad el lunes 18 de septiembre de 2017, supuestamente buscando a Santiago Maldonado. \u201cEl allanamiento fue en realidad un atropello a los derechos de la gente\u201d, hab\u00eda afirmado Moira en aquel momento a Vamos! (ver N\u00ba106).<\/p>\n<p>En aquel lunes negro, el descomunal operativo fue realizado en horas de la madrugada, cuando todav\u00eda estaba de noche. Llegaron en helic\u00f3pteros, armados con armas de guerra, vestidos como militares. Sacaron a miembros de la comunidad de las camas, los golpearon y torturaron. Rompieron cosas, preguntaban por Santiago y buscaban debajo de las camas ri\u00e9ndose. Frente a tanto desprecio, unas veinte personas de la comunidad fue a pedirle explicaciones al Otranto, que hasta esos d\u00edas a\u00fan estaba a cargo de la causa por la desaparici\u00f3n forzada de Santiago Maldonado. Les dijeron que esperen. As\u00ed lo hicieron pac\u00edficamente durante 6 horas. Luego fueron atendidos y le describieron a Otranto los atropellos. Descripci\u00f3n que dur\u00f3 cerca de media hora sin ning\u00fan tipo de conflicto. Luego fue quemada por personas encapuchadas la casa de Marcelo Calfupan. Y ahora se conoci\u00f3 la denuncia con Moira, una de esas veinte personas que estuvieron ese d\u00eda. Se la acusa de \u201ccoacci\u00f3n doblemente agravada\u201d. La denuncia fue realizada por la fiscal \u00c1vila supuestamente en defensa de Guido Otranto.<\/p>\n<p>Ahora, en Esquel, Mill\u00e1n fue acompa\u00f1ada por sus abogados Ra\u00fal Pitrula y Elizabeth G\u00f3mez Alcorta. La causa es seguida por el juez Lleral. S\u00ed, el mismo que tiene a cargo ahora la causa por Santiago. Como Lleral se encuentra en Rawson, la indagatoria fue por videoconferencia. Queda ahora en sus manos resolver si la procesa o le declara la falta de m\u00e9rito. Seg\u00fan Mill\u00e1n, esta causa tambi\u00e9n es parte de la persecuci\u00f3n al pueblo mapuche. Recientemente fue extraditado Facundo Jones Hualas a Chile, tras ser \u00a1juzgado dos veces! Y la ministra Patricia Bullrich hab\u00eda presentado un \u201cinforme\u201d con fotos de Mill\u00e1n acus\u00e1ndola descaradamente de ser \u201cvocera\u201d de la RAM. Tras la indagatoria, desde Vamos! hablamos con Moira.<\/p>\n<figure id=\"attachment_12407\" aria-describedby=\"caption-attachment-12407\" style=\"width: 640px\" class=\"wp-caption alignnone\"><img data-recalc-dims=\"1\" loading=\"lazy\" decoding=\"async\" class=\"size-large wp-image-12407\" src=\"https:\/\/i0.wp.com\/vamosporlaliberacion.org\/crpmlm\/wp-content\/uploads\/2018\/09\/IMG_20180919_094029-800x600-700x525.jpg?resize=640%2C480\" alt=\"\" width=\"640\" height=\"480\" srcset=\"https:\/\/i0.wp.com\/vamosporlaliberacion.org\/crpmlm\/wp-content\/uploads\/2018\/09\/IMG_20180919_094029-800x600.jpg?resize=700%2C525&amp;ssl=1 700w, https:\/\/i0.wp.com\/vamosporlaliberacion.org\/crpmlm\/wp-content\/uploads\/2018\/09\/IMG_20180919_094029-800x600.jpg?resize=300%2C225&amp;ssl=1 300w, https:\/\/i0.wp.com\/vamosporlaliberacion.org\/crpmlm\/wp-content\/uploads\/2018\/09\/IMG_20180919_094029-800x600.jpg?resize=768%2C576&amp;ssl=1 768w, https:\/\/i0.wp.com\/vamosporlaliberacion.org\/crpmlm\/wp-content\/uploads\/2018\/09\/IMG_20180919_094029-800x600.jpg?resize=80%2C60&amp;ssl=1 80w, https:\/\/i0.wp.com\/vamosporlaliberacion.org\/crpmlm\/wp-content\/uploads\/2018\/09\/IMG_20180919_094029-800x600.jpg?resize=265%2C198&amp;ssl=1 265w, https:\/\/i0.wp.com\/vamosporlaliberacion.org\/crpmlm\/wp-content\/uploads\/2018\/09\/IMG_20180919_094029-800x600.jpg?resize=696%2C522&amp;ssl=1 696w, https:\/\/i0.wp.com\/vamosporlaliberacion.org\/crpmlm\/wp-content\/uploads\/2018\/09\/IMG_20180919_094029-800x600.jpg?resize=560%2C420&amp;ssl=1 560w, https:\/\/i0.wp.com\/vamosporlaliberacion.org\/crpmlm\/wp-content\/uploads\/2018\/09\/IMG_20180919_094029-800x600.jpg?resize=800%2C600&amp;ssl=1 800w\" sizes=\"auto, (max-width: 640px) 100vw, 640px\" \/><figcaption id=\"caption-attachment-12407\" class=\"wp-caption-text\">Durante la indagatoria de Moira, en Buenos Aires compa\u00f1eras y compa\u00f1eros nos reunimos frente al Ministerio de Justicia y Derechos Humanos.<\/figcaption><\/figure>\n<h3>\u2013\u00bfQu\u00e9 balance hac\u00e9s sobre la jornada realizada mientras declarabas en Esquel?<\/h3>\n<p>\u2013Pude ir a la indagatoria fortalecida por el nivel de resonancia que tuvo, sobre todo la solidaridad internacional. Es algo que me pasa con Argentina, siento que tengo m\u00e1s apoyatura afuera que adentro. Sin embargo, a comparaci\u00f3n de otros tiempos, hay much\u00edsima visibilidad de lo que sucede con el tema mapuche y tambi\u00e9n tuvo su repercusi\u00f3n en las redes. Esto permiti\u00f3 que frente al estamento judicial pudiera declarar con tranquilidad. Confiada en que cualquier decisi\u00f3n que el juez tomara de manera imprevista y desprolija iba a tener alg\u00fan tipo de respuesta social. (\u2026) Ahora solo falta esperar que el juez decida si hay elementos suficientes para procesarme. Yo espero absoluci\u00f3n, que eso ser\u00eda lo justo. A partir de mi indagatoria pudo quedar muy bien expresada de manera categ\u00f3rica que es una causa pol\u00edtica y no judicial.<\/p>\n<h3>\u2013\u00bfQu\u00e9 argumento se utilizaron para armar esta causa?<\/h3>\n<p>\u2013Lo que dice el expediente es que estiman de que yo soy la l\u00edder que organic\u00e9 la acci\u00f3n y que yo llev\u00e9 a la gente como arriada hacia la ocupaci\u00f3n pac\u00edfica del juzgado federal. Como que la comunidad fue una v\u00edctima. Esto se cay\u00f3 en seguida. Porque expliqu\u00e9 que primero en el mundo mapuche no existe liderazgo. No hay una estructura verticalista sino que todo se decide en asamblea. La estructura de poder es circular y horizontal. (&#8230;) Y que yo estaba ah\u00ed en solidaridad, como weichafe, pero que la comunidad hab\u00eda tomado la decisi\u00f3n de ir. Que la comunidad iba a reclamar justicia porque tenemos todos el derecho a reclamar justicia. Hab\u00eda toda una interpretaci\u00f3n completamente caricaturezca de mi labor y lo que se intentaba de alg\u00fan modo era presionar hacia una construcci\u00f3n de mi perfil cuasi terrorista, que operan con organizaciones de afuera que busca apoyatura. Era entrar dentro de un perfil inexistente. Yo creo que qued\u00f3 muy claro el montaje en la declaraci\u00f3n.<\/p>\n<h3>\u2013\u00bfC\u00f3mo viviste aquellos d\u00edas desde el operativo intimidatorio que deriv\u00f3 en el reclamo dentro del juzgado?<\/h3>\n<p>\u2013Yo estaba en mi comunidad. Y claro que cuando se producen situaciones de violencia nos vamos enterando porque dan aviso. Ah\u00ed supe que la violencia fue inusitada. Que fue un allanamiento casi belicista. Con helic\u00f3pteros, cantidad de seguridad con armas de grueso calibre. Preparadas como que van para una guerra. Algo injustificable. Y cuando me entero yo vine a la ciudad de Esquel. Y aqu\u00ed me reun\u00ed con miembros de esa comunidad y de aqu\u00ed partimos para la comunidad. (&#8230;) Fui receptora de todos los testimonios de la gente que inmediatamente despu\u00e9s de los allanamientos yo pude visitar; y constatar incluso a la gente que estaba lesionada, que hab\u00eda sido torturada, que me mostraba sus heridas, lo que hab\u00edan vivido. Por supuesto hab\u00eda testimonios y elementos de prueba muy s\u00f3lidos para acusar al juez Otrando y para pedir la desafectaci\u00f3n de los agentes que operaron con semejante violencia.<\/p>\n<h3>\u2013Y despu\u00e9s se produjo la quema de una vivienda. \u00bfHubo alg\u00fan avance en la Justicia sobre este atentado?<\/h3>\n<p>\u2013No. Nada. No hubo avance en la investigaci\u00f3n. De hecho, la comunidad tras un a\u00f1o de haber sido allanada estaba reclamando el otro d\u00eda, aprovechando mi indagatoria, pertenencias como linternas y otros objetos de uso dom\u00e9stico que fueron secuestrados. Y tambi\u00e9n aprovecharon para decir que nada de lo que ellos denunciaron en aquella oportunidad fue investigado.<\/p>\n<h3>\u2013\u00bfQu\u00e9 intereses se mueven atr\u00e1s de esta persecuci\u00f3n y hostigamiento?<\/h3>\n<p>\u2013Est\u00e1n buscando desarticular las voces y los sectores m\u00e1s visibles de la lucha mapuche para ir generando un aislamiento de nuestra lucha. Demoniz\u00e1ndonos, mintiendo, difamando, para que la sociedad argentina crea que los mapuches somos terroristas. Y de esta manera ellos avancen con el territorio \u201climpio\u201d, entre comillas, para el saqueo, para la contaminaci\u00f3n, para la destrucci\u00f3n. Y cuando hablo de ellos hablo de las corporaciones extractivistas qui\u00e9nes son las que en verdad est\u00e1n detr\u00e1s de estas maniobras completamente racistas que est\u00e1 teniendo el gobierno para con nosotros. Estas corporaciones est\u00e1n perdiendo millones de d\u00f3lares debido a los conflictos con las comunidades mapuches y necesitan desactivarnos. Necesitan que la resistencia que est\u00e1 dando el pueblo mapuche junto a la sociedad civil por el derecho a una territorialidad ecol\u00f3gicamente sustentable, plena, pueda quedar sin efecto. Entonces necesitan encarcelarnos, matarnos, aislarnos. Y tienen todas las condiciones y todas las herramientas para hacerlo.<\/p>\n<h3>\u2013Y en relaci\u00f3n al Encuentro de Mujeres que se realizar\u00e1 en Trelew, \u00bfqu\u00e9 importancia va a tener?<\/h3>\n<p>\u2013Este a\u00f1o adquiere una particularidad. Primero porque tras 32 a\u00f1os es la primera vez que se plantea que el Encuentro sea plurinacional. Con lo cual el debate de la existencia de las naciones ind\u00edgenas y los derechos fundamentales que est\u00e1n siendo pisoteados se trae al Encuentro Nacional de Mujeres. Transversal a todos los temas. Somos naciones ind\u00edgenas con capacidad de poder opinar en cada uno de los talleres que se llevan adelante. Hasta ahora las mujeres ind\u00edgenas est\u00e1bamos reducidas a un taller: el de pueblos originarios. Algo tan rid\u00edculo como pretender reducir el debate de las mujeres argentinas al taller de mujeres argentinas. Realmente no se nos ha tenido en cuenta. Y ahora es la primera vez que se plantea esta discusi\u00f3n, que ojal\u00e1 derive en la apoyatura masiva de que el Encuentro pase a ser Encuentro Plurinacional de Mujeres. Por otro lado, el escenario donde se realiza, que es la provincia de Chubut, la provincia que estuvo azotada por la represi\u00f3n desde hace ya dos a\u00f1os que venimos sufriendo una escalada represiva. Y tambi\u00e9n, en plena crisis econ\u00f3mica, la provincia est\u00e1 recibiendo alrededor de 50 mil mujeres, cuando desde los estamentos gubernamentales de la provincia se busc\u00f3 persuadir a la comisi\u00f3n organizadora de que se suspenda el Encuentro. No han colaborado en nada. En nada de lo que se comprometieron para apoyar el Encuentro lo han hecho. En cambio, s\u00ed han multiplicado las fuerzas represivas. Han tra\u00eddo 300 mujeres de infanter\u00eda. Se habla de que van a valerse de diferentes grupos antimotines y represivos de otras provincias. Han declarado la emergencia de seguridad. Y mientras millones de otras necesidades son solicitadas, el gobierno cierra las puertas. Yo veo que tanto el gobierno provincial como el gobierno nacional se unen en consonancia porque sienten que el movimiento de mujeres es un movimiento emergente, que es un movimiento de tensi\u00f3n pol\u00edtica social, un movimiento con una fuerza arrolladora que viene a interpelar estructuras a\u00f1ejas y regidas de corrupci\u00f3n, como el Estado mismo y la Iglesia Cat\u00f3lica. Y eso les preocupa. Entonces necesitan desarticular estos espacios de encuentro, de debate y de fortalecimiento del movimiento de mujeres. Y por eso han intentado boicotear este Encuentro nacional de mujeres. Yo creo que vamos a salir a pesar de todo ello victoriosas, que se va a realizar, que vamos a poder plantear tambi\u00e9n esta novedad maravillosa que es la construcci\u00f3n de la plurinacionalidad de encuentro hacia la plurinacionalidad de este pa\u00eds.<\/p>\n<!-- AddThis Advanced Settings generic via filter on the_content --><!-- AddThis Share Buttons generic via filter on the_content -->","protected":false},"excerpt":{"rendered":"<p>Mientras Moira Mill\u00e1n declaraba en el juzgado de Esquel en Chubut, el pasado mi\u00e9rcoles 19\/9, compa\u00f1eras y compa\u00f1eros nos reunimos frente al Ministerio de Derechos Humanos en la CABA. A Moira, weichafe mapuche de la comunidad Pill\u00e1n Mahiza, se le abri\u00f3 una causa luego de que la comunidad de Vuelta del R\u00edo de esa provincia [&hellip;]<!-- AddThis Advanced Settings generic via filter on get_the_excerpt --><!-- AddThis Share Buttons generic via filter on get_the_excerpt --><\/p>\n","protected":false},"author":5,"featured_media":12385,"comment_status":"open","ping_status":"open","sticky":false,"template":"","format":"standard","meta":{"_jetpack_memberships_contains_paid_content":false,"footnotes":""},"categories":[1520],"tags":[519,211,1236],"class_list":{"0":"post-12426","1":"post","2":"type-post","3":"status-publish","4":"format-standard","5":"has-post-thumbnail","7":"category-entrevista","8":"tag-destacado","9":"tag-pueblos-originarios","10":"tag-vxl-128"},"yoast_head":"<!-- This site is optimized with the Yoast SEO plugin v27.4 - https:\/\/yoast.com\/product\/yoast-seo-wordpress\/ -->\n<title>\u201cBuscan desarticular las voces m\u00e1s visibles de la lucha mapuche\u201d - Vamos por la Liberaci\u00f3n<\/title>\n<meta name=\"robots\" content=\"index, follow, max-snippet:-1, max-image-preview:large, max-video-preview:-1\" \/>\n<link rel=\"canonical\" href=\"https:\/\/vamosporlaliberacion.org\/crpmlm\/buscan-desarticular-las-voces-mas-visibles-de-la-lucha-mapuche\/\" \/>\n<meta name=\"twitter:label1\" content=\"Escrito por\" \/>\n\t<meta name=\"twitter:data1\" content=\"\" \/>\n\t<meta name=\"twitter:label2\" content=\"Tiempo de lectura\" \/>\n\t<meta name=\"twitter:data2\" content=\"8 minutos\" \/>\n<script type=\"application\/ld+json\" class=\"yoast-schema-graph\">{\"@context\":\"https:\\\/\\\/schema.org\",\"@graph\":[{\"@type\":\"Article\",\"@id\":\"https:\\\/\\\/vamosporlaliberacion.org\\\/crpmlm\\\/buscan-desarticular-las-voces-mas-visibles-de-la-lucha-mapuche\\\/#article\",\"isPartOf\":{\"@id\":\"https:\\\/\\\/vamosporlaliberacion.org\\\/crpmlm\\\/buscan-desarticular-las-voces-mas-visibles-de-la-lucha-mapuche\\\/\"},\"author\":{\"name\":\"\",\"@id\":\"\"},\"headline\":\"\u201cBuscan desarticular las voces m\u00e1s visibles de la lucha mapuche\u201d\",\"datePublished\":\"2018-09-26T13:19:10+00:00\",\"dateModified\":\"2020-10-28T15:29:26+00:00\",\"mainEntityOfPage\":{\"@id\":\"https:\\\/\\\/vamosporlaliberacion.org\\\/crpmlm\\\/buscan-desarticular-las-voces-mas-visibles-de-la-lucha-mapuche\\\/\"},\"wordCount\":1693,\"commentCount\":0,\"image\":{\"@id\":\"https:\\\/\\\/vamosporlaliberacion.org\\\/crpmlm\\\/buscan-desarticular-las-voces-mas-visibles-de-la-lucha-mapuche\\\/#primaryimage\"},\"thumbnailUrl\":\"https:\\\/\\\/i0.wp.com\\\/vamosporlaliberacion.org\\\/crpmlm\\\/wp-content\\\/uploads\\\/2018\\\/09\\\/1537667881912.jpg?fit=1180%2C720&ssl=1\",\"keywords\":[\"destacado\",\"Pueblos Originarios\",\"vxl 128\"],\"articleSection\":[\"Entrevista\"],\"inLanguage\":\"es\",\"potentialAction\":[{\"@type\":\"CommentAction\",\"name\":\"Comment\",\"target\":[\"https:\\\/\\\/vamosporlaliberacion.org\\\/crpmlm\\\/buscan-desarticular-las-voces-mas-visibles-de-la-lucha-mapuche\\\/#respond\"]}]},{\"@type\":\"WebPage\",\"@id\":\"https:\\\/\\\/vamosporlaliberacion.org\\\/crpmlm\\\/buscan-desarticular-las-voces-mas-visibles-de-la-lucha-mapuche\\\/\",\"url\":\"https:\\\/\\\/vamosporlaliberacion.org\\\/crpmlm\\\/buscan-desarticular-las-voces-mas-visibles-de-la-lucha-mapuche\\\/\",\"name\":\"\u201cBuscan desarticular las voces m\u00e1s visibles de la lucha mapuche\u201d - Vamos por la Liberaci\u00f3n\",\"isPartOf\":{\"@id\":\"https:\\\/\\\/vamosporlaliberacion.org\\\/crpmlm\\\/#website\"},\"primaryImageOfPage\":{\"@id\":\"https:\\\/\\\/vamosporlaliberacion.org\\\/crpmlm\\\/buscan-desarticular-las-voces-mas-visibles-de-la-lucha-mapuche\\\/#primaryimage\"},\"image\":{\"@id\":\"https:\\\/\\\/vamosporlaliberacion.org\\\/crpmlm\\\/buscan-desarticular-las-voces-mas-visibles-de-la-lucha-mapuche\\\/#primaryimage\"},\"thumbnailUrl\":\"https:\\\/\\\/i0.wp.com\\\/vamosporlaliberacion.org\\\/crpmlm\\\/wp-content\\\/uploads\\\/2018\\\/09\\\/1537667881912.jpg?fit=1180%2C720&ssl=1\",\"datePublished\":\"2018-09-26T13:19:10+00:00\",\"dateModified\":\"2020-10-28T15:29:26+00:00\",\"author\":{\"@id\":\"\"},\"breadcrumb\":{\"@id\":\"https:\\\/\\\/vamosporlaliberacion.org\\\/crpmlm\\\/buscan-desarticular-las-voces-mas-visibles-de-la-lucha-mapuche\\\/#breadcrumb\"},\"inLanguage\":\"es\",\"potentialAction\":[{\"@type\":\"ReadAction\",\"target\":[\"https:\\\/\\\/vamosporlaliberacion.org\\\/crpmlm\\\/buscan-desarticular-las-voces-mas-visibles-de-la-lucha-mapuche\\\/\"]}]},{\"@type\":\"ImageObject\",\"inLanguage\":\"es\",\"@id\":\"https:\\\/\\\/vamosporlaliberacion.org\\\/crpmlm\\\/buscan-desarticular-las-voces-mas-visibles-de-la-lucha-mapuche\\\/#primaryimage\",\"url\":\"https:\\\/\\\/i0.wp.com\\\/vamosporlaliberacion.org\\\/crpmlm\\\/wp-content\\\/uploads\\\/2018\\\/09\\\/1537667881912.jpg?fit=1180%2C720&ssl=1\",\"contentUrl\":\"https:\\\/\\\/i0.wp.com\\\/vamosporlaliberacion.org\\\/crpmlm\\\/wp-content\\\/uploads\\\/2018\\\/09\\\/1537667881912.jpg?fit=1180%2C720&ssl=1\",\"width\":1180,\"height\":720},{\"@type\":\"BreadcrumbList\",\"@id\":\"https:\\\/\\\/vamosporlaliberacion.org\\\/crpmlm\\\/buscan-desarticular-las-voces-mas-visibles-de-la-lucha-mapuche\\\/#breadcrumb\",\"itemListElement\":[{\"@type\":\"ListItem\",\"position\":1,\"name\":\"Portada\",\"item\":\"https:\\\/\\\/vamosporlaliberacion.org\\\/crpmlm\\\/\"},{\"@type\":\"ListItem\",\"position\":2,\"name\":\"\u201cBuscan desarticular las voces m\u00e1s visibles de la lucha mapuche\u201d\"}]},{\"@type\":\"WebSite\",\"@id\":\"https:\\\/\\\/vamosporlaliberacion.org\\\/crpmlm\\\/#website\",\"url\":\"https:\\\/\\\/vamosporlaliberacion.org\\\/crpmlm\\\/\",\"name\":\"Vamos por la Liberaci\u00f3n\",\"description\":\"Prensa CR\",\"potentialAction\":[{\"@type\":\"SearchAction\",\"target\":{\"@type\":\"EntryPoint\",\"urlTemplate\":\"https:\\\/\\\/vamosporlaliberacion.org\\\/crpmlm\\\/?s={search_term_string}\"},\"query-input\":{\"@type\":\"PropertyValueSpecification\",\"valueRequired\":true,\"valueName\":\"search_term_string\"}}],\"inLanguage\":\"es\"},{\"@type\":\"Person\",\"@id\":\"\",\"url\":\"http:\\\/\\\/vamosporlaliberacion.org\\\/crpmlm\\\/author\\\/\"}]}<\/script>\n<!-- \/ Yoast SEO plugin. -->","yoast_head_json":{"title":"\u201cBuscan desarticular las voces m\u00e1s visibles de la lucha mapuche\u201d - Vamos por la Liberaci\u00f3n","robots":{"index":"index","follow":"follow","max-snippet":"max-snippet:-1","max-image-preview":"max-image-preview:large","max-video-preview":"max-video-preview:-1"},"canonical":"https:\/\/vamosporlaliberacion.org\/crpmlm\/buscan-desarticular-las-voces-mas-visibles-de-la-lucha-mapuche\/","twitter_misc":{"Escrito por":"","Tiempo de lectura":"8 minutos"},"schema":{"@context":"https:\/\/schema.org","@graph":[{"@type":"Article","@id":"https:\/\/vamosporlaliberacion.org\/crpmlm\/buscan-desarticular-las-voces-mas-visibles-de-la-lucha-mapuche\/#article","isPartOf":{"@id":"https:\/\/vamosporlaliberacion.org\/crpmlm\/buscan-desarticular-las-voces-mas-visibles-de-la-lucha-mapuche\/"},"author":{"name":"","@id":""},"headline":"\u201cBuscan desarticular las voces m\u00e1s visibles de la lucha mapuche\u201d","datePublished":"2018-09-26T13:19:10+00:00","dateModified":"2020-10-28T15:29:26+00:00","mainEntityOfPage":{"@id":"https:\/\/vamosporlaliberacion.org\/crpmlm\/buscan-desarticular-las-voces-mas-visibles-de-la-lucha-mapuche\/"},"wordCount":1693,"commentCount":0,"image":{"@id":"https:\/\/vamosporlaliberacion.org\/crpmlm\/buscan-desarticular-las-voces-mas-visibles-de-la-lucha-mapuche\/#primaryimage"},"thumbnailUrl":"https:\/\/i0.wp.com\/vamosporlaliberacion.org\/crpmlm\/wp-content\/uploads\/2018\/09\/1537667881912.jpg?fit=1180%2C720&ssl=1","keywords":["destacado","Pueblos Originarios","vxl 128"],"articleSection":["Entrevista"],"inLanguage":"es","potentialAction":[{"@type":"CommentAction","name":"Comment","target":["https:\/\/vamosporlaliberacion.org\/crpmlm\/buscan-desarticular-las-voces-mas-visibles-de-la-lucha-mapuche\/#respond"]}]},{"@type":"WebPage","@id":"https:\/\/vamosporlaliberacion.org\/crpmlm\/buscan-desarticular-las-voces-mas-visibles-de-la-lucha-mapuche\/","url":"https:\/\/vamosporlaliberacion.org\/crpmlm\/buscan-desarticular-las-voces-mas-visibles-de-la-lucha-mapuche\/","name":"\u201cBuscan desarticular las voces m\u00e1s visibles de la lucha mapuche\u201d - Vamos por la Liberaci\u00f3n","isPartOf":{"@id":"https:\/\/vamosporlaliberacion.org\/crpmlm\/#website"},"primaryImageOfPage":{"@id":"https:\/\/vamosporlaliberacion.org\/crpmlm\/buscan-desarticular-las-voces-mas-visibles-de-la-lucha-mapuche\/#primaryimage"},"image":{"@id":"https:\/\/vamosporlaliberacion.org\/crpmlm\/buscan-desarticular-las-voces-mas-visibles-de-la-lucha-mapuche\/#primaryimage"},"thumbnailUrl":"https:\/\/i0.wp.com\/vamosporlaliberacion.org\/crpmlm\/wp-content\/uploads\/2018\/09\/1537667881912.jpg?fit=1180%2C720&ssl=1","datePublished":"2018-09-26T13:19:10+00:00","dateModified":"2020-10-28T15:29:26+00:00","author":{"@id":""},"breadcrumb":{"@id":"https:\/\/vamosporlaliberacion.org\/crpmlm\/buscan-desarticular-las-voces-mas-visibles-de-la-lucha-mapuche\/#breadcrumb"},"inLanguage":"es","potentialAction":[{"@type":"ReadAction","target":["https:\/\/vamosporlaliberacion.org\/crpmlm\/buscan-desarticular-las-voces-mas-visibles-de-la-lucha-mapuche\/"]}]},{"@type":"ImageObject","inLanguage":"es","@id":"https:\/\/vamosporlaliberacion.org\/crpmlm\/buscan-desarticular-las-voces-mas-visibles-de-la-lucha-mapuche\/#primaryimage","url":"https:\/\/i0.wp.com\/vamosporlaliberacion.org\/crpmlm\/wp-content\/uploads\/2018\/09\/1537667881912.jpg?fit=1180%2C720&ssl=1","contentUrl":"https:\/\/i0.wp.com\/vamosporlaliberacion.org\/crpmlm\/wp-content\/uploads\/2018\/09\/1537667881912.jpg?fit=1180%2C720&ssl=1","width":1180,"height":720},{"@type":"BreadcrumbList","@id":"https:\/\/vamosporlaliberacion.org\/crpmlm\/buscan-desarticular-las-voces-mas-visibles-de-la-lucha-mapuche\/#breadcrumb","itemListElement":[{"@type":"ListItem","position":1,"name":"Portada","item":"https:\/\/vamosporlaliberacion.org\/crpmlm\/"},{"@type":"ListItem","position":2,"name":"\u201cBuscan desarticular las voces m\u00e1s visibles de la lucha mapuche\u201d"}]},{"@type":"WebSite","@id":"https:\/\/vamosporlaliberacion.org\/crpmlm\/#website","url":"https:\/\/vamosporlaliberacion.org\/crpmlm\/","name":"Vamos por la Liberaci\u00f3n","description":"Prensa CR","potentialAction":[{"@type":"SearchAction","target":{"@type":"EntryPoint","urlTemplate":"https:\/\/vamosporlaliberacion.org\/crpmlm\/?s={search_term_string}"},"query-input":{"@type":"PropertyValueSpecification","valueRequired":true,"valueName":"search_term_string"}}],"inLanguage":"es"},{"@type":"Person","@id":"","url":"http:\/\/vamosporlaliberacion.org\/crpmlm\/author\/"}]}},"jetpack_featured_media_url":"https:\/\/i0.wp.com\/vamosporlaliberacion.org\/crpmlm\/wp-content\/uploads\/2018\/09\/1537667881912.jpg?fit=1180%2C720&ssl=1","jetpack_sharing_enabled":true,"_links":{"self":[{"href":"http:\/\/vamosporlaliberacion.org\/crpmlm\/wp-json\/wp\/v2\/posts\/12426","targetHints":{"allow":["GET"]}}],"collection":[{"href":"http:\/\/vamosporlaliberacion.org\/crpmlm\/wp-json\/wp\/v2\/posts"}],"about":[{"href":"http:\/\/vamosporlaliberacion.org\/crpmlm\/wp-json\/wp\/v2\/types\/post"}],"author":[{"embeddable":true,"href":"http:\/\/vamosporlaliberacion.org\/crpmlm\/wp-json\/wp\/v2\/users\/5"}],"replies":[{"embeddable":true,"href":"http:\/\/vamosporlaliberacion.org\/crpmlm\/wp-json\/wp\/v2\/comments?post=12426"}],"version-history":[{"count":1,"href":"http:\/\/vamosporlaliberacion.org\/crpmlm\/wp-json\/wp\/v2\/posts\/12426\/revisions"}],"predecessor-version":[{"id":21123,"href":"http:\/\/vamosporlaliberacion.org\/crpmlm\/wp-json\/wp\/v2\/posts\/12426\/revisions\/21123"}],"wp:featuredmedia":[{"embeddable":true,"href":"http:\/\/vamosporlaliberacion.org\/crpmlm\/wp-json\/wp\/v2\/media\/12385"}],"wp:attachment":[{"href":"http:\/\/vamosporlaliberacion.org\/crpmlm\/wp-json\/wp\/v2\/media?parent=12426"}],"wp:term":[{"taxonomy":"category","embeddable":true,"href":"http:\/\/vamosporlaliberacion.org\/crpmlm\/wp-json\/wp\/v2\/categories?post=12426"},{"taxonomy":"post_tag","embeddable":true,"href":"http:\/\/vamosporlaliberacion.org\/crpmlm\/wp-json\/wp\/v2\/tags?post=12426"}],"curies":[{"name":"wp","href":"https:\/\/api.w.org\/{rel}","templated":true}]}}