{"id":12424,"date":"2018-09-26T10:11:57","date_gmt":"2018-09-26T13:11:57","guid":{"rendered":"http:\/\/vamosporlaliberacion.org\/crpmlm\/?p=12424"},"modified":"2020-10-28T12:28:43","modified_gmt":"2020-10-28T15:28:43","slug":"pasos-adelante-de-los-trabajadores-del-astillero","status":"publish","type":"post","link":"http:\/\/vamosporlaliberacion.org\/crpmlm\/pasos-adelante-de-los-trabajadores-del-astillero\/","title":{"rendered":"Pasos adelante de los trabajadores del Astillero"},"content":{"rendered":"<p>El jueves 13 de septiembre, tras una masiva asamblea, los trabajadores del Astillero R\u00edo Santiago (ARS) dijeron basta al vaciamiento al que viene siendo sometida la empresa nacional insignia de construcciones navales. Cerca del mediod\u00eda, reclamaron a la gerencia que env\u00ede los materiales e insumos b\u00e1sicos para poder concluir con la terminaci\u00f3n del Buque Eva Per\u00f3n (un 97% realizado) y que cesen los descuentos salariales. Ante la desidia de la intervenci\u00f3n de Vidal a cargo de el Ing. Daniel Capdevilla, decidieron mantener una permanencia pac\u00edfica dentro de la f\u00e1brica hasta obtener soluciones. Tras 8 horas, ante la decisi\u00f3n de los trabajadores y el gran apoyo popular recibido, la intervenci\u00f3n tuvo que ceder y firmar un acta comprometi\u00e9ndose a garantizar los insumos y a hacer una reuni\u00f3n para tratar el tema de los descuentos.<\/p>\n<p>Pero, fiel a su estilo, el lunes 17 el gobierno suspendi\u00f3 sin ninguna justificaci\u00f3n la reuni\u00f3n pautada. Frente a esto, al d\u00eda siguiente los trabajadores se movilizaron al Ministerio de Econom\u00eda de la provincia de Buenos Aires, donde nuevamente iniciaron una permanencia pac\u00edfica reclamando ser recibidos por alg\u00fan funcionario. En un emotivo momento, la movilizaci\u00f3n a 12 a\u00f1os de la desaparici\u00f3n de Julio L\u00f3pez desvi\u00f3 su recorrido y se fundi\u00f3 con la lucha del Astillero. Finalmente, tras m\u00e1s de 12 horas, el gobierno tuvo que atenderlos y firmar un acta en la que se compromete a comprar los insumos, suspender los descuentos, restituir los aportes y establecer una mesa t\u00e9cnica.<\/p>\n<p>Poco despu\u00e9s, sali\u00f3 a la luz un documento que revela c\u00f3mo los funcionarios de Mar\u00eda Eugenia Vidal y Mauricio Macri planificaron el ataque contra el Astillero. All\u00ed puede verse un sistem\u00e1tico operativo de guerra contra los 3.300 trabajadores, que incluye lineamientos como \u201cconstruir el enemigo\u201d, \u201cmostrar el mal\u201d, \u201cdenunciar hechos il\u00edcitos\u201d o \u201cdenunciar discursos que atenten contra el orden democr\u00e1tico\u201d. La \u201cAgenda integral\u201d incluye un aspecto econ\u00f3mico, eliminando derechos y conquistas laborales; un aspecto judicial, con denuncias penales contra los obreros; y una \u201cagenda p\u00fablica\u201d, con una campa\u00f1a medi\u00e1tica como la lanzada desde Canal 13 con Lanata. Una muestra m\u00e1s de lo siniestro y planificado de las pol\u00edticas del macrismo.<\/p>\n<p>Los trabajadores del Astillero saben que cada uno de los pasos adelante que han conseguido han sido gracias a la lucha y a la solidaridad popular, y que, frente a este gobierno, no se puede bajar la guardia.<\/p>\n<!-- AddThis Advanced Settings generic via filter on the_content --><!-- AddThis Share Buttons generic via filter on the_content -->","protected":false},"excerpt":{"rendered":"<p>El jueves 13 de septiembre, tras una masiva asamblea, los trabajadores del Astillero R\u00edo Santiago (ARS) dijeron basta al vaciamiento al que viene siendo sometida la empresa nacional insignia de construcciones navales. Cerca del mediod\u00eda, reclamaron a la gerencia que env\u00ede los materiales e insumos b\u00e1sicos para poder concluir con la terminaci\u00f3n del Buque Eva [&hellip;]<!-- AddThis Advanced Settings generic via filter on get_the_excerpt --><!-- AddThis Share Buttons generic via filter on get_the_excerpt --><\/p>\n","protected":false},"author":5,"featured_media":12386,"comment_status":"open","ping_status":"open","sticky":false,"template":"","format":"standard","meta":{"_jetpack_memberships_contains_paid_content":false,"footnotes":""},"categories":[1877],"tags":[1223,1236],"class_list":{"0":"post-12424","1":"post","2":"type-post","3":"status-publish","4":"format-standard","5":"has-post-thumbnail","7":"category-gremiales","8":"tag-astillero-rio-santiago","9":"tag-vxl-128"},"yoast_head":"<!-- This site is optimized with the Yoast SEO plugin v27.4 - https:\/\/yoast.com\/product\/yoast-seo-wordpress\/ -->\n<title>Pasos adelante de los trabajadores del Astillero - Vamos por la Liberaci\u00f3n<\/title>\n<meta name=\"robots\" content=\"index, follow, max-snippet:-1, max-image-preview:large, max-video-preview:-1\" \/>\n<link rel=\"canonical\" href=\"https:\/\/vamosporlaliberacion.org\/crpmlm\/pasos-adelante-de-los-trabajadores-del-astillero\/\" \/>\n<meta name=\"twitter:label1\" content=\"Escrito por\" \/>\n\t<meta name=\"twitter:data1\" content=\"\" \/>\n\t<meta name=\"twitter:label2\" content=\"Tiempo de lectura\" \/>\n\t<meta name=\"twitter:data2\" content=\"2 minutos\" \/>\n<script type=\"application\/ld+json\" class=\"yoast-schema-graph\">{\"@context\":\"https:\\\/\\\/schema.org\",\"@graph\":[{\"@type\":\"Article\",\"@id\":\"https:\\\/\\\/vamosporlaliberacion.org\\\/crpmlm\\\/pasos-adelante-de-los-trabajadores-del-astillero\\\/#article\",\"isPartOf\":{\"@id\":\"https:\\\/\\\/vamosporlaliberacion.org\\\/crpmlm\\\/pasos-adelante-de-los-trabajadores-del-astillero\\\/\"},\"author\":{\"name\":\"\",\"@id\":\"\"},\"headline\":\"Pasos adelante de los trabajadores del Astillero\",\"datePublished\":\"2018-09-26T13:11:57+00:00\",\"dateModified\":\"2020-10-28T15:28:43+00:00\",\"mainEntityOfPage\":{\"@id\":\"https:\\\/\\\/vamosporlaliberacion.org\\\/crpmlm\\\/pasos-adelante-de-los-trabajadores-del-astillero\\\/\"},\"wordCount\":427,\"commentCount\":0,\"image\":{\"@id\":\"https:\\\/\\\/vamosporlaliberacion.org\\\/crpmlm\\\/pasos-adelante-de-los-trabajadores-del-astillero\\\/#primaryimage\"},\"thumbnailUrl\":\"https:\\\/\\\/i0.wp.com\\\/vamosporlaliberacion.org\\\/crpmlm\\\/wp-content\\\/uploads\\\/2018\\\/09\\\/astilleroo.jpg?fit=1280%2C720&ssl=1\",\"keywords\":[\"Astillero R\u00edo Santiago\",\"vxl 128\"],\"articleSection\":[\"Actualidad e historia del movimiento obrero\"],\"inLanguage\":\"es\",\"potentialAction\":[{\"@type\":\"CommentAction\",\"name\":\"Comment\",\"target\":[\"https:\\\/\\\/vamosporlaliberacion.org\\\/crpmlm\\\/pasos-adelante-de-los-trabajadores-del-astillero\\\/#respond\"]}]},{\"@type\":\"WebPage\",\"@id\":\"https:\\\/\\\/vamosporlaliberacion.org\\\/crpmlm\\\/pasos-adelante-de-los-trabajadores-del-astillero\\\/\",\"url\":\"https:\\\/\\\/vamosporlaliberacion.org\\\/crpmlm\\\/pasos-adelante-de-los-trabajadores-del-astillero\\\/\",\"name\":\"Pasos adelante de los trabajadores del Astillero - Vamos por la Liberaci\u00f3n\",\"isPartOf\":{\"@id\":\"https:\\\/\\\/vamosporlaliberacion.org\\\/crpmlm\\\/#website\"},\"primaryImageOfPage\":{\"@id\":\"https:\\\/\\\/vamosporlaliberacion.org\\\/crpmlm\\\/pasos-adelante-de-los-trabajadores-del-astillero\\\/#primaryimage\"},\"image\":{\"@id\":\"https:\\\/\\\/vamosporlaliberacion.org\\\/crpmlm\\\/pasos-adelante-de-los-trabajadores-del-astillero\\\/#primaryimage\"},\"thumbnailUrl\":\"https:\\\/\\\/i0.wp.com\\\/vamosporlaliberacion.org\\\/crpmlm\\\/wp-content\\\/uploads\\\/2018\\\/09\\\/astilleroo.jpg?fit=1280%2C720&ssl=1\",\"datePublished\":\"2018-09-26T13:11:57+00:00\",\"dateModified\":\"2020-10-28T15:28:43+00:00\",\"author\":{\"@id\":\"\"},\"breadcrumb\":{\"@id\":\"https:\\\/\\\/vamosporlaliberacion.org\\\/crpmlm\\\/pasos-adelante-de-los-trabajadores-del-astillero\\\/#breadcrumb\"},\"inLanguage\":\"es\",\"potentialAction\":[{\"@type\":\"ReadAction\",\"target\":[\"https:\\\/\\\/vamosporlaliberacion.org\\\/crpmlm\\\/pasos-adelante-de-los-trabajadores-del-astillero\\\/\"]}]},{\"@type\":\"ImageObject\",\"inLanguage\":\"es\",\"@id\":\"https:\\\/\\\/vamosporlaliberacion.org\\\/crpmlm\\\/pasos-adelante-de-los-trabajadores-del-astillero\\\/#primaryimage\",\"url\":\"https:\\\/\\\/i0.wp.com\\\/vamosporlaliberacion.org\\\/crpmlm\\\/wp-content\\\/uploads\\\/2018\\\/09\\\/astilleroo.jpg?fit=1280%2C720&ssl=1\",\"contentUrl\":\"https:\\\/\\\/i0.wp.com\\\/vamosporlaliberacion.org\\\/crpmlm\\\/wp-content\\\/uploads\\\/2018\\\/09\\\/astilleroo.jpg?fit=1280%2C720&ssl=1\",\"width\":1280,\"height\":720},{\"@type\":\"BreadcrumbList\",\"@id\":\"https:\\\/\\\/vamosporlaliberacion.org\\\/crpmlm\\\/pasos-adelante-de-los-trabajadores-del-astillero\\\/#breadcrumb\",\"itemListElement\":[{\"@type\":\"ListItem\",\"position\":1,\"name\":\"Portada\",\"item\":\"https:\\\/\\\/vamosporlaliberacion.org\\\/crpmlm\\\/\"},{\"@type\":\"ListItem\",\"position\":2,\"name\":\"Pasos adelante de los trabajadores del Astillero\"}]},{\"@type\":\"WebSite\",\"@id\":\"https:\\\/\\\/vamosporlaliberacion.org\\\/crpmlm\\\/#website\",\"url\":\"https:\\\/\\\/vamosporlaliberacion.org\\\/crpmlm\\\/\",\"name\":\"Vamos por la Liberaci\u00f3n\",\"description\":\"Prensa CR\",\"potentialAction\":[{\"@type\":\"SearchAction\",\"target\":{\"@type\":\"EntryPoint\",\"urlTemplate\":\"https:\\\/\\\/vamosporlaliberacion.org\\\/crpmlm\\\/?s={search_term_string}\"},\"query-input\":{\"@type\":\"PropertyValueSpecification\",\"valueRequired\":true,\"valueName\":\"search_term_string\"}}],\"inLanguage\":\"es\"},{\"@type\":\"Person\",\"@id\":\"\",\"url\":\"http:\\\/\\\/vamosporlaliberacion.org\\\/crpmlm\\\/author\\\/\"}]}<\/script>\n<!-- \/ Yoast SEO plugin. -->","yoast_head_json":{"title":"Pasos adelante de los trabajadores del Astillero - Vamos por la Liberaci\u00f3n","robots":{"index":"index","follow":"follow","max-snippet":"max-snippet:-1","max-image-preview":"max-image-preview:large","max-video-preview":"max-video-preview:-1"},"canonical":"https:\/\/vamosporlaliberacion.org\/crpmlm\/pasos-adelante-de-los-trabajadores-del-astillero\/","twitter_misc":{"Escrito por":"","Tiempo de lectura":"2 minutos"},"schema":{"@context":"https:\/\/schema.org","@graph":[{"@type":"Article","@id":"https:\/\/vamosporlaliberacion.org\/crpmlm\/pasos-adelante-de-los-trabajadores-del-astillero\/#article","isPartOf":{"@id":"https:\/\/vamosporlaliberacion.org\/crpmlm\/pasos-adelante-de-los-trabajadores-del-astillero\/"},"author":{"name":"","@id":""},"headline":"Pasos adelante de los trabajadores del Astillero","datePublished":"2018-09-26T13:11:57+00:00","dateModified":"2020-10-28T15:28:43+00:00","mainEntityOfPage":{"@id":"https:\/\/vamosporlaliberacion.org\/crpmlm\/pasos-adelante-de-los-trabajadores-del-astillero\/"},"wordCount":427,"commentCount":0,"image":{"@id":"https:\/\/vamosporlaliberacion.org\/crpmlm\/pasos-adelante-de-los-trabajadores-del-astillero\/#primaryimage"},"thumbnailUrl":"https:\/\/i0.wp.com\/vamosporlaliberacion.org\/crpmlm\/wp-content\/uploads\/2018\/09\/astilleroo.jpg?fit=1280%2C720&ssl=1","keywords":["Astillero R\u00edo Santiago","vxl 128"],"articleSection":["Actualidad e historia del movimiento obrero"],"inLanguage":"es","potentialAction":[{"@type":"CommentAction","name":"Comment","target":["https:\/\/vamosporlaliberacion.org\/crpmlm\/pasos-adelante-de-los-trabajadores-del-astillero\/#respond"]}]},{"@type":"WebPage","@id":"https:\/\/vamosporlaliberacion.org\/crpmlm\/pasos-adelante-de-los-trabajadores-del-astillero\/","url":"https:\/\/vamosporlaliberacion.org\/crpmlm\/pasos-adelante-de-los-trabajadores-del-astillero\/","name":"Pasos adelante de los trabajadores del Astillero - Vamos por la Liberaci\u00f3n","isPartOf":{"@id":"https:\/\/vamosporlaliberacion.org\/crpmlm\/#website"},"primaryImageOfPage":{"@id":"https:\/\/vamosporlaliberacion.org\/crpmlm\/pasos-adelante-de-los-trabajadores-del-astillero\/#primaryimage"},"image":{"@id":"https:\/\/vamosporlaliberacion.org\/crpmlm\/pasos-adelante-de-los-trabajadores-del-astillero\/#primaryimage"},"thumbnailUrl":"https:\/\/i0.wp.com\/vamosporlaliberacion.org\/crpmlm\/wp-content\/uploads\/2018\/09\/astilleroo.jpg?fit=1280%2C720&ssl=1","datePublished":"2018-09-26T13:11:57+00:00","dateModified":"2020-10-28T15:28:43+00:00","author":{"@id":""},"breadcrumb":{"@id":"https:\/\/vamosporlaliberacion.org\/crpmlm\/pasos-adelante-de-los-trabajadores-del-astillero\/#breadcrumb"},"inLanguage":"es","potentialAction":[{"@type":"ReadAction","target":["https:\/\/vamosporlaliberacion.org\/crpmlm\/pasos-adelante-de-los-trabajadores-del-astillero\/"]}]},{"@type":"ImageObject","inLanguage":"es","@id":"https:\/\/vamosporlaliberacion.org\/crpmlm\/pasos-adelante-de-los-trabajadores-del-astillero\/#primaryimage","url":"https:\/\/i0.wp.com\/vamosporlaliberacion.org\/crpmlm\/wp-content\/uploads\/2018\/09\/astilleroo.jpg?fit=1280%2C720&ssl=1","contentUrl":"https:\/\/i0.wp.com\/vamosporlaliberacion.org\/crpmlm\/wp-content\/uploads\/2018\/09\/astilleroo.jpg?fit=1280%2C720&ssl=1","width":1280,"height":720},{"@type":"BreadcrumbList","@id":"https:\/\/vamosporlaliberacion.org\/crpmlm\/pasos-adelante-de-los-trabajadores-del-astillero\/#breadcrumb","itemListElement":[{"@type":"ListItem","position":1,"name":"Portada","item":"https:\/\/vamosporlaliberacion.org\/crpmlm\/"},{"@type":"ListItem","position":2,"name":"Pasos adelante de los trabajadores del Astillero"}]},{"@type":"WebSite","@id":"https:\/\/vamosporlaliberacion.org\/crpmlm\/#website","url":"https:\/\/vamosporlaliberacion.org\/crpmlm\/","name":"Vamos por la Liberaci\u00f3n","description":"Prensa CR","potentialAction":[{"@type":"SearchAction","target":{"@type":"EntryPoint","urlTemplate":"https:\/\/vamosporlaliberacion.org\/crpmlm\/?s={search_term_string}"},"query-input":{"@type":"PropertyValueSpecification","valueRequired":true,"valueName":"search_term_string"}}],"inLanguage":"es"},{"@type":"Person","@id":"","url":"http:\/\/vamosporlaliberacion.org\/crpmlm\/author\/"}]}},"jetpack_featured_media_url":"https:\/\/i0.wp.com\/vamosporlaliberacion.org\/crpmlm\/wp-content\/uploads\/2018\/09\/astilleroo.jpg?fit=1280%2C720&ssl=1","jetpack_sharing_enabled":true,"_links":{"self":[{"href":"http:\/\/vamosporlaliberacion.org\/crpmlm\/wp-json\/wp\/v2\/posts\/12424","targetHints":{"allow":["GET"]}}],"collection":[{"href":"http:\/\/vamosporlaliberacion.org\/crpmlm\/wp-json\/wp\/v2\/posts"}],"about":[{"href":"http:\/\/vamosporlaliberacion.org\/crpmlm\/wp-json\/wp\/v2\/types\/post"}],"author":[{"embeddable":true,"href":"http:\/\/vamosporlaliberacion.org\/crpmlm\/wp-json\/wp\/v2\/users\/5"}],"replies":[{"embeddable":true,"href":"http:\/\/vamosporlaliberacion.org\/crpmlm\/wp-json\/wp\/v2\/comments?post=12424"}],"version-history":[{"count":1,"href":"http:\/\/vamosporlaliberacion.org\/crpmlm\/wp-json\/wp\/v2\/posts\/12424\/revisions"}],"predecessor-version":[{"id":21120,"href":"http:\/\/vamosporlaliberacion.org\/crpmlm\/wp-json\/wp\/v2\/posts\/12424\/revisions\/21120"}],"wp:featuredmedia":[{"embeddable":true,"href":"http:\/\/vamosporlaliberacion.org\/crpmlm\/wp-json\/wp\/v2\/media\/12386"}],"wp:attachment":[{"href":"http:\/\/vamosporlaliberacion.org\/crpmlm\/wp-json\/wp\/v2\/media?parent=12424"}],"wp:term":[{"taxonomy":"category","embeddable":true,"href":"http:\/\/vamosporlaliberacion.org\/crpmlm\/wp-json\/wp\/v2\/categories?post=12424"},{"taxonomy":"post_tag","embeddable":true,"href":"http:\/\/vamosporlaliberacion.org\/crpmlm\/wp-json\/wp\/v2\/tags?post=12424"}],"curies":[{"name":"wp","href":"https:\/\/api.w.org\/{rel}","templated":true}]}}