{"id":12422,"date":"2018-09-26T10:08:52","date_gmt":"2018-09-26T13:08:52","guid":{"rendered":"http:\/\/vamosporlaliberacion.org\/crpmlm\/?p=12422"},"modified":"2020-10-23T20:58:16","modified_gmt":"2020-10-23T23:58:16","slug":"paro-nacional-docente-por-salario-y-la-educacion-publica","status":"publish","type":"post","link":"http:\/\/vamosporlaliberacion.org\/crpmlm\/paro-nacional-docente-por-salario-y-la-educacion-publica\/","title":{"rendered":"Paro nacional docente: por salario y la educaci\u00f3n p\u00fablica"},"content":{"rendered":"<p>El d\u00eda anterior hab\u00eda sido secuestrada y torturada una docente de Moreno, Corina De Bonis. Ese mismo d\u00eda por la ma\u00f1ana hubo en esa localidad una imponente movilizaci\u00f3n, que marc\u00f3 el inicio del masivo paro nacional docente del 13 de septiembre convocado desde CTERA. En la movilizaci\u00f3n realizada en Buenos Aires, volvieron a confluir tambi\u00e9n los docentes universitarios y los estudiantes, totalizando varias decenas de miles de personas que marcharon desde el Ministerio de Educaci\u00f3n hasta el Congreso, por salario y por la educaci\u00f3n. De todo el pa\u00eds llegaron delegaciones para decir presente, entre ellas una importante columna de Amsafe.<\/p>\n<p>Frente a un gobierno nacional que elimin\u00f3 las reuniones de paritaria nacional docente, ese d\u00eda 123 diputados apoyaron los proyectos de ley presentados en defensa del presupuesto educativo, el FONID, la jubilaci\u00f3n docente, las universidades y las becas. En Buenos Aires, la gobernadora Vidal segu\u00eda sosteniendo la propuesta de 20,7% mientras la inflaci\u00f3n superar\u00e1 el 40%, en un marco de subejecuci\u00f3n presupuestaria que agrava la situaci\u00f3n edilicia de las escuelas.<\/p>\n<p>Movilizaron tambi\u00e9n las tres federaciones de docentes universitarios. D\u00edas previos, Conadu y Fedun hab\u00edan firmado un debatido aumento del 25%. Y ese d\u00eda, Conadu Hist\u00f3rica \u2013que hab\u00eda considerado insuficiente la propuesta\u2013 march\u00f3 mientras manten\u00eda el paro y tambi\u00e9n Conadu par\u00f3. Los centros de estudiantes tambi\u00e9n marcharon y hablaron desde el palco.<br \/>\nEn el palco montado frente al Congreso, abri\u00f3 la titular de CTERA, Sonia Alesso, que record\u00f3 a Sandra y Rub\u00e9n, muertos en una escuela de Moreno por un escape de gas, y repudio las torturas a Corina De Bonis, tambi\u00e9n docente de Moreno, recordando a los 600 docentes detenidos-desaparecidos durante la dictadura. Hablaron tambi\u00e9n de Sadop, Conadu y CTA-T. Durante los discursos se insisti\u00f3 con que \u201cMacri se tiene que ir\u201d, aunque aclarando que en 2019 en las elecciones. Roberto Baradel de Suteba, que ven\u00eda de Moreno, insisti\u00f3 con que \u201cno vamos a resignar derechos y salarios a la baja\u201d y reclam\u00f3 \u201cescuelas seguras, comedores escolares, educaci\u00f3n p\u00fablica de calidad\u201d.<\/p>\n<p>El acto cerr\u00f3 con el himno nacional y al ritmo de \u201cSe viene el estallido!\u201d. El gobierno bonaerense no hizo ninguna propuesta nueva; pero s\u00ed continu\u00f3 con los descuentos y propuso en la legislatura bonaerense declarar a la educaci\u00f3n como servicio esencial para impedir m\u00e1s paros. Al cierre de esta edici\u00f3n, se cumpl\u00eda un nuevo paro docente en todo el pa\u00eds confluyendo con los paros de 36 horas de las CTA\u2019s y de 24 horas de la CGT.<\/p>\n<!-- AddThis Advanced Settings generic via filter on the_content --><!-- AddThis Share Buttons generic via filter on the_content -->","protected":false},"excerpt":{"rendered":"<p>El d\u00eda anterior hab\u00eda sido secuestrada y torturada una docente de Moreno, Corina De Bonis. Ese mismo d\u00eda por la ma\u00f1ana hubo en esa localidad una imponente movilizaci\u00f3n, que marc\u00f3 el inicio del masivo paro nacional docente del 13 de septiembre convocado desde CTERA. En la movilizaci\u00f3n realizada en Buenos Aires, volvieron a confluir tambi\u00e9n [&hellip;]<!-- AddThis Advanced Settings generic via filter on get_the_excerpt --><!-- AddThis Share Buttons generic via filter on get_the_excerpt --><\/p>\n","protected":false},"author":5,"featured_media":12403,"comment_status":"open","ping_status":"open","sticky":false,"template":"","format":"standard","meta":{"_jetpack_memberships_contains_paid_content":false,"footnotes":""},"categories":[1877],"tags":[102,542,620,841,1236],"class_list":{"0":"post-12422","1":"post","2":"type-post","3":"status-publish","4":"format-standard","5":"has-post-thumbnail","7":"category-gremiales","8":"tag-educacion","9":"tag-paritarias","10":"tag-paro-nacional","11":"tag-reapertura-de-paritarias","12":"tag-vxl-128"},"yoast_head":"<!-- This site is optimized with the Yoast SEO plugin v27.4 - https:\/\/yoast.com\/product\/yoast-seo-wordpress\/ -->\n<title>Paro nacional docente: por salario y la educaci\u00f3n p\u00fablica - Vamos por la Liberaci\u00f3n<\/title>\n<meta name=\"robots\" content=\"index, follow, max-snippet:-1, max-image-preview:large, max-video-preview:-1\" \/>\n<link rel=\"canonical\" href=\"http:\/\/vamosporlaliberacion.org\/crpmlm\/paro-nacional-docente-por-salario-y-la-educacion-publica\/\" \/>\n<meta name=\"twitter:label1\" content=\"Escrito por\" \/>\n\t<meta name=\"twitter:data1\" content=\"\" \/>\n\t<meta name=\"twitter:label2\" content=\"Tiempo de lectura\" \/>\n\t<meta name=\"twitter:data2\" content=\"2 minutos\" \/>\n<script type=\"application\/ld+json\" class=\"yoast-schema-graph\">{\"@context\":\"https:\\\/\\\/schema.org\",\"@graph\":[{\"@type\":\"Article\",\"@id\":\"http:\\\/\\\/vamosporlaliberacion.org\\\/crpmlm\\\/paro-nacional-docente-por-salario-y-la-educacion-publica\\\/#article\",\"isPartOf\":{\"@id\":\"http:\\\/\\\/vamosporlaliberacion.org\\\/crpmlm\\\/paro-nacional-docente-por-salario-y-la-educacion-publica\\\/\"},\"author\":{\"name\":\"\",\"@id\":\"\"},\"headline\":\"Paro nacional docente: por salario y la educaci\u00f3n p\u00fablica\",\"datePublished\":\"2018-09-26T13:08:52+00:00\",\"dateModified\":\"2020-10-23T23:58:16+00:00\",\"mainEntityOfPage\":{\"@id\":\"http:\\\/\\\/vamosporlaliberacion.org\\\/crpmlm\\\/paro-nacional-docente-por-salario-y-la-educacion-publica\\\/\"},\"wordCount\":448,\"commentCount\":0,\"image\":{\"@id\":\"http:\\\/\\\/vamosporlaliberacion.org\\\/crpmlm\\\/paro-nacional-docente-por-salario-y-la-educacion-publica\\\/#primaryimage\"},\"thumbnailUrl\":\"https:\\\/\\\/i0.wp.com\\\/vamosporlaliberacion.org\\\/crpmlm\\\/wp-content\\\/uploads\\\/2018\\\/09\\\/IMG_20180913_113116-800x600.jpg?fit=800%2C600&ssl=1\",\"keywords\":[\"Educaci\u00f3n\",\"paritarias\",\"paro nacional\",\"reapertura de paritarias\",\"vxl 128\"],\"articleSection\":[\"Actualidad e historia del movimiento obrero\"],\"inLanguage\":\"es\",\"potentialAction\":[{\"@type\":\"CommentAction\",\"name\":\"Comment\",\"target\":[\"http:\\\/\\\/vamosporlaliberacion.org\\\/crpmlm\\\/paro-nacional-docente-por-salario-y-la-educacion-publica\\\/#respond\"]}]},{\"@type\":\"WebPage\",\"@id\":\"http:\\\/\\\/vamosporlaliberacion.org\\\/crpmlm\\\/paro-nacional-docente-por-salario-y-la-educacion-publica\\\/\",\"url\":\"http:\\\/\\\/vamosporlaliberacion.org\\\/crpmlm\\\/paro-nacional-docente-por-salario-y-la-educacion-publica\\\/\",\"name\":\"Paro nacional docente: por salario y la educaci\u00f3n p\u00fablica - Vamos por la Liberaci\u00f3n\",\"isPartOf\":{\"@id\":\"https:\\\/\\\/vamosporlaliberacion.org\\\/crpmlm\\\/#website\"},\"primaryImageOfPage\":{\"@id\":\"http:\\\/\\\/vamosporlaliberacion.org\\\/crpmlm\\\/paro-nacional-docente-por-salario-y-la-educacion-publica\\\/#primaryimage\"},\"image\":{\"@id\":\"http:\\\/\\\/vamosporlaliberacion.org\\\/crpmlm\\\/paro-nacional-docente-por-salario-y-la-educacion-publica\\\/#primaryimage\"},\"thumbnailUrl\":\"https:\\\/\\\/i0.wp.com\\\/vamosporlaliberacion.org\\\/crpmlm\\\/wp-content\\\/uploads\\\/2018\\\/09\\\/IMG_20180913_113116-800x600.jpg?fit=800%2C600&ssl=1\",\"datePublished\":\"2018-09-26T13:08:52+00:00\",\"dateModified\":\"2020-10-23T23:58:16+00:00\",\"author\":{\"@id\":\"\"},\"breadcrumb\":{\"@id\":\"http:\\\/\\\/vamosporlaliberacion.org\\\/crpmlm\\\/paro-nacional-docente-por-salario-y-la-educacion-publica\\\/#breadcrumb\"},\"inLanguage\":\"es\",\"potentialAction\":[{\"@type\":\"ReadAction\",\"target\":[\"http:\\\/\\\/vamosporlaliberacion.org\\\/crpmlm\\\/paro-nacional-docente-por-salario-y-la-educacion-publica\\\/\"]}]},{\"@type\":\"ImageObject\",\"inLanguage\":\"es\",\"@id\":\"http:\\\/\\\/vamosporlaliberacion.org\\\/crpmlm\\\/paro-nacional-docente-por-salario-y-la-educacion-publica\\\/#primaryimage\",\"url\":\"https:\\\/\\\/i0.wp.com\\\/vamosporlaliberacion.org\\\/crpmlm\\\/wp-content\\\/uploads\\\/2018\\\/09\\\/IMG_20180913_113116-800x600.jpg?fit=800%2C600&ssl=1\",\"contentUrl\":\"https:\\\/\\\/i0.wp.com\\\/vamosporlaliberacion.org\\\/crpmlm\\\/wp-content\\\/uploads\\\/2018\\\/09\\\/IMG_20180913_113116-800x600.jpg?fit=800%2C600&ssl=1\",\"width\":800,\"height\":600},{\"@type\":\"BreadcrumbList\",\"@id\":\"http:\\\/\\\/vamosporlaliberacion.org\\\/crpmlm\\\/paro-nacional-docente-por-salario-y-la-educacion-publica\\\/#breadcrumb\",\"itemListElement\":[{\"@type\":\"ListItem\",\"position\":1,\"name\":\"Portada\",\"item\":\"https:\\\/\\\/vamosporlaliberacion.org\\\/crpmlm\\\/\"},{\"@type\":\"ListItem\",\"position\":2,\"name\":\"Paro nacional docente: por salario y la educaci\u00f3n p\u00fablica\"}]},{\"@type\":\"WebSite\",\"@id\":\"https:\\\/\\\/vamosporlaliberacion.org\\\/crpmlm\\\/#website\",\"url\":\"https:\\\/\\\/vamosporlaliberacion.org\\\/crpmlm\\\/\",\"name\":\"Vamos por la Liberaci\u00f3n\",\"description\":\"Prensa CR\",\"potentialAction\":[{\"@type\":\"SearchAction\",\"target\":{\"@type\":\"EntryPoint\",\"urlTemplate\":\"https:\\\/\\\/vamosporlaliberacion.org\\\/crpmlm\\\/?s={search_term_string}\"},\"query-input\":{\"@type\":\"PropertyValueSpecification\",\"valueRequired\":true,\"valueName\":\"search_term_string\"}}],\"inLanguage\":\"es\"},{\"@type\":\"Person\",\"@id\":\"\",\"url\":\"http:\\\/\\\/vamosporlaliberacion.org\\\/crpmlm\\\/author\\\/\"}]}<\/script>\n<!-- \/ Yoast SEO plugin. -->","yoast_head_json":{"title":"Paro nacional docente: por salario y la educaci\u00f3n p\u00fablica - Vamos por la Liberaci\u00f3n","robots":{"index":"index","follow":"follow","max-snippet":"max-snippet:-1","max-image-preview":"max-image-preview:large","max-video-preview":"max-video-preview:-1"},"canonical":"http:\/\/vamosporlaliberacion.org\/crpmlm\/paro-nacional-docente-por-salario-y-la-educacion-publica\/","twitter_misc":{"Escrito por":"","Tiempo de lectura":"2 minutos"},"schema":{"@context":"https:\/\/schema.org","@graph":[{"@type":"Article","@id":"http:\/\/vamosporlaliberacion.org\/crpmlm\/paro-nacional-docente-por-salario-y-la-educacion-publica\/#article","isPartOf":{"@id":"http:\/\/vamosporlaliberacion.org\/crpmlm\/paro-nacional-docente-por-salario-y-la-educacion-publica\/"},"author":{"name":"","@id":""},"headline":"Paro nacional docente: por salario y la educaci\u00f3n p\u00fablica","datePublished":"2018-09-26T13:08:52+00:00","dateModified":"2020-10-23T23:58:16+00:00","mainEntityOfPage":{"@id":"http:\/\/vamosporlaliberacion.org\/crpmlm\/paro-nacional-docente-por-salario-y-la-educacion-publica\/"},"wordCount":448,"commentCount":0,"image":{"@id":"http:\/\/vamosporlaliberacion.org\/crpmlm\/paro-nacional-docente-por-salario-y-la-educacion-publica\/#primaryimage"},"thumbnailUrl":"https:\/\/i0.wp.com\/vamosporlaliberacion.org\/crpmlm\/wp-content\/uploads\/2018\/09\/IMG_20180913_113116-800x600.jpg?fit=800%2C600&ssl=1","keywords":["Educaci\u00f3n","paritarias","paro nacional","reapertura de paritarias","vxl 128"],"articleSection":["Actualidad e historia del movimiento obrero"],"inLanguage":"es","potentialAction":[{"@type":"CommentAction","name":"Comment","target":["http:\/\/vamosporlaliberacion.org\/crpmlm\/paro-nacional-docente-por-salario-y-la-educacion-publica\/#respond"]}]},{"@type":"WebPage","@id":"http:\/\/vamosporlaliberacion.org\/crpmlm\/paro-nacional-docente-por-salario-y-la-educacion-publica\/","url":"http:\/\/vamosporlaliberacion.org\/crpmlm\/paro-nacional-docente-por-salario-y-la-educacion-publica\/","name":"Paro nacional docente: por salario y la educaci\u00f3n p\u00fablica - Vamos por la Liberaci\u00f3n","isPartOf":{"@id":"https:\/\/vamosporlaliberacion.org\/crpmlm\/#website"},"primaryImageOfPage":{"@id":"http:\/\/vamosporlaliberacion.org\/crpmlm\/paro-nacional-docente-por-salario-y-la-educacion-publica\/#primaryimage"},"image":{"@id":"http:\/\/vamosporlaliberacion.org\/crpmlm\/paro-nacional-docente-por-salario-y-la-educacion-publica\/#primaryimage"},"thumbnailUrl":"https:\/\/i0.wp.com\/vamosporlaliberacion.org\/crpmlm\/wp-content\/uploads\/2018\/09\/IMG_20180913_113116-800x600.jpg?fit=800%2C600&ssl=1","datePublished":"2018-09-26T13:08:52+00:00","dateModified":"2020-10-23T23:58:16+00:00","author":{"@id":""},"breadcrumb":{"@id":"http:\/\/vamosporlaliberacion.org\/crpmlm\/paro-nacional-docente-por-salario-y-la-educacion-publica\/#breadcrumb"},"inLanguage":"es","potentialAction":[{"@type":"ReadAction","target":["http:\/\/vamosporlaliberacion.org\/crpmlm\/paro-nacional-docente-por-salario-y-la-educacion-publica\/"]}]},{"@type":"ImageObject","inLanguage":"es","@id":"http:\/\/vamosporlaliberacion.org\/crpmlm\/paro-nacional-docente-por-salario-y-la-educacion-publica\/#primaryimage","url":"https:\/\/i0.wp.com\/vamosporlaliberacion.org\/crpmlm\/wp-content\/uploads\/2018\/09\/IMG_20180913_113116-800x600.jpg?fit=800%2C600&ssl=1","contentUrl":"https:\/\/i0.wp.com\/vamosporlaliberacion.org\/crpmlm\/wp-content\/uploads\/2018\/09\/IMG_20180913_113116-800x600.jpg?fit=800%2C600&ssl=1","width":800,"height":600},{"@type":"BreadcrumbList","@id":"http:\/\/vamosporlaliberacion.org\/crpmlm\/paro-nacional-docente-por-salario-y-la-educacion-publica\/#breadcrumb","itemListElement":[{"@type":"ListItem","position":1,"name":"Portada","item":"https:\/\/vamosporlaliberacion.org\/crpmlm\/"},{"@type":"ListItem","position":2,"name":"Paro nacional docente: por salario y la educaci\u00f3n p\u00fablica"}]},{"@type":"WebSite","@id":"https:\/\/vamosporlaliberacion.org\/crpmlm\/#website","url":"https:\/\/vamosporlaliberacion.org\/crpmlm\/","name":"Vamos por la Liberaci\u00f3n","description":"Prensa CR","potentialAction":[{"@type":"SearchAction","target":{"@type":"EntryPoint","urlTemplate":"https:\/\/vamosporlaliberacion.org\/crpmlm\/?s={search_term_string}"},"query-input":{"@type":"PropertyValueSpecification","valueRequired":true,"valueName":"search_term_string"}}],"inLanguage":"es"},{"@type":"Person","@id":"","url":"http:\/\/vamosporlaliberacion.org\/crpmlm\/author\/"}]}},"jetpack_featured_media_url":"https:\/\/i0.wp.com\/vamosporlaliberacion.org\/crpmlm\/wp-content\/uploads\/2018\/09\/IMG_20180913_113116-800x600.jpg?fit=800%2C600&ssl=1","jetpack_sharing_enabled":true,"_links":{"self":[{"href":"http:\/\/vamosporlaliberacion.org\/crpmlm\/wp-json\/wp\/v2\/posts\/12422","targetHints":{"allow":["GET"]}}],"collection":[{"href":"http:\/\/vamosporlaliberacion.org\/crpmlm\/wp-json\/wp\/v2\/posts"}],"about":[{"href":"http:\/\/vamosporlaliberacion.org\/crpmlm\/wp-json\/wp\/v2\/types\/post"}],"author":[{"embeddable":true,"href":"http:\/\/vamosporlaliberacion.org\/crpmlm\/wp-json\/wp\/v2\/users\/5"}],"replies":[{"embeddable":true,"href":"http:\/\/vamosporlaliberacion.org\/crpmlm\/wp-json\/wp\/v2\/comments?post=12422"}],"version-history":[{"count":1,"href":"http:\/\/vamosporlaliberacion.org\/crpmlm\/wp-json\/wp\/v2\/posts\/12422\/revisions"}],"predecessor-version":[{"id":20379,"href":"http:\/\/vamosporlaliberacion.org\/crpmlm\/wp-json\/wp\/v2\/posts\/12422\/revisions\/20379"}],"wp:featuredmedia":[{"embeddable":true,"href":"http:\/\/vamosporlaliberacion.org\/crpmlm\/wp-json\/wp\/v2\/media\/12403"}],"wp:attachment":[{"href":"http:\/\/vamosporlaliberacion.org\/crpmlm\/wp-json\/wp\/v2\/media?parent=12422"}],"wp:term":[{"taxonomy":"category","embeddable":true,"href":"http:\/\/vamosporlaliberacion.org\/crpmlm\/wp-json\/wp\/v2\/categories?post=12422"},{"taxonomy":"post_tag","embeddable":true,"href":"http:\/\/vamosporlaliberacion.org\/crpmlm\/wp-json\/wp\/v2\/tags?post=12422"}],"curies":[{"name":"wp","href":"https:\/\/api.w.org\/{rel}","templated":true}]}}