{"id":11993,"date":"2018-08-01T11:52:28","date_gmt":"2018-08-01T14:52:28","guid":{"rendered":"http:\/\/vamosporlaliberacion.org\/crpmlm\/?p=11993"},"modified":"2018-08-01T11:52:28","modified_gmt":"2018-08-01T14:52:28","slug":"avanza-nuestra-colecta-financiera","status":"publish","type":"post","link":"http:\/\/vamosporlaliberacion.org\/crpmlm\/avanza-nuestra-colecta-financiera\/","title":{"rendered":"Avanza nuestra Colecta Financiera"},"content":{"rendered":"<p>La pelea por que todo el Partido se motorice en la recolecci\u00f3n de fondos para su funcionamiento y desarrollo, hoy presidido por la pol\u00edtica de derrotar la pol\u00edtica y al gobierno de Macri y su pacto con el FMI, est\u00e1 en curso.<\/p>\n<p>La mayor\u00eda de las zonas planific\u00f3 la campa\u00f1a, pero hay una parte que no, y esto debe abordarse. Porque un Partido sin finanzas es un cuerpo sin sangre. La lucha es por llevar adelante una campa\u00f1a financiera de todo el Partido y en todas las zonas.<\/p>\n<p>En las experiencias m\u00e1s avanzadas esto empez\u00f3 un debate colectivo, por un plan concreto, objetivos y luego controles peri\u00f3dicos. Reunir a todos los afiliados de cada organismo, acordar los aportes internos, hacer listas con propuestas, definir iniciativas de masas que ayudar\u00e1n tambi\u00e9n a abordar las listas, bloqueos con alcanc\u00edas, pines, recorridas. Definir en particular como abordarla en el centro pol\u00edtico de la zona. Y en definitiva, condensar todo en un objetivo monetario y de cantidad de aportistas, apuntando a ir tambi\u00e9n desarrollando una lista de aportistas calificados, que incluso ayude al sostenimiento mensualmente. Sobre esa base, los controles semanales vienen siendo la clave para ayudar donde hay retraso, corroborar lo acertado y corregir donde haga falta.<\/p>\n<h2>Llevamos hecho el 67% de la Colecta planificada<\/h2>\n<p>C\u00f3rdoba est\u00e1 en el 65%, Bah\u00eda Blanca en el 73%, Chascom\u00fas en el 80%, Zona Norte en el 41%, Tierra del Fuego 45%, Santiago del Estero 40%, Cipolletti 64%, CABA 71% y Santa Fe 55%, de los que han informado su cierre parcial al cierre de este Vamos!.<br \/>\nLa Colecta es la tarea org\u00e1nica principal en este momento. Ahora tiramos de ah\u00ed para el desarrollo del Partido. Sin Partido no hay independencia de clase en el frente \u00fanico, ni perspectiva de la hegemon\u00eda imprescindible en cualquier revoluci\u00f3n triunfante.<\/p>\n<p>Hoy en medio de la lucha contra la pol\u00edtica de Macri y por la aprobaci\u00f3n de la ley del derecho al aborto, las posibilidades para hacer una campa\u00f1a amplia y de masas son much\u00edsimas, como venimos comprobando. En general donde hemos ubicado la amplitud pol\u00edtica actual del frente \u00fanico en el que trabajamos y nos sentamos a ver iniciativas desde el Partido entre las masas, la campa\u00f1a avanza.<\/p>\n<p>En el contexto de la hegemon\u00eda actual, que en general se evidencia en la unidad que viene desarroll\u00e1ndose contra el gobierno de Macri, est\u00e1n los que se excluyen de esa unidad, como pas\u00f3 por ejemplo el 9J con las fuerzas que act\u00faan con un enfoque alternativista. Y estamos los que sabemos que la hegemon\u00eda no se elige, se disputa.<\/p>\n<p>Debemos asumir desde todos los zonales que esta tarea pol\u00edtica, que es la Campa\u00f1a Financiera, est\u00e1 en lucha, por lo que debemos esforzarnos m\u00e1s en reflejarla tambi\u00e9n en el Vamos! como \u00f3rgano del Partido. C\u00f3mo se integra la lucha contra Macri con las contradicciones pol\u00edticas propias de cada distrito. Reflejar las mejores experiencias ayuda a los lugares m\u00e1s retrasados a destrabar y resolver<\/p>\n<p>Para el pr\u00f3ximo n\u00famero de Vamos! estar\u00e1 cerrando la Colecta Financiera. Redoblar esfuerzos para hacer campa\u00f1a planificada en todos los zonales, llegar a cada objetivo y al objetivo nacional!<\/p>\n<!-- AddThis Advanced Settings generic via filter on the_content --><!-- AddThis Share Buttons generic via filter on the_content -->","protected":false},"excerpt":{"rendered":"<p>La pelea por que todo el Partido se motorice en la recolecci\u00f3n de fondos para su funcionamiento y desarrollo, hoy presidido por la pol\u00edtica de derrotar la pol\u00edtica y al gobierno de Macri y su pacto con el FMI, est\u00e1 en curso. La mayor\u00eda de las zonas planific\u00f3 la campa\u00f1a, pero hay una parte que [&hellip;]<!-- AddThis Advanced Settings generic via filter on get_the_excerpt --><!-- AddThis Share Buttons generic via filter on get_the_excerpt --><\/p>\n","protected":false},"author":5,"featured_media":11958,"comment_status":"open","ping_status":"open","sticky":false,"template":"","format":"standard","meta":{"_jetpack_memberships_contains_paid_content":false,"footnotes":""},"categories":[1699],"tags":[62,520,1207],"class_list":{"0":"post-11993","1":"post","2":"type-post","3":"status-publish","4":"format-standard","5":"has-post-thumbnail","7":"category-noticias","8":"tag-colecta-financiera","9":"tag-destacado-2","10":"tag-vxl-124"},"yoast_head":"<!-- This site is optimized with the Yoast SEO plugin v27.4 - https:\/\/yoast.com\/product\/yoast-seo-wordpress\/ -->\n<title>Avanza nuestra Colecta Financiera - Vamos por la Liberaci\u00f3n<\/title>\n<meta name=\"robots\" content=\"index, follow, max-snippet:-1, max-image-preview:large, max-video-preview:-1\" \/>\n<link rel=\"canonical\" href=\"https:\/\/vamosporlaliberacion.org\/crpmlm\/avanza-nuestra-colecta-financiera\/\" \/>\n<meta name=\"twitter:label1\" content=\"Escrito por\" \/>\n\t<meta name=\"twitter:data1\" content=\"\" \/>\n\t<meta name=\"twitter:label2\" content=\"Tiempo de lectura\" \/>\n\t<meta name=\"twitter:data2\" content=\"3 minutos\" \/>\n<script type=\"application\/ld+json\" class=\"yoast-schema-graph\">{\"@context\":\"https:\\\/\\\/schema.org\",\"@graph\":[{\"@type\":\"Article\",\"@id\":\"https:\\\/\\\/vamosporlaliberacion.org\\\/crpmlm\\\/avanza-nuestra-colecta-financiera\\\/#article\",\"isPartOf\":{\"@id\":\"https:\\\/\\\/vamosporlaliberacion.org\\\/crpmlm\\\/avanza-nuestra-colecta-financiera\\\/\"},\"author\":{\"name\":\"\",\"@id\":\"\"},\"headline\":\"Avanza nuestra Colecta Financiera\",\"datePublished\":\"2018-08-01T14:52:28+00:00\",\"mainEntityOfPage\":{\"@id\":\"https:\\\/\\\/vamosporlaliberacion.org\\\/crpmlm\\\/avanza-nuestra-colecta-financiera\\\/\"},\"wordCount\":553,\"commentCount\":0,\"image\":{\"@id\":\"https:\\\/\\\/vamosporlaliberacion.org\\\/crpmlm\\\/avanza-nuestra-colecta-financiera\\\/#primaryimage\"},\"thumbnailUrl\":\"https:\\\/\\\/i0.wp.com\\\/vamosporlaliberacion.org\\\/crpmlm\\\/wp-content\\\/uploads\\\/2018\\\/07\\\/Maria-Aux.jpg?fit=908%2C457&ssl=1\",\"keywords\":[\"Colecta financiera\",\"destacado 2\",\"vxl 124\"],\"articleSection\":[\"Noticias\"],\"inLanguage\":\"es\",\"potentialAction\":[{\"@type\":\"CommentAction\",\"name\":\"Comment\",\"target\":[\"https:\\\/\\\/vamosporlaliberacion.org\\\/crpmlm\\\/avanza-nuestra-colecta-financiera\\\/#respond\"]}]},{\"@type\":\"WebPage\",\"@id\":\"https:\\\/\\\/vamosporlaliberacion.org\\\/crpmlm\\\/avanza-nuestra-colecta-financiera\\\/\",\"url\":\"https:\\\/\\\/vamosporlaliberacion.org\\\/crpmlm\\\/avanza-nuestra-colecta-financiera\\\/\",\"name\":\"Avanza nuestra Colecta Financiera - Vamos por la Liberaci\u00f3n\",\"isPartOf\":{\"@id\":\"https:\\\/\\\/vamosporlaliberacion.org\\\/crpmlm\\\/#website\"},\"primaryImageOfPage\":{\"@id\":\"https:\\\/\\\/vamosporlaliberacion.org\\\/crpmlm\\\/avanza-nuestra-colecta-financiera\\\/#primaryimage\"},\"image\":{\"@id\":\"https:\\\/\\\/vamosporlaliberacion.org\\\/crpmlm\\\/avanza-nuestra-colecta-financiera\\\/#primaryimage\"},\"thumbnailUrl\":\"https:\\\/\\\/i0.wp.com\\\/vamosporlaliberacion.org\\\/crpmlm\\\/wp-content\\\/uploads\\\/2018\\\/07\\\/Maria-Aux.jpg?fit=908%2C457&ssl=1\",\"datePublished\":\"2018-08-01T14:52:28+00:00\",\"author\":{\"@id\":\"\"},\"breadcrumb\":{\"@id\":\"https:\\\/\\\/vamosporlaliberacion.org\\\/crpmlm\\\/avanza-nuestra-colecta-financiera\\\/#breadcrumb\"},\"inLanguage\":\"es\",\"potentialAction\":[{\"@type\":\"ReadAction\",\"target\":[\"https:\\\/\\\/vamosporlaliberacion.org\\\/crpmlm\\\/avanza-nuestra-colecta-financiera\\\/\"]}]},{\"@type\":\"ImageObject\",\"inLanguage\":\"es\",\"@id\":\"https:\\\/\\\/vamosporlaliberacion.org\\\/crpmlm\\\/avanza-nuestra-colecta-financiera\\\/#primaryimage\",\"url\":\"https:\\\/\\\/i0.wp.com\\\/vamosporlaliberacion.org\\\/crpmlm\\\/wp-content\\\/uploads\\\/2018\\\/07\\\/Maria-Aux.jpg?fit=908%2C457&ssl=1\",\"contentUrl\":\"https:\\\/\\\/i0.wp.com\\\/vamosporlaliberacion.org\\\/crpmlm\\\/wp-content\\\/uploads\\\/2018\\\/07\\\/Maria-Aux.jpg?fit=908%2C457&ssl=1\",\"width\":908,\"height\":457,\"caption\":\"Charla en el barrio Mar\u00eda Auxiliadora de CABA donde se hicieron 46 aportes de $100 con las porciones de comida t\u00edpica en el barrio y entre los asistentes. Iniciativa que se reprodujo en la Villa 11-14 del Bajo Flores. Este fin de semana \u00faltimo y se marcha a hacer en Los Pinos y los restantes barrios en los que trabajamos.\"},{\"@type\":\"BreadcrumbList\",\"@id\":\"https:\\\/\\\/vamosporlaliberacion.org\\\/crpmlm\\\/avanza-nuestra-colecta-financiera\\\/#breadcrumb\",\"itemListElement\":[{\"@type\":\"ListItem\",\"position\":1,\"name\":\"Portada\",\"item\":\"https:\\\/\\\/vamosporlaliberacion.org\\\/crpmlm\\\/\"},{\"@type\":\"ListItem\",\"position\":2,\"name\":\"Avanza nuestra Colecta Financiera\"}]},{\"@type\":\"WebSite\",\"@id\":\"https:\\\/\\\/vamosporlaliberacion.org\\\/crpmlm\\\/#website\",\"url\":\"https:\\\/\\\/vamosporlaliberacion.org\\\/crpmlm\\\/\",\"name\":\"Vamos por la Liberaci\u00f3n\",\"description\":\"Prensa CR\",\"potentialAction\":[{\"@type\":\"SearchAction\",\"target\":{\"@type\":\"EntryPoint\",\"urlTemplate\":\"https:\\\/\\\/vamosporlaliberacion.org\\\/crpmlm\\\/?s={search_term_string}\"},\"query-input\":{\"@type\":\"PropertyValueSpecification\",\"valueRequired\":true,\"valueName\":\"search_term_string\"}}],\"inLanguage\":\"es\"},{\"@type\":\"Person\",\"@id\":\"\",\"url\":\"http:\\\/\\\/vamosporlaliberacion.org\\\/crpmlm\\\/author\\\/\"}]}<\/script>\n<!-- \/ Yoast SEO plugin. -->","yoast_head_json":{"title":"Avanza nuestra Colecta Financiera - Vamos por la Liberaci\u00f3n","robots":{"index":"index","follow":"follow","max-snippet":"max-snippet:-1","max-image-preview":"max-image-preview:large","max-video-preview":"max-video-preview:-1"},"canonical":"https:\/\/vamosporlaliberacion.org\/crpmlm\/avanza-nuestra-colecta-financiera\/","twitter_misc":{"Escrito por":"","Tiempo de lectura":"3 minutos"},"schema":{"@context":"https:\/\/schema.org","@graph":[{"@type":"Article","@id":"https:\/\/vamosporlaliberacion.org\/crpmlm\/avanza-nuestra-colecta-financiera\/#article","isPartOf":{"@id":"https:\/\/vamosporlaliberacion.org\/crpmlm\/avanza-nuestra-colecta-financiera\/"},"author":{"name":"","@id":""},"headline":"Avanza nuestra Colecta Financiera","datePublished":"2018-08-01T14:52:28+00:00","mainEntityOfPage":{"@id":"https:\/\/vamosporlaliberacion.org\/crpmlm\/avanza-nuestra-colecta-financiera\/"},"wordCount":553,"commentCount":0,"image":{"@id":"https:\/\/vamosporlaliberacion.org\/crpmlm\/avanza-nuestra-colecta-financiera\/#primaryimage"},"thumbnailUrl":"https:\/\/i0.wp.com\/vamosporlaliberacion.org\/crpmlm\/wp-content\/uploads\/2018\/07\/Maria-Aux.jpg?fit=908%2C457&ssl=1","keywords":["Colecta financiera","destacado 2","vxl 124"],"articleSection":["Noticias"],"inLanguage":"es","potentialAction":[{"@type":"CommentAction","name":"Comment","target":["https:\/\/vamosporlaliberacion.org\/crpmlm\/avanza-nuestra-colecta-financiera\/#respond"]}]},{"@type":"WebPage","@id":"https:\/\/vamosporlaliberacion.org\/crpmlm\/avanza-nuestra-colecta-financiera\/","url":"https:\/\/vamosporlaliberacion.org\/crpmlm\/avanza-nuestra-colecta-financiera\/","name":"Avanza nuestra Colecta Financiera - Vamos por la Liberaci\u00f3n","isPartOf":{"@id":"https:\/\/vamosporlaliberacion.org\/crpmlm\/#website"},"primaryImageOfPage":{"@id":"https:\/\/vamosporlaliberacion.org\/crpmlm\/avanza-nuestra-colecta-financiera\/#primaryimage"},"image":{"@id":"https:\/\/vamosporlaliberacion.org\/crpmlm\/avanza-nuestra-colecta-financiera\/#primaryimage"},"thumbnailUrl":"https:\/\/i0.wp.com\/vamosporlaliberacion.org\/crpmlm\/wp-content\/uploads\/2018\/07\/Maria-Aux.jpg?fit=908%2C457&ssl=1","datePublished":"2018-08-01T14:52:28+00:00","author":{"@id":""},"breadcrumb":{"@id":"https:\/\/vamosporlaliberacion.org\/crpmlm\/avanza-nuestra-colecta-financiera\/#breadcrumb"},"inLanguage":"es","potentialAction":[{"@type":"ReadAction","target":["https:\/\/vamosporlaliberacion.org\/crpmlm\/avanza-nuestra-colecta-financiera\/"]}]},{"@type":"ImageObject","inLanguage":"es","@id":"https:\/\/vamosporlaliberacion.org\/crpmlm\/avanza-nuestra-colecta-financiera\/#primaryimage","url":"https:\/\/i0.wp.com\/vamosporlaliberacion.org\/crpmlm\/wp-content\/uploads\/2018\/07\/Maria-Aux.jpg?fit=908%2C457&ssl=1","contentUrl":"https:\/\/i0.wp.com\/vamosporlaliberacion.org\/crpmlm\/wp-content\/uploads\/2018\/07\/Maria-Aux.jpg?fit=908%2C457&ssl=1","width":908,"height":457,"caption":"Charla en el barrio Mar\u00eda Auxiliadora de CABA donde se hicieron 46 aportes de $100 con las porciones de comida t\u00edpica en el barrio y entre los asistentes. Iniciativa que se reprodujo en la Villa 11-14 del Bajo Flores. Este fin de semana \u00faltimo y se marcha a hacer en Los Pinos y los restantes barrios en los que trabajamos."},{"@type":"BreadcrumbList","@id":"https:\/\/vamosporlaliberacion.org\/crpmlm\/avanza-nuestra-colecta-financiera\/#breadcrumb","itemListElement":[{"@type":"ListItem","position":1,"name":"Portada","item":"https:\/\/vamosporlaliberacion.org\/crpmlm\/"},{"@type":"ListItem","position":2,"name":"Avanza nuestra Colecta Financiera"}]},{"@type":"WebSite","@id":"https:\/\/vamosporlaliberacion.org\/crpmlm\/#website","url":"https:\/\/vamosporlaliberacion.org\/crpmlm\/","name":"Vamos por la Liberaci\u00f3n","description":"Prensa CR","potentialAction":[{"@type":"SearchAction","target":{"@type":"EntryPoint","urlTemplate":"https:\/\/vamosporlaliberacion.org\/crpmlm\/?s={search_term_string}"},"query-input":{"@type":"PropertyValueSpecification","valueRequired":true,"valueName":"search_term_string"}}],"inLanguage":"es"},{"@type":"Person","@id":"","url":"http:\/\/vamosporlaliberacion.org\/crpmlm\/author\/"}]}},"jetpack_featured_media_url":"https:\/\/i0.wp.com\/vamosporlaliberacion.org\/crpmlm\/wp-content\/uploads\/2018\/07\/Maria-Aux.jpg?fit=908%2C457&ssl=1","jetpack_sharing_enabled":true,"_links":{"self":[{"href":"http:\/\/vamosporlaliberacion.org\/crpmlm\/wp-json\/wp\/v2\/posts\/11993","targetHints":{"allow":["GET"]}}],"collection":[{"href":"http:\/\/vamosporlaliberacion.org\/crpmlm\/wp-json\/wp\/v2\/posts"}],"about":[{"href":"http:\/\/vamosporlaliberacion.org\/crpmlm\/wp-json\/wp\/v2\/types\/post"}],"author":[{"embeddable":true,"href":"http:\/\/vamosporlaliberacion.org\/crpmlm\/wp-json\/wp\/v2\/users\/5"}],"replies":[{"embeddable":true,"href":"http:\/\/vamosporlaliberacion.org\/crpmlm\/wp-json\/wp\/v2\/comments?post=11993"}],"version-history":[{"count":0,"href":"http:\/\/vamosporlaliberacion.org\/crpmlm\/wp-json\/wp\/v2\/posts\/11993\/revisions"}],"wp:featuredmedia":[{"embeddable":true,"href":"http:\/\/vamosporlaliberacion.org\/crpmlm\/wp-json\/wp\/v2\/media\/11958"}],"wp:attachment":[{"href":"http:\/\/vamosporlaliberacion.org\/crpmlm\/wp-json\/wp\/v2\/media?parent=11993"}],"wp:term":[{"taxonomy":"category","embeddable":true,"href":"http:\/\/vamosporlaliberacion.org\/crpmlm\/wp-json\/wp\/v2\/categories?post=11993"},{"taxonomy":"post_tag","embeddable":true,"href":"http:\/\/vamosporlaliberacion.org\/crpmlm\/wp-json\/wp\/v2\/tags?post=11993"}],"curies":[{"name":"wp","href":"https:\/\/api.w.org\/{rel}","templated":true}]}}