{"id":11884,"date":"2018-07-12T22:24:48","date_gmt":"2018-07-13T01:24:48","guid":{"rendered":"http:\/\/vamosporlaliberacion.org\/crpmlm\/?p=11884"},"modified":"2018-07-12T22:24:48","modified_gmt":"2018-07-13T01:24:48","slug":"colecta-en-caba-para-derrotar-el-pacto-macri-fmi","status":"publish","type":"post","link":"http:\/\/vamosporlaliberacion.org\/crpmlm\/colecta-en-caba-para-derrotar-el-pacto-macri-fmi\/","title":{"rendered":"Colecta en CABA: Para derrotar el pacto Macri-FMI"},"content":{"rendered":"<p>El s\u00e1bado 2 el Comit\u00e9 de la zona termin\u00f3 de hacer la proclamaci\u00f3n de la campa\u00f1a, ubicando que el eje central de la pol\u00edtica hoy es el repudio al acuerdo con el Fondo del gobierno de Macri, pol\u00edtica que se manifiesta en la inflaci\u00f3n, la recesi\u00f3n y los despidos, el viejo y nuevo tope salarial y en todas las medidas de ajuste gubernamentales. Este debe ser el eje de la campa\u00f1a, que debe adoptar una forma para ser claramente parte de esta lucha. Porque adem\u00e1s, como volvi\u00f3 a quedar expuesto con la disparada del d\u00f3lar a $30 del viernes 1\u00ba, la situaci\u00f3n econ\u00f3mica y pol\u00edtica del gobierno es muy precaria. Y por lo tanto, adem\u00e1s de la posibilidad de un desenlace pol\u00edtico electoral en el 2019, puede precipitarse un pico de la crisis econ\u00f3mica que desate una crisis pol\u00edtica frente a lo cual tambi\u00e9n tener una l\u00ednea para actuar.<\/p>\n<p>As\u00ed como en los movimientos de masas est\u00e1n los quieren luchar con todo, hay una parte apesadumbrada, que siente impotencia porque no ve una salida. Porque est\u00e1 planteado un nudo pol\u00edtico: \u00bfse puede derrotar esta pol\u00edtica desde el pueblo y c\u00f3mo? Y a esto se suma que la mayor\u00eda de las fuerzas de izquierda y la l\u00ednea de la CTA que dirige Unidad Popular se oponen a motorizar la unidad pol\u00edtica necesaria para derrotarla, porque se oponen a que hoy la contradicci\u00f3n principal que divide aguas en la pol\u00edtica nacional de la Argentina es entre el gobierno de Macri y el pueblo.<\/p>\n<p>Producto de abordar este nudo de la situaci\u00f3n pol\u00edtica y que est\u00e1 en el seno las masas y lo necesario de nuestro rol, se aprobaron objetivos que expresan un salto cualitativo (y no solo inflacionario) con respecto a la campa\u00f1a del a\u00f1o anterior, que son un 40% superiores y apuestan a multiplicar en varias veces las cantidad de aportistas con instrumentos de masas, como por ejemplo el pin o la calcoman\u00eda de repudio al pacto. Por eso ubicamos la convocatoria del 9 de Julio \u201cLa Patria no se rinde\u201d como un centro para desplegar esta l\u00ednea para la campa\u00f1a financiera.<\/p>\n<p><strong>La jornada del 9J<\/strong><\/p>\n<p>La semana transcurri\u00f3 dando batalla para pronunciar los organismos de masas sindicales y estudiantiles por la convocatoria a \u201cLa Patria no se rinde!\u201d del 9 de Julio y desplegando el pedido de aportes en los lugares. Y as\u00ed la jornada en s\u00ed del 9J nos ha dejado un saldo muy positivo, porque tens\u00f3 a nuestra fuerza pol\u00edtica y organizativamente.<\/p>\n<p>Desde temprano se puso una mesa con el Vamos!, volantes, pines y calcos \u201cescarapela anti fondo\u201d y por la Ley de Aborto, una parrilla y venta de locro que trajeron los compa\u00f1eros que trabajan en el movimiento piquetero y barrial. Se organiz\u00f3 a los compa\u00f1eros para salir a vender pines, volantear y vender Vamos!. Se vendieron m\u00e1s de 100 pines a $30, tambi\u00e9n calcos y materiales de la campa\u00f1a por el aborto. Se agot\u00f3 el locro y la parrilla, se repartieron 8 mil volantes y se vendieron 65 Vamos!. O sea, el resultado ha sido un \u00e9xito. Un \u00e9xito que a la vez muestra que necesitamos m\u00e1s brazos y tenemos que salir a afiliar al Partido y la Juventud.<\/p>\n<p><strong>Ahora iniciativas en los lugares<\/strong><\/p>\n<p>Lo que tambi\u00e9n se ha planificado es adem\u00e1s de ir pidiendo aportes individualmente con bonos e instrumentos, hacer iniciativas por lugar con charlas, invitando a compa\u00f1eros de la direcci\u00f3n de partido, asado en no docentes, empanadeadas en casas en docentes y estatales, venta de comida con charlas en cada barrio juntando a los amigos que ya traemos del movimiento piquetero y sumando ahora a los de la lucha barrial, etc. Porque juntamos plata y tiene que crecer el Partido para llevar adelante una pol\u00edtica: derrotar el pacto de Macri y el FMI con la lucha popular y as\u00ed crear una situaci\u00f3n en la que pase a estar en la orden del d\u00eda empezar a aplicar las medidas que el pueblo y la Patria necesitan.<\/p>\n<p>Corresponsal<\/p>\n<!-- AddThis Advanced Settings generic via filter on the_content --><!-- AddThis Share Buttons generic via filter on the_content -->","protected":false},"excerpt":{"rendered":"<p>El s\u00e1bado 2 el Comit\u00e9 de la zona termin\u00f3 de hacer la proclamaci\u00f3n de la campa\u00f1a, ubicando que el eje central de la pol\u00edtica hoy es el repudio al acuerdo con el Fondo del gobierno de Macri, pol\u00edtica que se manifiesta en la inflaci\u00f3n, la recesi\u00f3n y los despidos, el viejo y nuevo tope salarial [&hellip;]<!-- AddThis Advanced Settings generic via filter on get_the_excerpt --><!-- AddThis Share Buttons generic via filter on get_the_excerpt --><\/p>\n","protected":false},"author":5,"featured_media":11885,"comment_status":"open","ping_status":"open","sticky":false,"template":"","format":"standard","meta":{"_jetpack_memberships_contains_paid_content":false,"footnotes":""},"categories":[1699],"tags":[45,62,520,1204],"class_list":{"0":"post-11884","1":"post","2":"type-post","3":"status-publish","4":"format-standard","5":"has-post-thumbnail","7":"category-noticias","8":"tag-caba","9":"tag-colecta-financiera","10":"tag-destacado-2","11":"tag-vxl-123"},"yoast_head":"<!-- This site is optimized with the Yoast SEO plugin v27.4 - https:\/\/yoast.com\/product\/yoast-seo-wordpress\/ -->\n<title>Colecta en CABA: Para derrotar el pacto Macri-FMI - Vamos por la Liberaci\u00f3n<\/title>\n<meta name=\"robots\" content=\"index, follow, max-snippet:-1, max-image-preview:large, max-video-preview:-1\" \/>\n<link rel=\"canonical\" href=\"http:\/\/vamosporlaliberacion.org\/crpmlm\/colecta-en-caba-para-derrotar-el-pacto-macri-fmi\/\" \/>\n<meta name=\"twitter:label1\" content=\"Escrito por\" \/>\n\t<meta name=\"twitter:data1\" content=\"\" \/>\n\t<meta name=\"twitter:label2\" content=\"Tiempo de lectura\" \/>\n\t<meta name=\"twitter:data2\" content=\"4 minutos\" \/>\n<script type=\"application\/ld+json\" class=\"yoast-schema-graph\">{\"@context\":\"https:\\\/\\\/schema.org\",\"@graph\":[{\"@type\":\"Article\",\"@id\":\"http:\\\/\\\/vamosporlaliberacion.org\\\/crpmlm\\\/colecta-en-caba-para-derrotar-el-pacto-macri-fmi\\\/#article\",\"isPartOf\":{\"@id\":\"http:\\\/\\\/vamosporlaliberacion.org\\\/crpmlm\\\/colecta-en-caba-para-derrotar-el-pacto-macri-fmi\\\/\"},\"author\":{\"name\":\"\",\"@id\":\"\"},\"headline\":\"Colecta en CABA: Para derrotar el pacto Macri-FMI\",\"datePublished\":\"2018-07-13T01:24:48+00:00\",\"mainEntityOfPage\":{\"@id\":\"http:\\\/\\\/vamosporlaliberacion.org\\\/crpmlm\\\/colecta-en-caba-para-derrotar-el-pacto-macri-fmi\\\/\"},\"wordCount\":709,\"commentCount\":0,\"image\":{\"@id\":\"http:\\\/\\\/vamosporlaliberacion.org\\\/crpmlm\\\/colecta-en-caba-para-derrotar-el-pacto-macri-fmi\\\/#primaryimage\"},\"thumbnailUrl\":\"https:\\\/\\\/i0.wp.com\\\/vamosporlaliberacion.org\\\/crpmlm\\\/wp-content\\\/uploads\\\/2018\\\/07\\\/WP_20180709_13_47_16_Pro.jpg?fit=3264%2C1840&ssl=1\",\"keywords\":[\"CABA\",\"Colecta financiera\",\"destacado 2\",\"Vxl 123\"],\"articleSection\":[\"Noticias\"],\"inLanguage\":\"es\",\"potentialAction\":[{\"@type\":\"CommentAction\",\"name\":\"Comment\",\"target\":[\"http:\\\/\\\/vamosporlaliberacion.org\\\/crpmlm\\\/colecta-en-caba-para-derrotar-el-pacto-macri-fmi\\\/#respond\"]}]},{\"@type\":\"WebPage\",\"@id\":\"http:\\\/\\\/vamosporlaliberacion.org\\\/crpmlm\\\/colecta-en-caba-para-derrotar-el-pacto-macri-fmi\\\/\",\"url\":\"http:\\\/\\\/vamosporlaliberacion.org\\\/crpmlm\\\/colecta-en-caba-para-derrotar-el-pacto-macri-fmi\\\/\",\"name\":\"Colecta en CABA: Para derrotar el pacto Macri-FMI - Vamos por la Liberaci\u00f3n\",\"isPartOf\":{\"@id\":\"https:\\\/\\\/vamosporlaliberacion.org\\\/crpmlm\\\/#website\"},\"primaryImageOfPage\":{\"@id\":\"http:\\\/\\\/vamosporlaliberacion.org\\\/crpmlm\\\/colecta-en-caba-para-derrotar-el-pacto-macri-fmi\\\/#primaryimage\"},\"image\":{\"@id\":\"http:\\\/\\\/vamosporlaliberacion.org\\\/crpmlm\\\/colecta-en-caba-para-derrotar-el-pacto-macri-fmi\\\/#primaryimage\"},\"thumbnailUrl\":\"https:\\\/\\\/i0.wp.com\\\/vamosporlaliberacion.org\\\/crpmlm\\\/wp-content\\\/uploads\\\/2018\\\/07\\\/WP_20180709_13_47_16_Pro.jpg?fit=3264%2C1840&ssl=1\",\"datePublished\":\"2018-07-13T01:24:48+00:00\",\"author\":{\"@id\":\"\"},\"breadcrumb\":{\"@id\":\"http:\\\/\\\/vamosporlaliberacion.org\\\/crpmlm\\\/colecta-en-caba-para-derrotar-el-pacto-macri-fmi\\\/#breadcrumb\"},\"inLanguage\":\"es\",\"potentialAction\":[{\"@type\":\"ReadAction\",\"target\":[\"http:\\\/\\\/vamosporlaliberacion.org\\\/crpmlm\\\/colecta-en-caba-para-derrotar-el-pacto-macri-fmi\\\/\"]}]},{\"@type\":\"ImageObject\",\"inLanguage\":\"es\",\"@id\":\"http:\\\/\\\/vamosporlaliberacion.org\\\/crpmlm\\\/colecta-en-caba-para-derrotar-el-pacto-macri-fmi\\\/#primaryimage\",\"url\":\"https:\\\/\\\/i0.wp.com\\\/vamosporlaliberacion.org\\\/crpmlm\\\/wp-content\\\/uploads\\\/2018\\\/07\\\/WP_20180709_13_47_16_Pro.jpg?fit=3264%2C1840&ssl=1\",\"contentUrl\":\"https:\\\/\\\/i0.wp.com\\\/vamosporlaliberacion.org\\\/crpmlm\\\/wp-content\\\/uploads\\\/2018\\\/07\\\/WP_20180709_13_47_16_Pro.jpg?fit=3264%2C1840&ssl=1\",\"width\":3264,\"height\":1840},{\"@type\":\"BreadcrumbList\",\"@id\":\"http:\\\/\\\/vamosporlaliberacion.org\\\/crpmlm\\\/colecta-en-caba-para-derrotar-el-pacto-macri-fmi\\\/#breadcrumb\",\"itemListElement\":[{\"@type\":\"ListItem\",\"position\":1,\"name\":\"Portada\",\"item\":\"https:\\\/\\\/vamosporlaliberacion.org\\\/crpmlm\\\/\"},{\"@type\":\"ListItem\",\"position\":2,\"name\":\"Colecta en CABA: Para derrotar el pacto Macri-FMI\"}]},{\"@type\":\"WebSite\",\"@id\":\"https:\\\/\\\/vamosporlaliberacion.org\\\/crpmlm\\\/#website\",\"url\":\"https:\\\/\\\/vamosporlaliberacion.org\\\/crpmlm\\\/\",\"name\":\"Vamos por la Liberaci\u00f3n\",\"description\":\"Prensa CR\",\"potentialAction\":[{\"@type\":\"SearchAction\",\"target\":{\"@type\":\"EntryPoint\",\"urlTemplate\":\"https:\\\/\\\/vamosporlaliberacion.org\\\/crpmlm\\\/?s={search_term_string}\"},\"query-input\":{\"@type\":\"PropertyValueSpecification\",\"valueRequired\":true,\"valueName\":\"search_term_string\"}}],\"inLanguage\":\"es\"},{\"@type\":\"Person\",\"@id\":\"\",\"url\":\"http:\\\/\\\/vamosporlaliberacion.org\\\/crpmlm\\\/author\\\/\"}]}<\/script>\n<!-- \/ Yoast SEO plugin. -->","yoast_head_json":{"title":"Colecta en CABA: Para derrotar el pacto Macri-FMI - Vamos por la Liberaci\u00f3n","robots":{"index":"index","follow":"follow","max-snippet":"max-snippet:-1","max-image-preview":"max-image-preview:large","max-video-preview":"max-video-preview:-1"},"canonical":"http:\/\/vamosporlaliberacion.org\/crpmlm\/colecta-en-caba-para-derrotar-el-pacto-macri-fmi\/","twitter_misc":{"Escrito por":"","Tiempo de lectura":"4 minutos"},"schema":{"@context":"https:\/\/schema.org","@graph":[{"@type":"Article","@id":"http:\/\/vamosporlaliberacion.org\/crpmlm\/colecta-en-caba-para-derrotar-el-pacto-macri-fmi\/#article","isPartOf":{"@id":"http:\/\/vamosporlaliberacion.org\/crpmlm\/colecta-en-caba-para-derrotar-el-pacto-macri-fmi\/"},"author":{"name":"","@id":""},"headline":"Colecta en CABA: Para derrotar el pacto Macri-FMI","datePublished":"2018-07-13T01:24:48+00:00","mainEntityOfPage":{"@id":"http:\/\/vamosporlaliberacion.org\/crpmlm\/colecta-en-caba-para-derrotar-el-pacto-macri-fmi\/"},"wordCount":709,"commentCount":0,"image":{"@id":"http:\/\/vamosporlaliberacion.org\/crpmlm\/colecta-en-caba-para-derrotar-el-pacto-macri-fmi\/#primaryimage"},"thumbnailUrl":"https:\/\/i0.wp.com\/vamosporlaliberacion.org\/crpmlm\/wp-content\/uploads\/2018\/07\/WP_20180709_13_47_16_Pro.jpg?fit=3264%2C1840&ssl=1","keywords":["CABA","Colecta financiera","destacado 2","Vxl 123"],"articleSection":["Noticias"],"inLanguage":"es","potentialAction":[{"@type":"CommentAction","name":"Comment","target":["http:\/\/vamosporlaliberacion.org\/crpmlm\/colecta-en-caba-para-derrotar-el-pacto-macri-fmi\/#respond"]}]},{"@type":"WebPage","@id":"http:\/\/vamosporlaliberacion.org\/crpmlm\/colecta-en-caba-para-derrotar-el-pacto-macri-fmi\/","url":"http:\/\/vamosporlaliberacion.org\/crpmlm\/colecta-en-caba-para-derrotar-el-pacto-macri-fmi\/","name":"Colecta en CABA: Para derrotar el pacto Macri-FMI - Vamos por la Liberaci\u00f3n","isPartOf":{"@id":"https:\/\/vamosporlaliberacion.org\/crpmlm\/#website"},"primaryImageOfPage":{"@id":"http:\/\/vamosporlaliberacion.org\/crpmlm\/colecta-en-caba-para-derrotar-el-pacto-macri-fmi\/#primaryimage"},"image":{"@id":"http:\/\/vamosporlaliberacion.org\/crpmlm\/colecta-en-caba-para-derrotar-el-pacto-macri-fmi\/#primaryimage"},"thumbnailUrl":"https:\/\/i0.wp.com\/vamosporlaliberacion.org\/crpmlm\/wp-content\/uploads\/2018\/07\/WP_20180709_13_47_16_Pro.jpg?fit=3264%2C1840&ssl=1","datePublished":"2018-07-13T01:24:48+00:00","author":{"@id":""},"breadcrumb":{"@id":"http:\/\/vamosporlaliberacion.org\/crpmlm\/colecta-en-caba-para-derrotar-el-pacto-macri-fmi\/#breadcrumb"},"inLanguage":"es","potentialAction":[{"@type":"ReadAction","target":["http:\/\/vamosporlaliberacion.org\/crpmlm\/colecta-en-caba-para-derrotar-el-pacto-macri-fmi\/"]}]},{"@type":"ImageObject","inLanguage":"es","@id":"http:\/\/vamosporlaliberacion.org\/crpmlm\/colecta-en-caba-para-derrotar-el-pacto-macri-fmi\/#primaryimage","url":"https:\/\/i0.wp.com\/vamosporlaliberacion.org\/crpmlm\/wp-content\/uploads\/2018\/07\/WP_20180709_13_47_16_Pro.jpg?fit=3264%2C1840&ssl=1","contentUrl":"https:\/\/i0.wp.com\/vamosporlaliberacion.org\/crpmlm\/wp-content\/uploads\/2018\/07\/WP_20180709_13_47_16_Pro.jpg?fit=3264%2C1840&ssl=1","width":3264,"height":1840},{"@type":"BreadcrumbList","@id":"http:\/\/vamosporlaliberacion.org\/crpmlm\/colecta-en-caba-para-derrotar-el-pacto-macri-fmi\/#breadcrumb","itemListElement":[{"@type":"ListItem","position":1,"name":"Portada","item":"https:\/\/vamosporlaliberacion.org\/crpmlm\/"},{"@type":"ListItem","position":2,"name":"Colecta en CABA: Para derrotar el pacto Macri-FMI"}]},{"@type":"WebSite","@id":"https:\/\/vamosporlaliberacion.org\/crpmlm\/#website","url":"https:\/\/vamosporlaliberacion.org\/crpmlm\/","name":"Vamos por la Liberaci\u00f3n","description":"Prensa CR","potentialAction":[{"@type":"SearchAction","target":{"@type":"EntryPoint","urlTemplate":"https:\/\/vamosporlaliberacion.org\/crpmlm\/?s={search_term_string}"},"query-input":{"@type":"PropertyValueSpecification","valueRequired":true,"valueName":"search_term_string"}}],"inLanguage":"es"},{"@type":"Person","@id":"","url":"http:\/\/vamosporlaliberacion.org\/crpmlm\/author\/"}]}},"jetpack_featured_media_url":"https:\/\/i0.wp.com\/vamosporlaliberacion.org\/crpmlm\/wp-content\/uploads\/2018\/07\/WP_20180709_13_47_16_Pro.jpg?fit=3264%2C1840&ssl=1","jetpack_sharing_enabled":true,"_links":{"self":[{"href":"http:\/\/vamosporlaliberacion.org\/crpmlm\/wp-json\/wp\/v2\/posts\/11884","targetHints":{"allow":["GET"]}}],"collection":[{"href":"http:\/\/vamosporlaliberacion.org\/crpmlm\/wp-json\/wp\/v2\/posts"}],"about":[{"href":"http:\/\/vamosporlaliberacion.org\/crpmlm\/wp-json\/wp\/v2\/types\/post"}],"author":[{"embeddable":true,"href":"http:\/\/vamosporlaliberacion.org\/crpmlm\/wp-json\/wp\/v2\/users\/5"}],"replies":[{"embeddable":true,"href":"http:\/\/vamosporlaliberacion.org\/crpmlm\/wp-json\/wp\/v2\/comments?post=11884"}],"version-history":[{"count":0,"href":"http:\/\/vamosporlaliberacion.org\/crpmlm\/wp-json\/wp\/v2\/posts\/11884\/revisions"}],"wp:featuredmedia":[{"embeddable":true,"href":"http:\/\/vamosporlaliberacion.org\/crpmlm\/wp-json\/wp\/v2\/media\/11885"}],"wp:attachment":[{"href":"http:\/\/vamosporlaliberacion.org\/crpmlm\/wp-json\/wp\/v2\/media?parent=11884"}],"wp:term":[{"taxonomy":"category","embeddable":true,"href":"http:\/\/vamosporlaliberacion.org\/crpmlm\/wp-json\/wp\/v2\/categories?post=11884"},{"taxonomy":"post_tag","embeddable":true,"href":"http:\/\/vamosporlaliberacion.org\/crpmlm\/wp-json\/wp\/v2\/tags?post=11884"}],"curies":[{"name":"wp","href":"https:\/\/api.w.org\/{rel}","templated":true}]}}