{"id":11587,"date":"2018-05-17T21:03:29","date_gmt":"2018-05-18T00:03:29","guid":{"rendered":"http:\/\/vamosporlaliberacion.org\/crpmlm\/?p=11587"},"modified":"2018-05-17T21:03:29","modified_gmt":"2018-05-18T00:03:29","slug":"fua-fraude-de-la-franja-morada-y-la-jup","status":"publish","type":"post","link":"http:\/\/vamosporlaliberacion.org\/crpmlm\/fua-fraude-de-la-franja-morada-y-la-jup\/","title":{"rendered":"FUA: Fraude de la Franja Morada y la JUP"},"content":{"rendered":"<p>El Frente Unidad \u2013integrado por La Mella, MPE, Miles, CEPA, SUR, UES, La C\u00e1mpora, Nuevo Encuentro, Movimiento Evita y Estudiantes por la Liberaci\u00f3n\u2013 impuls\u00f3 un frente con el MNR y la JUP para ganar la conducci\u00f3n de la FUA y recuperarla para las y los estudiantes en un momento donde la crisis econ\u00f3mica de Macri-Cambiemos aplasta a los estudiantes y al pueblo, mientras la Franja en acuerdo con sus rectores mantiene paralizada la Federaci\u00f3n estudiantil en vez de volcarla a la lucha contra el ajuste y la entrega del gobierno. Ni que hablar de su ex presidenta, Josefina Mendoza, que como diputada vot\u00f3 el robo de la previsional a los jubilados.<\/p>\n<p>Lamentablemente, para la JUP pesaron m\u00e1s los acuerdos con la Franja, la presi\u00f3n de sus rectores y la obsecuencia del sector peronista \u201cacuerdista\u201d y \u201cdialoguista\u201d con Macri, el mismo que banc\u00f3 la reforma previsional. Eso explica por qu\u00e9 la Franja Morada con sus votos en la Junta Ejecutiva convalid\u00f3 que la JUP se robe en la acreditaci\u00f3n entre 20 y 30 delegados de distintas agrupaciones. Como esto no fue suficiente, luego restaron 31 votos para que el Frente Unidad no figure segundo en su acta-fraude. Hoy esta FUA lejos est\u00e1 de representar al movimiento estudiantil: en la foto se puede observar al propio Emiliano Yacobitti, secretario de Hacienda de la UBA, dirigiendo a sus disc\u00edpulos estudiantiles de la UCR.<\/p>\n<p>Un dato interesante es que si al Frente Unidad se le suman los delegados del FIT, se obtienen m\u00e1s votos que la Franja Morada. Quedar\u00e1 para el pr\u00f3ximo Congreso la oportunidad para que lxs compa\u00f1erxs abandonen los sectarismos y decidan de una vez por todas unirse para ganarle a la Franja, as\u00ed como tambi\u00e9n entre todos poner a funcionar realmente la FUBA para organizar al movimiento estudiantil de la UBA.<\/p>\n<p>M\u00e1s all\u00e1 de la bronca ante la maniobra antidemocr\u00e1tica perpetrada, desde Estudiantes por la Liberaci\u00f3n festejamos el poder de unidad para la lucha que pudimos alcanzar con un arco muy heterog\u00e9neo de organizaciones. Nuestra delegaci\u00f3n estuvo activa volanteando nuestra posici\u00f3n y tejiendo relaciones con muchos estudiantes de distintas organizaciones de todo el pa\u00eds. Apostamos a seguir construyendo y darle cuerpo a este frente con todos los que quieran sumarse en todos los lugares, porque representa el camino para enfrentar consecuentemente las pol\u00edticas de ajuste, entrega y represi\u00f3n de Macri y sus c\u00f3mplices, con el objetivo de hacer protagonizar a las y los estudiantes de esta y todas las luchas que nos quedan por delante en la conquista de cada uno de nuestros derechos en el camino de la liberaci\u00f3n de nuestro pueblo!<\/p>\n<p>En estas semanas seguimos luchando por m\u00e1s presupuesto y recomposici\u00f3n salarial docente del 25%, con paros y clases p\u00fablicas junto a los docentes y las dos CONADU\u2019s, la marcha nacional educativa el 17 de mayo, as\u00ed como con la Campa\u00f1a por el Aborto Legal, Seguro y Gratuito para que se apruebe el proyecto de Ley. Seguiremos impulsando la unidad para la lucha por una FUA de las y los estudiantes!<\/p>\n<!-- AddThis Advanced Settings generic via filter on the_content --><!-- AddThis Share Buttons generic via filter on the_content -->","protected":false},"excerpt":{"rendered":"<p>El Frente Unidad \u2013integrado por La Mella, MPE, Miles, CEPA, SUR, UES, La C\u00e1mpora, Nuevo Encuentro, Movimiento Evita y Estudiantes por la Liberaci\u00f3n\u2013 impuls\u00f3 un frente con el MNR y la JUP para ganar la conducci\u00f3n de la FUA y recuperarla para las y los estudiantes en un momento donde la crisis econ\u00f3mica de Macri-Cambiemos [&hellip;]<!-- AddThis Advanced Settings generic via filter on get_the_excerpt --><!-- AddThis Share Buttons generic via filter on get_the_excerpt --><\/p>\n","protected":false},"author":5,"featured_media":11588,"comment_status":"open","ping_status":"open","sticky":false,"template":"","format":"standard","meta":{"_jetpack_memberships_contains_paid_content":false,"footnotes":""},"categories":[1699],"tags":[521,683,624,1182],"class_list":{"0":"post-11587","1":"post","2":"type-post","3":"status-publish","4":"format-standard","5":"has-post-thumbnail","7":"category-noticias","8":"tag-destacado-1","9":"tag-fua","10":"tag-movimiento-estudiantil","11":"tag-vxl-119"},"yoast_head":"<!-- This site is optimized with the Yoast SEO plugin v27.4 - https:\/\/yoast.com\/product\/yoast-seo-wordpress\/ -->\n<title>FUA: Fraude de la Franja Morada y la JUP - Vamos por la Liberaci\u00f3n<\/title>\n<meta name=\"robots\" content=\"index, follow, max-snippet:-1, max-image-preview:large, max-video-preview:-1\" \/>\n<link rel=\"canonical\" href=\"https:\/\/vamosporlaliberacion.org\/crpmlm\/fua-fraude-de-la-franja-morada-y-la-jup\/\" \/>\n<meta name=\"twitter:label1\" content=\"Escrito por\" \/>\n\t<meta name=\"twitter:data1\" content=\"\" \/>\n\t<meta name=\"twitter:label2\" content=\"Tiempo de lectura\" \/>\n\t<meta name=\"twitter:data2\" content=\"3 minutos\" \/>\n<script type=\"application\/ld+json\" class=\"yoast-schema-graph\">{\"@context\":\"https:\\\/\\\/schema.org\",\"@graph\":[{\"@type\":\"Article\",\"@id\":\"https:\\\/\\\/vamosporlaliberacion.org\\\/crpmlm\\\/fua-fraude-de-la-franja-morada-y-la-jup\\\/#article\",\"isPartOf\":{\"@id\":\"https:\\\/\\\/vamosporlaliberacion.org\\\/crpmlm\\\/fua-fraude-de-la-franja-morada-y-la-jup\\\/\"},\"author\":{\"name\":\"\",\"@id\":\"\"},\"headline\":\"FUA: Fraude de la Franja Morada y la JUP\",\"datePublished\":\"2018-05-18T00:03:29+00:00\",\"mainEntityOfPage\":{\"@id\":\"https:\\\/\\\/vamosporlaliberacion.org\\\/crpmlm\\\/fua-fraude-de-la-franja-morada-y-la-jup\\\/\"},\"wordCount\":535,\"commentCount\":0,\"image\":{\"@id\":\"https:\\\/\\\/vamosporlaliberacion.org\\\/crpmlm\\\/fua-fraude-de-la-franja-morada-y-la-jup\\\/#primaryimage\"},\"thumbnailUrl\":\"https:\\\/\\\/i0.wp.com\\\/vamosporlaliberacion.org\\\/crpmlm\\\/wp-content\\\/uploads\\\/2018\\\/05\\\/fua-yacobiti.jpeg?fit=800%2C450&ssl=1\",\"keywords\":[\"destacado 1\",\"FUA\",\"movimiento estudiantil\",\"vxl 119\"],\"articleSection\":[\"Noticias\"],\"inLanguage\":\"es\",\"potentialAction\":[{\"@type\":\"CommentAction\",\"name\":\"Comment\",\"target\":[\"https:\\\/\\\/vamosporlaliberacion.org\\\/crpmlm\\\/fua-fraude-de-la-franja-morada-y-la-jup\\\/#respond\"]}]},{\"@type\":\"WebPage\",\"@id\":\"https:\\\/\\\/vamosporlaliberacion.org\\\/crpmlm\\\/fua-fraude-de-la-franja-morada-y-la-jup\\\/\",\"url\":\"https:\\\/\\\/vamosporlaliberacion.org\\\/crpmlm\\\/fua-fraude-de-la-franja-morada-y-la-jup\\\/\",\"name\":\"FUA: Fraude de la Franja Morada y la JUP - Vamos por la Liberaci\u00f3n\",\"isPartOf\":{\"@id\":\"https:\\\/\\\/vamosporlaliberacion.org\\\/crpmlm\\\/#website\"},\"primaryImageOfPage\":{\"@id\":\"https:\\\/\\\/vamosporlaliberacion.org\\\/crpmlm\\\/fua-fraude-de-la-franja-morada-y-la-jup\\\/#primaryimage\"},\"image\":{\"@id\":\"https:\\\/\\\/vamosporlaliberacion.org\\\/crpmlm\\\/fua-fraude-de-la-franja-morada-y-la-jup\\\/#primaryimage\"},\"thumbnailUrl\":\"https:\\\/\\\/i0.wp.com\\\/vamosporlaliberacion.org\\\/crpmlm\\\/wp-content\\\/uploads\\\/2018\\\/05\\\/fua-yacobiti.jpeg?fit=800%2C450&ssl=1\",\"datePublished\":\"2018-05-18T00:03:29+00:00\",\"author\":{\"@id\":\"\"},\"breadcrumb\":{\"@id\":\"https:\\\/\\\/vamosporlaliberacion.org\\\/crpmlm\\\/fua-fraude-de-la-franja-morada-y-la-jup\\\/#breadcrumb\"},\"inLanguage\":\"es\",\"potentialAction\":[{\"@type\":\"ReadAction\",\"target\":[\"https:\\\/\\\/vamosporlaliberacion.org\\\/crpmlm\\\/fua-fraude-de-la-franja-morada-y-la-jup\\\/\"]}]},{\"@type\":\"ImageObject\",\"inLanguage\":\"es\",\"@id\":\"https:\\\/\\\/vamosporlaliberacion.org\\\/crpmlm\\\/fua-fraude-de-la-franja-morada-y-la-jup\\\/#primaryimage\",\"url\":\"https:\\\/\\\/i0.wp.com\\\/vamosporlaliberacion.org\\\/crpmlm\\\/wp-content\\\/uploads\\\/2018\\\/05\\\/fua-yacobiti.jpeg?fit=800%2C450&ssl=1\",\"contentUrl\":\"https:\\\/\\\/i0.wp.com\\\/vamosporlaliberacion.org\\\/crpmlm\\\/wp-content\\\/uploads\\\/2018\\\/05\\\/fua-yacobiti.jpeg?fit=800%2C450&ssl=1\",\"width\":800,\"height\":450},{\"@type\":\"BreadcrumbList\",\"@id\":\"https:\\\/\\\/vamosporlaliberacion.org\\\/crpmlm\\\/fua-fraude-de-la-franja-morada-y-la-jup\\\/#breadcrumb\",\"itemListElement\":[{\"@type\":\"ListItem\",\"position\":1,\"name\":\"Portada\",\"item\":\"https:\\\/\\\/vamosporlaliberacion.org\\\/crpmlm\\\/\"},{\"@type\":\"ListItem\",\"position\":2,\"name\":\"FUA: Fraude de la Franja Morada y la JUP\"}]},{\"@type\":\"WebSite\",\"@id\":\"https:\\\/\\\/vamosporlaliberacion.org\\\/crpmlm\\\/#website\",\"url\":\"https:\\\/\\\/vamosporlaliberacion.org\\\/crpmlm\\\/\",\"name\":\"Vamos por la Liberaci\u00f3n\",\"description\":\"Prensa CR\",\"potentialAction\":[{\"@type\":\"SearchAction\",\"target\":{\"@type\":\"EntryPoint\",\"urlTemplate\":\"https:\\\/\\\/vamosporlaliberacion.org\\\/crpmlm\\\/?s={search_term_string}\"},\"query-input\":{\"@type\":\"PropertyValueSpecification\",\"valueRequired\":true,\"valueName\":\"search_term_string\"}}],\"inLanguage\":\"es\"},{\"@type\":\"Person\",\"@id\":\"\",\"url\":\"http:\\\/\\\/vamosporlaliberacion.org\\\/crpmlm\\\/author\\\/\"}]}<\/script>\n<!-- \/ Yoast SEO plugin. -->","yoast_head_json":{"title":"FUA: Fraude de la Franja Morada y la JUP - Vamos por la Liberaci\u00f3n","robots":{"index":"index","follow":"follow","max-snippet":"max-snippet:-1","max-image-preview":"max-image-preview:large","max-video-preview":"max-video-preview:-1"},"canonical":"https:\/\/vamosporlaliberacion.org\/crpmlm\/fua-fraude-de-la-franja-morada-y-la-jup\/","twitter_misc":{"Escrito por":"","Tiempo de lectura":"3 minutos"},"schema":{"@context":"https:\/\/schema.org","@graph":[{"@type":"Article","@id":"https:\/\/vamosporlaliberacion.org\/crpmlm\/fua-fraude-de-la-franja-morada-y-la-jup\/#article","isPartOf":{"@id":"https:\/\/vamosporlaliberacion.org\/crpmlm\/fua-fraude-de-la-franja-morada-y-la-jup\/"},"author":{"name":"","@id":""},"headline":"FUA: Fraude de la Franja Morada y la JUP","datePublished":"2018-05-18T00:03:29+00:00","mainEntityOfPage":{"@id":"https:\/\/vamosporlaliberacion.org\/crpmlm\/fua-fraude-de-la-franja-morada-y-la-jup\/"},"wordCount":535,"commentCount":0,"image":{"@id":"https:\/\/vamosporlaliberacion.org\/crpmlm\/fua-fraude-de-la-franja-morada-y-la-jup\/#primaryimage"},"thumbnailUrl":"https:\/\/i0.wp.com\/vamosporlaliberacion.org\/crpmlm\/wp-content\/uploads\/2018\/05\/fua-yacobiti.jpeg?fit=800%2C450&ssl=1","keywords":["destacado 1","FUA","movimiento estudiantil","vxl 119"],"articleSection":["Noticias"],"inLanguage":"es","potentialAction":[{"@type":"CommentAction","name":"Comment","target":["https:\/\/vamosporlaliberacion.org\/crpmlm\/fua-fraude-de-la-franja-morada-y-la-jup\/#respond"]}]},{"@type":"WebPage","@id":"https:\/\/vamosporlaliberacion.org\/crpmlm\/fua-fraude-de-la-franja-morada-y-la-jup\/","url":"https:\/\/vamosporlaliberacion.org\/crpmlm\/fua-fraude-de-la-franja-morada-y-la-jup\/","name":"FUA: Fraude de la Franja Morada y la JUP - Vamos por la Liberaci\u00f3n","isPartOf":{"@id":"https:\/\/vamosporlaliberacion.org\/crpmlm\/#website"},"primaryImageOfPage":{"@id":"https:\/\/vamosporlaliberacion.org\/crpmlm\/fua-fraude-de-la-franja-morada-y-la-jup\/#primaryimage"},"image":{"@id":"https:\/\/vamosporlaliberacion.org\/crpmlm\/fua-fraude-de-la-franja-morada-y-la-jup\/#primaryimage"},"thumbnailUrl":"https:\/\/i0.wp.com\/vamosporlaliberacion.org\/crpmlm\/wp-content\/uploads\/2018\/05\/fua-yacobiti.jpeg?fit=800%2C450&ssl=1","datePublished":"2018-05-18T00:03:29+00:00","author":{"@id":""},"breadcrumb":{"@id":"https:\/\/vamosporlaliberacion.org\/crpmlm\/fua-fraude-de-la-franja-morada-y-la-jup\/#breadcrumb"},"inLanguage":"es","potentialAction":[{"@type":"ReadAction","target":["https:\/\/vamosporlaliberacion.org\/crpmlm\/fua-fraude-de-la-franja-morada-y-la-jup\/"]}]},{"@type":"ImageObject","inLanguage":"es","@id":"https:\/\/vamosporlaliberacion.org\/crpmlm\/fua-fraude-de-la-franja-morada-y-la-jup\/#primaryimage","url":"https:\/\/i0.wp.com\/vamosporlaliberacion.org\/crpmlm\/wp-content\/uploads\/2018\/05\/fua-yacobiti.jpeg?fit=800%2C450&ssl=1","contentUrl":"https:\/\/i0.wp.com\/vamosporlaliberacion.org\/crpmlm\/wp-content\/uploads\/2018\/05\/fua-yacobiti.jpeg?fit=800%2C450&ssl=1","width":800,"height":450},{"@type":"BreadcrumbList","@id":"https:\/\/vamosporlaliberacion.org\/crpmlm\/fua-fraude-de-la-franja-morada-y-la-jup\/#breadcrumb","itemListElement":[{"@type":"ListItem","position":1,"name":"Portada","item":"https:\/\/vamosporlaliberacion.org\/crpmlm\/"},{"@type":"ListItem","position":2,"name":"FUA: Fraude de la Franja Morada y la JUP"}]},{"@type":"WebSite","@id":"https:\/\/vamosporlaliberacion.org\/crpmlm\/#website","url":"https:\/\/vamosporlaliberacion.org\/crpmlm\/","name":"Vamos por la Liberaci\u00f3n","description":"Prensa CR","potentialAction":[{"@type":"SearchAction","target":{"@type":"EntryPoint","urlTemplate":"https:\/\/vamosporlaliberacion.org\/crpmlm\/?s={search_term_string}"},"query-input":{"@type":"PropertyValueSpecification","valueRequired":true,"valueName":"search_term_string"}}],"inLanguage":"es"},{"@type":"Person","@id":"","url":"http:\/\/vamosporlaliberacion.org\/crpmlm\/author\/"}]}},"jetpack_featured_media_url":"https:\/\/i0.wp.com\/vamosporlaliberacion.org\/crpmlm\/wp-content\/uploads\/2018\/05\/fua-yacobiti.jpeg?fit=800%2C450&ssl=1","jetpack_sharing_enabled":true,"_links":{"self":[{"href":"http:\/\/vamosporlaliberacion.org\/crpmlm\/wp-json\/wp\/v2\/posts\/11587","targetHints":{"allow":["GET"]}}],"collection":[{"href":"http:\/\/vamosporlaliberacion.org\/crpmlm\/wp-json\/wp\/v2\/posts"}],"about":[{"href":"http:\/\/vamosporlaliberacion.org\/crpmlm\/wp-json\/wp\/v2\/types\/post"}],"author":[{"embeddable":true,"href":"http:\/\/vamosporlaliberacion.org\/crpmlm\/wp-json\/wp\/v2\/users\/5"}],"replies":[{"embeddable":true,"href":"http:\/\/vamosporlaliberacion.org\/crpmlm\/wp-json\/wp\/v2\/comments?post=11587"}],"version-history":[{"count":0,"href":"http:\/\/vamosporlaliberacion.org\/crpmlm\/wp-json\/wp\/v2\/posts\/11587\/revisions"}],"wp:featuredmedia":[{"embeddable":true,"href":"http:\/\/vamosporlaliberacion.org\/crpmlm\/wp-json\/wp\/v2\/media\/11588"}],"wp:attachment":[{"href":"http:\/\/vamosporlaliberacion.org\/crpmlm\/wp-json\/wp\/v2\/media?parent=11587"}],"wp:term":[{"taxonomy":"category","embeddable":true,"href":"http:\/\/vamosporlaliberacion.org\/crpmlm\/wp-json\/wp\/v2\/categories?post=11587"},{"taxonomy":"post_tag","embeddable":true,"href":"http:\/\/vamosporlaliberacion.org\/crpmlm\/wp-json\/wp\/v2\/tags?post=11587"}],"curies":[{"name":"wp","href":"https:\/\/api.w.org\/{rel}","templated":true}]}}