{"id":11584,"date":"2018-05-17T21:00:56","date_gmt":"2018-05-18T00:00:56","guid":{"rendered":"http:\/\/vamosporlaliberacion.org\/crpmlm\/?p=11584"},"modified":"2018-05-17T21:00:56","modified_gmt":"2018-05-18T00:00:56","slug":"se-logro-la-media-sancion-en-diputados-contra-el-tarifazo","status":"publish","type":"post","link":"http:\/\/vamosporlaliberacion.org\/crpmlm\/se-logro-la-media-sancion-en-diputados-contra-el-tarifazo\/","title":{"rendered":"Se logr\u00f3 la media sanci\u00f3n en Diputados contra el tarifazo"},"content":{"rendered":"<p>En una marat\u00f3nica sesi\u00f3n, la C\u00e1mara de Diputados dio media sanci\u00f3n el pasado mi\u00e9rcoles 9 a un proyecto de ley para frenar el tarifazo. Mientras se desarrollaba el debate, afuera en la plaza se realiz\u00f3 una multitudinaria marcha y concentraci\u00f3n en contra del tarifazo. La misma fue convocada por la Multisectorial contra el tarifazo y cont\u00f3 con la participaci\u00f3n de organizaciones sindicales pertenecientes a sectores de la CGT y las dos CTA\u2019s, adem\u00e1s de numerosas organizaciones pol\u00edticas y sociales. Entre ellas la Corriente Clasista Ren\u00e9 Salamanca y el CR.<\/p>\n<p>La bronca del pueblo crece ante una situaci\u00f3n que se agrava d\u00eda a d\u00eda. Este es el segundo aumento de tarifas en lo que va del 2018, cuando ya en diciembre la luz hab\u00eda aumentado un 43% y el gas un 58%. En febrero se produjo un nuevo aumento de luz, gas, agua y transporte que castig\u00f3 nuevamente al bolsillo. Por si esto fuera poco, en abril el gobierno decidi\u00f3 aumentar nuevamente los servicios. La insensibilidad del gobierno es manifiesto, por ejemplo la garrafa, que consumen los sectores m\u00e1s empobrecidos, aument\u00f3 un 70% en abril.<\/p>\n<p>A esta situaci\u00f3n ya delicada para las mayor\u00edas populares, se suma actual devaluaci\u00f3n que parece no encontrar techo. Esto sin duda va a llevar a un aumento de la inflaci\u00f3n, con la consiguiente p\u00e9rdida de poder adquisitivo que golpea principalmente a los sectores populares. Adem\u00e1s, la decisi\u00f3n de acudir nuevamente al FMI, preanuncia m\u00e1s ajuste.<\/p>\n<p>Ante esta situaci\u00f3n, se vienen realizando numerosas movilizaciones populares contra los aumentos principalmente de luz y gas. El 19 de abril se realiz\u00f3 la Marcha de las Velas contra el tarifazo que fue masiva, tanto en Capital Federal como en numerosas provincias. La \u00faltima concentraci\u00f3n en la puerta del Congreso, fue multitudinaria.<\/p>\n<p>As\u00ed se lleg\u00f3 a que el Congreso tratara un proyecto para limitar el impacto del tarifazo. Lo que se aprob\u00f3 fue b\u00e1sicamente retrotraer las tarifas a diciembre del 2017 y que los aumentos no superen el aumento de salarios. Tambi\u00e9n establece que para las pymes, los aumentos no excedan el \u00cdndice de Precios Internos al Mayor (IPIM) publicado por el Instituto de Estad\u00edstica y Censos (Indec).<\/p>\n<p>A\u00fan resta que se apruebe en el Senado, lo cual es factible. Sin embargo, Macri ya ha anunciado que vetar\u00e1 la ley en caso de ser aprobada, lo que sin duda har\u00e1 crecer la bronca de los sectores populares.<\/p>\n<!-- AddThis Advanced Settings generic via filter on the_content --><!-- AddThis Share Buttons generic via filter on the_content -->","protected":false},"excerpt":{"rendered":"<p>En una marat\u00f3nica sesi\u00f3n, la C\u00e1mara de Diputados dio media sanci\u00f3n el pasado mi\u00e9rcoles 9 a un proyecto de ley para frenar el tarifazo. Mientras se desarrollaba el debate, afuera en la plaza se realiz\u00f3 una multitudinaria marcha y concentraci\u00f3n en contra del tarifazo. La misma fue convocada por la Multisectorial contra el tarifazo y [&hellip;]<!-- AddThis Advanced Settings generic via filter on get_the_excerpt --><!-- AddThis Share Buttons generic via filter on get_the_excerpt --><\/p>\n","protected":false},"author":5,"featured_media":11585,"comment_status":"open","ping_status":"open","sticky":false,"template":"","format":"standard","meta":{"_jetpack_memberships_contains_paid_content":false,"footnotes":""},"categories":[1699],"tags":[524,1182],"class_list":{"0":"post-11584","1":"post","2":"type-post","3":"status-publish","4":"format-standard","5":"has-post-thumbnail","7":"category-noticias","8":"tag-tarifazo","9":"tag-vxl-119"},"yoast_head":"<!-- This site is optimized with the Yoast SEO plugin v27.4 - https:\/\/yoast.com\/product\/yoast-seo-wordpress\/ -->\n<title>Se logr\u00f3 la media sanci\u00f3n en Diputados contra el tarifazo - Vamos por la Liberaci\u00f3n<\/title>\n<meta name=\"robots\" content=\"index, follow, max-snippet:-1, max-image-preview:large, max-video-preview:-1\" \/>\n<link rel=\"canonical\" href=\"https:\/\/vamosporlaliberacion.org\/crpmlm\/se-logro-la-media-sancion-en-diputados-contra-el-tarifazo\/\" \/>\n<meta name=\"twitter:label1\" content=\"Escrito por\" \/>\n\t<meta name=\"twitter:data1\" content=\"\" \/>\n\t<meta name=\"twitter:label2\" content=\"Tiempo de lectura\" \/>\n\t<meta name=\"twitter:data2\" content=\"2 minutos\" \/>\n<script type=\"application\/ld+json\" class=\"yoast-schema-graph\">{\"@context\":\"https:\\\/\\\/schema.org\",\"@graph\":[{\"@type\":\"Article\",\"@id\":\"https:\\\/\\\/vamosporlaliberacion.org\\\/crpmlm\\\/se-logro-la-media-sancion-en-diputados-contra-el-tarifazo\\\/#article\",\"isPartOf\":{\"@id\":\"https:\\\/\\\/vamosporlaliberacion.org\\\/crpmlm\\\/se-logro-la-media-sancion-en-diputados-contra-el-tarifazo\\\/\"},\"author\":{\"name\":\"\",\"@id\":\"\"},\"headline\":\"Se logr\u00f3 la media sanci\u00f3n en Diputados contra el tarifazo\",\"datePublished\":\"2018-05-18T00:00:56+00:00\",\"mainEntityOfPage\":{\"@id\":\"https:\\\/\\\/vamosporlaliberacion.org\\\/crpmlm\\\/se-logro-la-media-sancion-en-diputados-contra-el-tarifazo\\\/\"},\"wordCount\":429,\"commentCount\":0,\"image\":{\"@id\":\"https:\\\/\\\/vamosporlaliberacion.org\\\/crpmlm\\\/se-logro-la-media-sancion-en-diputados-contra-el-tarifazo\\\/#primaryimage\"},\"thumbnailUrl\":\"https:\\\/\\\/i0.wp.com\\\/vamosporlaliberacion.org\\\/crpmlm\\\/wp-content\\\/uploads\\\/2018\\\/05\\\/funes-derecha.jpeg?fit=800%2C451&ssl=1\",\"keywords\":[\"tarifazo\",\"vxl 119\"],\"articleSection\":[\"Noticias\"],\"inLanguage\":\"es\",\"potentialAction\":[{\"@type\":\"CommentAction\",\"name\":\"Comment\",\"target\":[\"https:\\\/\\\/vamosporlaliberacion.org\\\/crpmlm\\\/se-logro-la-media-sancion-en-diputados-contra-el-tarifazo\\\/#respond\"]}]},{\"@type\":\"WebPage\",\"@id\":\"https:\\\/\\\/vamosporlaliberacion.org\\\/crpmlm\\\/se-logro-la-media-sancion-en-diputados-contra-el-tarifazo\\\/\",\"url\":\"https:\\\/\\\/vamosporlaliberacion.org\\\/crpmlm\\\/se-logro-la-media-sancion-en-diputados-contra-el-tarifazo\\\/\",\"name\":\"Se logr\u00f3 la media sanci\u00f3n en Diputados contra el tarifazo - Vamos por la Liberaci\u00f3n\",\"isPartOf\":{\"@id\":\"https:\\\/\\\/vamosporlaliberacion.org\\\/crpmlm\\\/#website\"},\"primaryImageOfPage\":{\"@id\":\"https:\\\/\\\/vamosporlaliberacion.org\\\/crpmlm\\\/se-logro-la-media-sancion-en-diputados-contra-el-tarifazo\\\/#primaryimage\"},\"image\":{\"@id\":\"https:\\\/\\\/vamosporlaliberacion.org\\\/crpmlm\\\/se-logro-la-media-sancion-en-diputados-contra-el-tarifazo\\\/#primaryimage\"},\"thumbnailUrl\":\"https:\\\/\\\/i0.wp.com\\\/vamosporlaliberacion.org\\\/crpmlm\\\/wp-content\\\/uploads\\\/2018\\\/05\\\/funes-derecha.jpeg?fit=800%2C451&ssl=1\",\"datePublished\":\"2018-05-18T00:00:56+00:00\",\"author\":{\"@id\":\"\"},\"breadcrumb\":{\"@id\":\"https:\\\/\\\/vamosporlaliberacion.org\\\/crpmlm\\\/se-logro-la-media-sancion-en-diputados-contra-el-tarifazo\\\/#breadcrumb\"},\"inLanguage\":\"es\",\"potentialAction\":[{\"@type\":\"ReadAction\",\"target\":[\"https:\\\/\\\/vamosporlaliberacion.org\\\/crpmlm\\\/se-logro-la-media-sancion-en-diputados-contra-el-tarifazo\\\/\"]}]},{\"@type\":\"ImageObject\",\"inLanguage\":\"es\",\"@id\":\"https:\\\/\\\/vamosporlaliberacion.org\\\/crpmlm\\\/se-logro-la-media-sancion-en-diputados-contra-el-tarifazo\\\/#primaryimage\",\"url\":\"https:\\\/\\\/i0.wp.com\\\/vamosporlaliberacion.org\\\/crpmlm\\\/wp-content\\\/uploads\\\/2018\\\/05\\\/funes-derecha.jpeg?fit=800%2C451&ssl=1\",\"contentUrl\":\"https:\\\/\\\/i0.wp.com\\\/vamosporlaliberacion.org\\\/crpmlm\\\/wp-content\\\/uploads\\\/2018\\\/05\\\/funes-derecha.jpeg?fit=800%2C451&ssl=1\",\"width\":800,\"height\":451},{\"@type\":\"BreadcrumbList\",\"@id\":\"https:\\\/\\\/vamosporlaliberacion.org\\\/crpmlm\\\/se-logro-la-media-sancion-en-diputados-contra-el-tarifazo\\\/#breadcrumb\",\"itemListElement\":[{\"@type\":\"ListItem\",\"position\":1,\"name\":\"Portada\",\"item\":\"https:\\\/\\\/vamosporlaliberacion.org\\\/crpmlm\\\/\"},{\"@type\":\"ListItem\",\"position\":2,\"name\":\"Se logr\u00f3 la media sanci\u00f3n en Diputados contra el tarifazo\"}]},{\"@type\":\"WebSite\",\"@id\":\"https:\\\/\\\/vamosporlaliberacion.org\\\/crpmlm\\\/#website\",\"url\":\"https:\\\/\\\/vamosporlaliberacion.org\\\/crpmlm\\\/\",\"name\":\"Vamos por la Liberaci\u00f3n\",\"description\":\"Prensa CR\",\"potentialAction\":[{\"@type\":\"SearchAction\",\"target\":{\"@type\":\"EntryPoint\",\"urlTemplate\":\"https:\\\/\\\/vamosporlaliberacion.org\\\/crpmlm\\\/?s={search_term_string}\"},\"query-input\":{\"@type\":\"PropertyValueSpecification\",\"valueRequired\":true,\"valueName\":\"search_term_string\"}}],\"inLanguage\":\"es\"},{\"@type\":\"Person\",\"@id\":\"\",\"url\":\"http:\\\/\\\/vamosporlaliberacion.org\\\/crpmlm\\\/author\\\/\"}]}<\/script>\n<!-- \/ Yoast SEO plugin. -->","yoast_head_json":{"title":"Se logr\u00f3 la media sanci\u00f3n en Diputados contra el tarifazo - Vamos por la Liberaci\u00f3n","robots":{"index":"index","follow":"follow","max-snippet":"max-snippet:-1","max-image-preview":"max-image-preview:large","max-video-preview":"max-video-preview:-1"},"canonical":"https:\/\/vamosporlaliberacion.org\/crpmlm\/se-logro-la-media-sancion-en-diputados-contra-el-tarifazo\/","twitter_misc":{"Escrito por":"","Tiempo de lectura":"2 minutos"},"schema":{"@context":"https:\/\/schema.org","@graph":[{"@type":"Article","@id":"https:\/\/vamosporlaliberacion.org\/crpmlm\/se-logro-la-media-sancion-en-diputados-contra-el-tarifazo\/#article","isPartOf":{"@id":"https:\/\/vamosporlaliberacion.org\/crpmlm\/se-logro-la-media-sancion-en-diputados-contra-el-tarifazo\/"},"author":{"name":"","@id":""},"headline":"Se logr\u00f3 la media sanci\u00f3n en Diputados contra el tarifazo","datePublished":"2018-05-18T00:00:56+00:00","mainEntityOfPage":{"@id":"https:\/\/vamosporlaliberacion.org\/crpmlm\/se-logro-la-media-sancion-en-diputados-contra-el-tarifazo\/"},"wordCount":429,"commentCount":0,"image":{"@id":"https:\/\/vamosporlaliberacion.org\/crpmlm\/se-logro-la-media-sancion-en-diputados-contra-el-tarifazo\/#primaryimage"},"thumbnailUrl":"https:\/\/i0.wp.com\/vamosporlaliberacion.org\/crpmlm\/wp-content\/uploads\/2018\/05\/funes-derecha.jpeg?fit=800%2C451&ssl=1","keywords":["tarifazo","vxl 119"],"articleSection":["Noticias"],"inLanguage":"es","potentialAction":[{"@type":"CommentAction","name":"Comment","target":["https:\/\/vamosporlaliberacion.org\/crpmlm\/se-logro-la-media-sancion-en-diputados-contra-el-tarifazo\/#respond"]}]},{"@type":"WebPage","@id":"https:\/\/vamosporlaliberacion.org\/crpmlm\/se-logro-la-media-sancion-en-diputados-contra-el-tarifazo\/","url":"https:\/\/vamosporlaliberacion.org\/crpmlm\/se-logro-la-media-sancion-en-diputados-contra-el-tarifazo\/","name":"Se logr\u00f3 la media sanci\u00f3n en Diputados contra el tarifazo - Vamos por la Liberaci\u00f3n","isPartOf":{"@id":"https:\/\/vamosporlaliberacion.org\/crpmlm\/#website"},"primaryImageOfPage":{"@id":"https:\/\/vamosporlaliberacion.org\/crpmlm\/se-logro-la-media-sancion-en-diputados-contra-el-tarifazo\/#primaryimage"},"image":{"@id":"https:\/\/vamosporlaliberacion.org\/crpmlm\/se-logro-la-media-sancion-en-diputados-contra-el-tarifazo\/#primaryimage"},"thumbnailUrl":"https:\/\/i0.wp.com\/vamosporlaliberacion.org\/crpmlm\/wp-content\/uploads\/2018\/05\/funes-derecha.jpeg?fit=800%2C451&ssl=1","datePublished":"2018-05-18T00:00:56+00:00","author":{"@id":""},"breadcrumb":{"@id":"https:\/\/vamosporlaliberacion.org\/crpmlm\/se-logro-la-media-sancion-en-diputados-contra-el-tarifazo\/#breadcrumb"},"inLanguage":"es","potentialAction":[{"@type":"ReadAction","target":["https:\/\/vamosporlaliberacion.org\/crpmlm\/se-logro-la-media-sancion-en-diputados-contra-el-tarifazo\/"]}]},{"@type":"ImageObject","inLanguage":"es","@id":"https:\/\/vamosporlaliberacion.org\/crpmlm\/se-logro-la-media-sancion-en-diputados-contra-el-tarifazo\/#primaryimage","url":"https:\/\/i0.wp.com\/vamosporlaliberacion.org\/crpmlm\/wp-content\/uploads\/2018\/05\/funes-derecha.jpeg?fit=800%2C451&ssl=1","contentUrl":"https:\/\/i0.wp.com\/vamosporlaliberacion.org\/crpmlm\/wp-content\/uploads\/2018\/05\/funes-derecha.jpeg?fit=800%2C451&ssl=1","width":800,"height":451},{"@type":"BreadcrumbList","@id":"https:\/\/vamosporlaliberacion.org\/crpmlm\/se-logro-la-media-sancion-en-diputados-contra-el-tarifazo\/#breadcrumb","itemListElement":[{"@type":"ListItem","position":1,"name":"Portada","item":"https:\/\/vamosporlaliberacion.org\/crpmlm\/"},{"@type":"ListItem","position":2,"name":"Se logr\u00f3 la media sanci\u00f3n en Diputados contra el tarifazo"}]},{"@type":"WebSite","@id":"https:\/\/vamosporlaliberacion.org\/crpmlm\/#website","url":"https:\/\/vamosporlaliberacion.org\/crpmlm\/","name":"Vamos por la Liberaci\u00f3n","description":"Prensa CR","potentialAction":[{"@type":"SearchAction","target":{"@type":"EntryPoint","urlTemplate":"https:\/\/vamosporlaliberacion.org\/crpmlm\/?s={search_term_string}"},"query-input":{"@type":"PropertyValueSpecification","valueRequired":true,"valueName":"search_term_string"}}],"inLanguage":"es"},{"@type":"Person","@id":"","url":"http:\/\/vamosporlaliberacion.org\/crpmlm\/author\/"}]}},"jetpack_featured_media_url":"https:\/\/i0.wp.com\/vamosporlaliberacion.org\/crpmlm\/wp-content\/uploads\/2018\/05\/funes-derecha.jpeg?fit=800%2C451&ssl=1","jetpack_sharing_enabled":true,"_links":{"self":[{"href":"http:\/\/vamosporlaliberacion.org\/crpmlm\/wp-json\/wp\/v2\/posts\/11584","targetHints":{"allow":["GET"]}}],"collection":[{"href":"http:\/\/vamosporlaliberacion.org\/crpmlm\/wp-json\/wp\/v2\/posts"}],"about":[{"href":"http:\/\/vamosporlaliberacion.org\/crpmlm\/wp-json\/wp\/v2\/types\/post"}],"author":[{"embeddable":true,"href":"http:\/\/vamosporlaliberacion.org\/crpmlm\/wp-json\/wp\/v2\/users\/5"}],"replies":[{"embeddable":true,"href":"http:\/\/vamosporlaliberacion.org\/crpmlm\/wp-json\/wp\/v2\/comments?post=11584"}],"version-history":[{"count":0,"href":"http:\/\/vamosporlaliberacion.org\/crpmlm\/wp-json\/wp\/v2\/posts\/11584\/revisions"}],"wp:featuredmedia":[{"embeddable":true,"href":"http:\/\/vamosporlaliberacion.org\/crpmlm\/wp-json\/wp\/v2\/media\/11585"}],"wp:attachment":[{"href":"http:\/\/vamosporlaliberacion.org\/crpmlm\/wp-json\/wp\/v2\/media?parent=11584"}],"wp:term":[{"taxonomy":"category","embeddable":true,"href":"http:\/\/vamosporlaliberacion.org\/crpmlm\/wp-json\/wp\/v2\/categories?post=11584"},{"taxonomy":"post_tag","embeddable":true,"href":"http:\/\/vamosporlaliberacion.org\/crpmlm\/wp-json\/wp\/v2\/tags?post=11584"}],"curies":[{"name":"wp","href":"https:\/\/api.w.org\/{rel}","templated":true}]}}