{"id":11575,"date":"2018-05-17T20:51:58","date_gmt":"2018-05-17T23:51:58","guid":{"rendered":"http:\/\/vamosporlaliberacion.org\/crpmlm\/?p=11575"},"modified":"2018-05-17T20:51:58","modified_gmt":"2018-05-17T23:51:58","slug":"quien-paga-la-especulacion-financiera","status":"publish","type":"post","link":"http:\/\/vamosporlaliberacion.org\/crpmlm\/quien-paga-la-especulacion-financiera\/","title":{"rendered":"\u00bfQui\u00e9n paga la especulaci\u00f3n financiera?"},"content":{"rendered":"<p>Desde un inicio Macri denunci\u00f3 el d\u00e9ficit fiscal como parte de la \u201cpesada herencia\u201d. Ahora el acuerdo con el FMI viene con un ajuste a\u00fan peor para \u201cbajar el d\u00e9ficit\u201d. Desde la p\u00e1gina 2 de Clar\u00edn, Lanata denuncia la \u201ctradici\u00f3n argentina\u201d de \u201cproducir por dos y gastar por cuatro\u201d. Pero ocultan que el d\u00e9ficit se debe en gran medida por los gastos cada vez mayores por pagos de intereses de la deuda externa: m\u00e1s de 10.000 millones de d\u00f3lares pagados de intereses sobre uno 30.000 millones de d\u00f3lares de d\u00e9ficit fiscal. Y tambi\u00e9n por menores recaudaciones debido a la recesi\u00f3n, la ca\u00edda del consumo y la baja de retenciones a las agroexportadoras y de impuestos a la megaminer\u00eda.<\/p>\n<p>Y lo que especialmente ocultan, adem\u00e1s, es el d\u00e9ficit de la balanza de pagos, que es tanto o m\u00e1s grave para la econom\u00eda de nuestro pa\u00eds. Este d\u00e9ficit \u2013tambi\u00e9n llamado \u201crestricci\u00f3n externa\u201d\u2013 es el verdadero cuello de botella de la econom\u00eda argentina. En 2017 el d\u00e9ficit de la balanza de pagos fue de 30.792 millones de d\u00f3lares, duplicando el del a\u00f1o anterior. Esto incluye no s\u00f3lo la fuga de capitales \u2013como la que sufrimos por estas semanas\u2013 sino tambi\u00e9n la balanza comercial negativa, la remisi\u00f3n de utilidades de los monopolios a sus casas matrices, los pagos de deuda externa usuraria, etc. Este problema es una de las causas fundamentales de la devaluaci\u00f3n permanente y su consecuente inflaci\u00f3n.<\/p>\n<p>La pol\u00edtica del gobierno no s\u00f3lo no tiende a resolver el d\u00e9ficit en la balanza de pagos, sino que lo ha agravado. Por un lado, abriendo indiscriminadamente las importaciones. Por el otro, quit\u00e1ndole a los exportadores la obligaci\u00f3n de traer esas divisas al pa\u00eds. Peor a\u00fan, buscaron cubrir el d\u00e9ficit fiscal y el d\u00e9ficit de balanza de pagos con deuda externa y con el invento de las Lebac, que por momentos atrajo d\u00f3lares de capitales especulativos pero que ahora se transforman en un problema cuando se dan a la fuga. Todos estos mecanismos por los que se van los d\u00f3lares y divisas de nuestro pa\u00eds son, en definitiva, formas del saqueo de las riquezas producidas con el trabajo de los argentinos<\/p>\n<!-- AddThis Advanced Settings generic via filter on the_content --><!-- AddThis Share Buttons generic via filter on the_content -->","protected":false},"excerpt":{"rendered":"<p>Desde un inicio Macri denunci\u00f3 el d\u00e9ficit fiscal como parte de la \u201cpesada herencia\u201d. Ahora el acuerdo con el FMI viene con un ajuste a\u00fan peor para \u201cbajar el d\u00e9ficit\u201d. Desde la p\u00e1gina 2 de Clar\u00edn, Lanata denuncia la \u201ctradici\u00f3n argentina\u201d de \u201cproducir por dos y gastar por cuatro\u201d. Pero ocultan que el d\u00e9ficit se [&hellip;]<!-- AddThis Advanced Settings generic via filter on get_the_excerpt --><!-- AddThis Share Buttons generic via filter on get_the_excerpt --><\/p>\n","protected":false},"author":5,"featured_media":11576,"comment_status":"open","ping_status":"open","sticky":false,"template":"","format":"standard","meta":{"_jetpack_memberships_contains_paid_content":false,"footnotes":""},"categories":[1699],"tags":[521,1182],"class_list":{"0":"post-11575","1":"post","2":"type-post","3":"status-publish","4":"format-standard","5":"has-post-thumbnail","7":"category-noticias","8":"tag-destacado-1","9":"tag-vxl-119"},"yoast_head":"<!-- This site is optimized with the Yoast SEO plugin v27.4 - https:\/\/yoast.com\/product\/yoast-seo-wordpress\/ -->\n<title>\u00bfQui\u00e9n paga la especulaci\u00f3n financiera? - Vamos por la Liberaci\u00f3n<\/title>\n<meta name=\"robots\" content=\"index, follow, max-snippet:-1, max-image-preview:large, max-video-preview:-1\" \/>\n<link rel=\"canonical\" href=\"https:\/\/vamosporlaliberacion.org\/crpmlm\/quien-paga-la-especulacion-financiera\/\" \/>\n<meta name=\"twitter:label1\" content=\"Escrito por\" \/>\n\t<meta name=\"twitter:data1\" content=\"\" \/>\n\t<meta name=\"twitter:label2\" content=\"Tiempo de lectura\" \/>\n\t<meta name=\"twitter:data2\" content=\"2 minutos\" \/>\n<script type=\"application\/ld+json\" class=\"yoast-schema-graph\">{\"@context\":\"https:\\\/\\\/schema.org\",\"@graph\":[{\"@type\":\"Article\",\"@id\":\"https:\\\/\\\/vamosporlaliberacion.org\\\/crpmlm\\\/quien-paga-la-especulacion-financiera\\\/#article\",\"isPartOf\":{\"@id\":\"https:\\\/\\\/vamosporlaliberacion.org\\\/crpmlm\\\/quien-paga-la-especulacion-financiera\\\/\"},\"author\":{\"name\":\"\",\"@id\":\"\"},\"headline\":\"\u00bfQui\u00e9n paga la especulaci\u00f3n financiera?\",\"datePublished\":\"2018-05-17T23:51:58+00:00\",\"mainEntityOfPage\":{\"@id\":\"https:\\\/\\\/vamosporlaliberacion.org\\\/crpmlm\\\/quien-paga-la-especulacion-financiera\\\/\"},\"wordCount\":402,\"commentCount\":0,\"image\":{\"@id\":\"https:\\\/\\\/vamosporlaliberacion.org\\\/crpmlm\\\/quien-paga-la-especulacion-financiera\\\/#primaryimage\"},\"thumbnailUrl\":\"https:\\\/\\\/i0.wp.com\\\/vamosporlaliberacion.org\\\/crpmlm\\\/wp-content\\\/uploads\\\/2018\\\/05\\\/Volvemos-al-fondo.jpg?fit=600%2C712&ssl=1\",\"keywords\":[\"destacado 1\",\"vxl 119\"],\"articleSection\":[\"Noticias\"],\"inLanguage\":\"es\",\"potentialAction\":[{\"@type\":\"CommentAction\",\"name\":\"Comment\",\"target\":[\"https:\\\/\\\/vamosporlaliberacion.org\\\/crpmlm\\\/quien-paga-la-especulacion-financiera\\\/#respond\"]}]},{\"@type\":\"WebPage\",\"@id\":\"https:\\\/\\\/vamosporlaliberacion.org\\\/crpmlm\\\/quien-paga-la-especulacion-financiera\\\/\",\"url\":\"https:\\\/\\\/vamosporlaliberacion.org\\\/crpmlm\\\/quien-paga-la-especulacion-financiera\\\/\",\"name\":\"\u00bfQui\u00e9n paga la especulaci\u00f3n financiera? - Vamos por la Liberaci\u00f3n\",\"isPartOf\":{\"@id\":\"https:\\\/\\\/vamosporlaliberacion.org\\\/crpmlm\\\/#website\"},\"primaryImageOfPage\":{\"@id\":\"https:\\\/\\\/vamosporlaliberacion.org\\\/crpmlm\\\/quien-paga-la-especulacion-financiera\\\/#primaryimage\"},\"image\":{\"@id\":\"https:\\\/\\\/vamosporlaliberacion.org\\\/crpmlm\\\/quien-paga-la-especulacion-financiera\\\/#primaryimage\"},\"thumbnailUrl\":\"https:\\\/\\\/i0.wp.com\\\/vamosporlaliberacion.org\\\/crpmlm\\\/wp-content\\\/uploads\\\/2018\\\/05\\\/Volvemos-al-fondo.jpg?fit=600%2C712&ssl=1\",\"datePublished\":\"2018-05-17T23:51:58+00:00\",\"author\":{\"@id\":\"\"},\"breadcrumb\":{\"@id\":\"https:\\\/\\\/vamosporlaliberacion.org\\\/crpmlm\\\/quien-paga-la-especulacion-financiera\\\/#breadcrumb\"},\"inLanguage\":\"es\",\"potentialAction\":[{\"@type\":\"ReadAction\",\"target\":[\"https:\\\/\\\/vamosporlaliberacion.org\\\/crpmlm\\\/quien-paga-la-especulacion-financiera\\\/\"]}]},{\"@type\":\"ImageObject\",\"inLanguage\":\"es\",\"@id\":\"https:\\\/\\\/vamosporlaliberacion.org\\\/crpmlm\\\/quien-paga-la-especulacion-financiera\\\/#primaryimage\",\"url\":\"https:\\\/\\\/i0.wp.com\\\/vamosporlaliberacion.org\\\/crpmlm\\\/wp-content\\\/uploads\\\/2018\\\/05\\\/Volvemos-al-fondo.jpg?fit=600%2C712&ssl=1\",\"contentUrl\":\"https:\\\/\\\/i0.wp.com\\\/vamosporlaliberacion.org\\\/crpmlm\\\/wp-content\\\/uploads\\\/2018\\\/05\\\/Volvemos-al-fondo.jpg?fit=600%2C712&ssl=1\",\"width\":600,\"height\":712},{\"@type\":\"BreadcrumbList\",\"@id\":\"https:\\\/\\\/vamosporlaliberacion.org\\\/crpmlm\\\/quien-paga-la-especulacion-financiera\\\/#breadcrumb\",\"itemListElement\":[{\"@type\":\"ListItem\",\"position\":1,\"name\":\"Portada\",\"item\":\"https:\\\/\\\/vamosporlaliberacion.org\\\/crpmlm\\\/\"},{\"@type\":\"ListItem\",\"position\":2,\"name\":\"\u00bfQui\u00e9n paga la especulaci\u00f3n financiera?\"}]},{\"@type\":\"WebSite\",\"@id\":\"https:\\\/\\\/vamosporlaliberacion.org\\\/crpmlm\\\/#website\",\"url\":\"https:\\\/\\\/vamosporlaliberacion.org\\\/crpmlm\\\/\",\"name\":\"Vamos por la Liberaci\u00f3n\",\"description\":\"Prensa CR\",\"potentialAction\":[{\"@type\":\"SearchAction\",\"target\":{\"@type\":\"EntryPoint\",\"urlTemplate\":\"https:\\\/\\\/vamosporlaliberacion.org\\\/crpmlm\\\/?s={search_term_string}\"},\"query-input\":{\"@type\":\"PropertyValueSpecification\",\"valueRequired\":true,\"valueName\":\"search_term_string\"}}],\"inLanguage\":\"es\"},{\"@type\":\"Person\",\"@id\":\"\",\"url\":\"http:\\\/\\\/vamosporlaliberacion.org\\\/crpmlm\\\/author\\\/\"}]}<\/script>\n<!-- \/ Yoast SEO plugin. -->","yoast_head_json":{"title":"\u00bfQui\u00e9n paga la especulaci\u00f3n financiera? - Vamos por la Liberaci\u00f3n","robots":{"index":"index","follow":"follow","max-snippet":"max-snippet:-1","max-image-preview":"max-image-preview:large","max-video-preview":"max-video-preview:-1"},"canonical":"https:\/\/vamosporlaliberacion.org\/crpmlm\/quien-paga-la-especulacion-financiera\/","twitter_misc":{"Escrito por":"","Tiempo de lectura":"2 minutos"},"schema":{"@context":"https:\/\/schema.org","@graph":[{"@type":"Article","@id":"https:\/\/vamosporlaliberacion.org\/crpmlm\/quien-paga-la-especulacion-financiera\/#article","isPartOf":{"@id":"https:\/\/vamosporlaliberacion.org\/crpmlm\/quien-paga-la-especulacion-financiera\/"},"author":{"name":"","@id":""},"headline":"\u00bfQui\u00e9n paga la especulaci\u00f3n financiera?","datePublished":"2018-05-17T23:51:58+00:00","mainEntityOfPage":{"@id":"https:\/\/vamosporlaliberacion.org\/crpmlm\/quien-paga-la-especulacion-financiera\/"},"wordCount":402,"commentCount":0,"image":{"@id":"https:\/\/vamosporlaliberacion.org\/crpmlm\/quien-paga-la-especulacion-financiera\/#primaryimage"},"thumbnailUrl":"https:\/\/i0.wp.com\/vamosporlaliberacion.org\/crpmlm\/wp-content\/uploads\/2018\/05\/Volvemos-al-fondo.jpg?fit=600%2C712&ssl=1","keywords":["destacado 1","vxl 119"],"articleSection":["Noticias"],"inLanguage":"es","potentialAction":[{"@type":"CommentAction","name":"Comment","target":["https:\/\/vamosporlaliberacion.org\/crpmlm\/quien-paga-la-especulacion-financiera\/#respond"]}]},{"@type":"WebPage","@id":"https:\/\/vamosporlaliberacion.org\/crpmlm\/quien-paga-la-especulacion-financiera\/","url":"https:\/\/vamosporlaliberacion.org\/crpmlm\/quien-paga-la-especulacion-financiera\/","name":"\u00bfQui\u00e9n paga la especulaci\u00f3n financiera? - Vamos por la Liberaci\u00f3n","isPartOf":{"@id":"https:\/\/vamosporlaliberacion.org\/crpmlm\/#website"},"primaryImageOfPage":{"@id":"https:\/\/vamosporlaliberacion.org\/crpmlm\/quien-paga-la-especulacion-financiera\/#primaryimage"},"image":{"@id":"https:\/\/vamosporlaliberacion.org\/crpmlm\/quien-paga-la-especulacion-financiera\/#primaryimage"},"thumbnailUrl":"https:\/\/i0.wp.com\/vamosporlaliberacion.org\/crpmlm\/wp-content\/uploads\/2018\/05\/Volvemos-al-fondo.jpg?fit=600%2C712&ssl=1","datePublished":"2018-05-17T23:51:58+00:00","author":{"@id":""},"breadcrumb":{"@id":"https:\/\/vamosporlaliberacion.org\/crpmlm\/quien-paga-la-especulacion-financiera\/#breadcrumb"},"inLanguage":"es","potentialAction":[{"@type":"ReadAction","target":["https:\/\/vamosporlaliberacion.org\/crpmlm\/quien-paga-la-especulacion-financiera\/"]}]},{"@type":"ImageObject","inLanguage":"es","@id":"https:\/\/vamosporlaliberacion.org\/crpmlm\/quien-paga-la-especulacion-financiera\/#primaryimage","url":"https:\/\/i0.wp.com\/vamosporlaliberacion.org\/crpmlm\/wp-content\/uploads\/2018\/05\/Volvemos-al-fondo.jpg?fit=600%2C712&ssl=1","contentUrl":"https:\/\/i0.wp.com\/vamosporlaliberacion.org\/crpmlm\/wp-content\/uploads\/2018\/05\/Volvemos-al-fondo.jpg?fit=600%2C712&ssl=1","width":600,"height":712},{"@type":"BreadcrumbList","@id":"https:\/\/vamosporlaliberacion.org\/crpmlm\/quien-paga-la-especulacion-financiera\/#breadcrumb","itemListElement":[{"@type":"ListItem","position":1,"name":"Portada","item":"https:\/\/vamosporlaliberacion.org\/crpmlm\/"},{"@type":"ListItem","position":2,"name":"\u00bfQui\u00e9n paga la especulaci\u00f3n financiera?"}]},{"@type":"WebSite","@id":"https:\/\/vamosporlaliberacion.org\/crpmlm\/#website","url":"https:\/\/vamosporlaliberacion.org\/crpmlm\/","name":"Vamos por la Liberaci\u00f3n","description":"Prensa CR","potentialAction":[{"@type":"SearchAction","target":{"@type":"EntryPoint","urlTemplate":"https:\/\/vamosporlaliberacion.org\/crpmlm\/?s={search_term_string}"},"query-input":{"@type":"PropertyValueSpecification","valueRequired":true,"valueName":"search_term_string"}}],"inLanguage":"es"},{"@type":"Person","@id":"","url":"http:\/\/vamosporlaliberacion.org\/crpmlm\/author\/"}]}},"jetpack_featured_media_url":"https:\/\/i0.wp.com\/vamosporlaliberacion.org\/crpmlm\/wp-content\/uploads\/2018\/05\/Volvemos-al-fondo.jpg?fit=600%2C712&ssl=1","jetpack_sharing_enabled":true,"_links":{"self":[{"href":"http:\/\/vamosporlaliberacion.org\/crpmlm\/wp-json\/wp\/v2\/posts\/11575","targetHints":{"allow":["GET"]}}],"collection":[{"href":"http:\/\/vamosporlaliberacion.org\/crpmlm\/wp-json\/wp\/v2\/posts"}],"about":[{"href":"http:\/\/vamosporlaliberacion.org\/crpmlm\/wp-json\/wp\/v2\/types\/post"}],"author":[{"embeddable":true,"href":"http:\/\/vamosporlaliberacion.org\/crpmlm\/wp-json\/wp\/v2\/users\/5"}],"replies":[{"embeddable":true,"href":"http:\/\/vamosporlaliberacion.org\/crpmlm\/wp-json\/wp\/v2\/comments?post=11575"}],"version-history":[{"count":0,"href":"http:\/\/vamosporlaliberacion.org\/crpmlm\/wp-json\/wp\/v2\/posts\/11575\/revisions"}],"wp:featuredmedia":[{"embeddable":true,"href":"http:\/\/vamosporlaliberacion.org\/crpmlm\/wp-json\/wp\/v2\/media\/11576"}],"wp:attachment":[{"href":"http:\/\/vamosporlaliberacion.org\/crpmlm\/wp-json\/wp\/v2\/media?parent=11575"}],"wp:term":[{"taxonomy":"category","embeddable":true,"href":"http:\/\/vamosporlaliberacion.org\/crpmlm\/wp-json\/wp\/v2\/categories?post=11575"},{"taxonomy":"post_tag","embeddable":true,"href":"http:\/\/vamosporlaliberacion.org\/crpmlm\/wp-json\/wp\/v2\/tags?post=11575"}],"curies":[{"name":"wp","href":"https:\/\/api.w.org\/{rel}","templated":true}]}}