{"id":11540,"date":"2018-05-05T19:54:13","date_gmt":"2018-05-05T22:54:13","guid":{"rendered":"http:\/\/vamosporlaliberacion.org\/crpmlm\/?p=11540"},"modified":"2018-05-05T19:54:13","modified_gmt":"2018-05-05T22:54:13","slug":"bahia-blanca-exitoso-plenario-de-la-rene-salamanca","status":"publish","type":"post","link":"http:\/\/vamosporlaliberacion.org\/crpmlm\/bahia-blanca-exitoso-plenario-de-la-rene-salamanca\/","title":{"rendered":"Bah\u00eda Blanca: Exitoso plenario de la Ren\u00e9 Salamanca"},"content":{"rendered":"<p>El s\u00e1bado 28, en el sal\u00f3n del Sindicato de Qu\u00edmicos, con la presencia de compa\u00f1eras y compa\u00f1eros de los diferentes merenderos, escuelitas de f\u00fatbol y quienes vienen construyendo el futuro taller de oficios en Villa Nocito, se llev\u00f3 a cabo el primer plenario de nuestro movimiento en Bah\u00eda Blanca.<\/p>\n<p>En la apertura se abord\u00f3 la situaci\u00f3n pol\u00edtico-econ\u00f3mica a la que nos somete la pol\u00edtica de Macri, con padecimientos para nuestro pueblo, que se ve en el creciente n\u00famero de merenderos y personas que se acercan a participar. El compa\u00f1ero Santiago Slominsqui se refiri\u00f3 a la necesidad de conformar la agrupaci\u00f3n para poder luchar por un pa\u00eds soberano e independiente de los imperialismos, los terratenientes y sus lacayos en el cual podamos vivir dignamente y describi\u00f3 qui\u00e9n fue Ren\u00e9 Salamanca. En tanto, el compa\u00f1ero Iv\u00e1n hizo un recorrido hist\u00f3rico que puso en evidencia que nuestra corriente clasista debe partir de las necesidades de las masas para poder, al calor de la discusi\u00f3n pol\u00edtica, avanzar en resolverlas. Esto permitir\u00e1 protagonizar al conjunto e impedir\u00e1 caer en las desviaciones clientelistas que se generan a trav\u00e9s de administrar el flujo de dinero que otorga el Estado.<\/p>\n<p>Luego de la apertura vino el debate en comisiones, donde se contaron las experiencias y las necesidades de cada barrio, poni\u00e9ndose a foco la necesidad de vincularse a sociedades de fomento, clubes, etc.<\/p>\n<p>Por \u00faltimo, en el cierre elegimos la mesa de coordinaci\u00f3n por zonas, para poder integrar estas necesidades pol\u00edticas con el trabajo en cada barrio. Aprobamos llevar adelante un plan de lucha para exigir al Municipio las cosas que necesitamos. Acordamos intervenir en toda lucha que se plantee en las calles (como acompa\u00f1ar la olla popular del 1\u00ba de Mayo de los Aceiteros despedidos por Cargill) y pusimos proa a terminar la construcci\u00f3n en Nocito.<\/p>\n<p>Al final, con mucha alegr\u00eda por el resultado del plenario, se comieron unas ricas empanadas.<\/p>\n<p>Corresponsal<\/p>\n<!-- AddThis Advanced Settings generic via filter on the_content --><!-- AddThis Share Buttons generic via filter on the_content -->","protected":false},"excerpt":{"rendered":"<p>El s\u00e1bado 28, en el sal\u00f3n del Sindicato de Qu\u00edmicos, con la presencia de compa\u00f1eras y compa\u00f1eros de los diferentes merenderos, escuelitas de f\u00fatbol y quienes vienen construyendo el futuro taller de oficios en Villa Nocito, se llev\u00f3 a cabo el primer plenario de nuestro movimiento en Bah\u00eda Blanca. En la apertura se abord\u00f3 la [&hellip;]<!-- AddThis Advanced Settings generic via filter on get_the_excerpt --><!-- AddThis Share Buttons generic via filter on get_the_excerpt --><\/p>\n","protected":false},"author":5,"featured_media":11541,"comment_status":"open","ping_status":"open","sticky":false,"template":"","format":"standard","meta":{"_jetpack_memberships_contains_paid_content":false,"footnotes":""},"categories":[1699],"tags":[37,395,71,520,1179],"class_list":{"0":"post-11540","1":"post","2":"type-post","3":"status-publish","4":"format-standard","5":"has-post-thumbnail","7":"category-noticias","8":"tag-bahia-blanca","9":"tag-buenos-aires","10":"tag-corriente-clasista-rene-salamanca","11":"tag-destacado-2","12":"tag-vxl-118"},"yoast_head":"<!-- This site is optimized with the Yoast SEO plugin v27.4 - https:\/\/yoast.com\/product\/yoast-seo-wordpress\/ -->\n<title>Bah\u00eda Blanca: Exitoso plenario de la Ren\u00e9 Salamanca - Vamos por la Liberaci\u00f3n<\/title>\n<meta name=\"robots\" content=\"index, follow, max-snippet:-1, max-image-preview:large, max-video-preview:-1\" \/>\n<link rel=\"canonical\" href=\"https:\/\/vamosporlaliberacion.org\/crpmlm\/bahia-blanca-exitoso-plenario-de-la-rene-salamanca\/\" \/>\n<meta name=\"twitter:label1\" content=\"Escrito por\" \/>\n\t<meta name=\"twitter:data1\" content=\"\" \/>\n\t<meta name=\"twitter:label2\" content=\"Tiempo de lectura\" \/>\n\t<meta name=\"twitter:data2\" content=\"2 minutos\" \/>\n<script type=\"application\/ld+json\" class=\"yoast-schema-graph\">{\"@context\":\"https:\\\/\\\/schema.org\",\"@graph\":[{\"@type\":\"Article\",\"@id\":\"https:\\\/\\\/vamosporlaliberacion.org\\\/crpmlm\\\/bahia-blanca-exitoso-plenario-de-la-rene-salamanca\\\/#article\",\"isPartOf\":{\"@id\":\"https:\\\/\\\/vamosporlaliberacion.org\\\/crpmlm\\\/bahia-blanca-exitoso-plenario-de-la-rene-salamanca\\\/\"},\"author\":{\"name\":\"\",\"@id\":\"\"},\"headline\":\"Bah\u00eda Blanca: Exitoso plenario de la Ren\u00e9 Salamanca\",\"datePublished\":\"2018-05-05T22:54:13+00:00\",\"mainEntityOfPage\":{\"@id\":\"https:\\\/\\\/vamosporlaliberacion.org\\\/crpmlm\\\/bahia-blanca-exitoso-plenario-de-la-rene-salamanca\\\/\"},\"wordCount\":350,\"commentCount\":0,\"image\":{\"@id\":\"https:\\\/\\\/vamosporlaliberacion.org\\\/crpmlm\\\/bahia-blanca-exitoso-plenario-de-la-rene-salamanca\\\/#primaryimage\"},\"thumbnailUrl\":\"https:\\\/\\\/i0.wp.com\\\/vamosporlaliberacion.org\\\/crpmlm\\\/wp-content\\\/uploads\\\/2018\\\/05\\\/WhatsApp-Image-2018-04-30-at-9.44.35-PM.jpeg?fit=1280%2C960&ssl=1\",\"keywords\":[\"Bah\u00eda Blanca\",\"Buenos Aires\",\"Corriente Clasista Ren\u00e9 Salamanca\",\"destacado 2\",\"vxl 118\"],\"articleSection\":[\"Noticias\"],\"inLanguage\":\"es\",\"potentialAction\":[{\"@type\":\"CommentAction\",\"name\":\"Comment\",\"target\":[\"https:\\\/\\\/vamosporlaliberacion.org\\\/crpmlm\\\/bahia-blanca-exitoso-plenario-de-la-rene-salamanca\\\/#respond\"]}]},{\"@type\":\"WebPage\",\"@id\":\"https:\\\/\\\/vamosporlaliberacion.org\\\/crpmlm\\\/bahia-blanca-exitoso-plenario-de-la-rene-salamanca\\\/\",\"url\":\"https:\\\/\\\/vamosporlaliberacion.org\\\/crpmlm\\\/bahia-blanca-exitoso-plenario-de-la-rene-salamanca\\\/\",\"name\":\"Bah\u00eda Blanca: Exitoso plenario de la Ren\u00e9 Salamanca - Vamos por la Liberaci\u00f3n\",\"isPartOf\":{\"@id\":\"https:\\\/\\\/vamosporlaliberacion.org\\\/crpmlm\\\/#website\"},\"primaryImageOfPage\":{\"@id\":\"https:\\\/\\\/vamosporlaliberacion.org\\\/crpmlm\\\/bahia-blanca-exitoso-plenario-de-la-rene-salamanca\\\/#primaryimage\"},\"image\":{\"@id\":\"https:\\\/\\\/vamosporlaliberacion.org\\\/crpmlm\\\/bahia-blanca-exitoso-plenario-de-la-rene-salamanca\\\/#primaryimage\"},\"thumbnailUrl\":\"https:\\\/\\\/i0.wp.com\\\/vamosporlaliberacion.org\\\/crpmlm\\\/wp-content\\\/uploads\\\/2018\\\/05\\\/WhatsApp-Image-2018-04-30-at-9.44.35-PM.jpeg?fit=1280%2C960&ssl=1\",\"datePublished\":\"2018-05-05T22:54:13+00:00\",\"author\":{\"@id\":\"\"},\"breadcrumb\":{\"@id\":\"https:\\\/\\\/vamosporlaliberacion.org\\\/crpmlm\\\/bahia-blanca-exitoso-plenario-de-la-rene-salamanca\\\/#breadcrumb\"},\"inLanguage\":\"es\",\"potentialAction\":[{\"@type\":\"ReadAction\",\"target\":[\"https:\\\/\\\/vamosporlaliberacion.org\\\/crpmlm\\\/bahia-blanca-exitoso-plenario-de-la-rene-salamanca\\\/\"]}]},{\"@type\":\"ImageObject\",\"inLanguage\":\"es\",\"@id\":\"https:\\\/\\\/vamosporlaliberacion.org\\\/crpmlm\\\/bahia-blanca-exitoso-plenario-de-la-rene-salamanca\\\/#primaryimage\",\"url\":\"https:\\\/\\\/i0.wp.com\\\/vamosporlaliberacion.org\\\/crpmlm\\\/wp-content\\\/uploads\\\/2018\\\/05\\\/WhatsApp-Image-2018-04-30-at-9.44.35-PM.jpeg?fit=1280%2C960&ssl=1\",\"contentUrl\":\"https:\\\/\\\/i0.wp.com\\\/vamosporlaliberacion.org\\\/crpmlm\\\/wp-content\\\/uploads\\\/2018\\\/05\\\/WhatsApp-Image-2018-04-30-at-9.44.35-PM.jpeg?fit=1280%2C960&ssl=1\",\"width\":1280,\"height\":960},{\"@type\":\"BreadcrumbList\",\"@id\":\"https:\\\/\\\/vamosporlaliberacion.org\\\/crpmlm\\\/bahia-blanca-exitoso-plenario-de-la-rene-salamanca\\\/#breadcrumb\",\"itemListElement\":[{\"@type\":\"ListItem\",\"position\":1,\"name\":\"Portada\",\"item\":\"https:\\\/\\\/vamosporlaliberacion.org\\\/crpmlm\\\/\"},{\"@type\":\"ListItem\",\"position\":2,\"name\":\"Bah\u00eda Blanca: Exitoso plenario de la Ren\u00e9 Salamanca\"}]},{\"@type\":\"WebSite\",\"@id\":\"https:\\\/\\\/vamosporlaliberacion.org\\\/crpmlm\\\/#website\",\"url\":\"https:\\\/\\\/vamosporlaliberacion.org\\\/crpmlm\\\/\",\"name\":\"Vamos por la Liberaci\u00f3n\",\"description\":\"Prensa CR\",\"potentialAction\":[{\"@type\":\"SearchAction\",\"target\":{\"@type\":\"EntryPoint\",\"urlTemplate\":\"https:\\\/\\\/vamosporlaliberacion.org\\\/crpmlm\\\/?s={search_term_string}\"},\"query-input\":{\"@type\":\"PropertyValueSpecification\",\"valueRequired\":true,\"valueName\":\"search_term_string\"}}],\"inLanguage\":\"es\"},{\"@type\":\"Person\",\"@id\":\"\",\"url\":\"http:\\\/\\\/vamosporlaliberacion.org\\\/crpmlm\\\/author\\\/\"}]}<\/script>\n<!-- \/ Yoast SEO plugin. -->","yoast_head_json":{"title":"Bah\u00eda Blanca: Exitoso plenario de la Ren\u00e9 Salamanca - Vamos por la Liberaci\u00f3n","robots":{"index":"index","follow":"follow","max-snippet":"max-snippet:-1","max-image-preview":"max-image-preview:large","max-video-preview":"max-video-preview:-1"},"canonical":"https:\/\/vamosporlaliberacion.org\/crpmlm\/bahia-blanca-exitoso-plenario-de-la-rene-salamanca\/","twitter_misc":{"Escrito por":"","Tiempo de lectura":"2 minutos"},"schema":{"@context":"https:\/\/schema.org","@graph":[{"@type":"Article","@id":"https:\/\/vamosporlaliberacion.org\/crpmlm\/bahia-blanca-exitoso-plenario-de-la-rene-salamanca\/#article","isPartOf":{"@id":"https:\/\/vamosporlaliberacion.org\/crpmlm\/bahia-blanca-exitoso-plenario-de-la-rene-salamanca\/"},"author":{"name":"","@id":""},"headline":"Bah\u00eda Blanca: Exitoso plenario de la Ren\u00e9 Salamanca","datePublished":"2018-05-05T22:54:13+00:00","mainEntityOfPage":{"@id":"https:\/\/vamosporlaliberacion.org\/crpmlm\/bahia-blanca-exitoso-plenario-de-la-rene-salamanca\/"},"wordCount":350,"commentCount":0,"image":{"@id":"https:\/\/vamosporlaliberacion.org\/crpmlm\/bahia-blanca-exitoso-plenario-de-la-rene-salamanca\/#primaryimage"},"thumbnailUrl":"https:\/\/i0.wp.com\/vamosporlaliberacion.org\/crpmlm\/wp-content\/uploads\/2018\/05\/WhatsApp-Image-2018-04-30-at-9.44.35-PM.jpeg?fit=1280%2C960&ssl=1","keywords":["Bah\u00eda Blanca","Buenos Aires","Corriente Clasista Ren\u00e9 Salamanca","destacado 2","vxl 118"],"articleSection":["Noticias"],"inLanguage":"es","potentialAction":[{"@type":"CommentAction","name":"Comment","target":["https:\/\/vamosporlaliberacion.org\/crpmlm\/bahia-blanca-exitoso-plenario-de-la-rene-salamanca\/#respond"]}]},{"@type":"WebPage","@id":"https:\/\/vamosporlaliberacion.org\/crpmlm\/bahia-blanca-exitoso-plenario-de-la-rene-salamanca\/","url":"https:\/\/vamosporlaliberacion.org\/crpmlm\/bahia-blanca-exitoso-plenario-de-la-rene-salamanca\/","name":"Bah\u00eda Blanca: Exitoso plenario de la Ren\u00e9 Salamanca - Vamos por la Liberaci\u00f3n","isPartOf":{"@id":"https:\/\/vamosporlaliberacion.org\/crpmlm\/#website"},"primaryImageOfPage":{"@id":"https:\/\/vamosporlaliberacion.org\/crpmlm\/bahia-blanca-exitoso-plenario-de-la-rene-salamanca\/#primaryimage"},"image":{"@id":"https:\/\/vamosporlaliberacion.org\/crpmlm\/bahia-blanca-exitoso-plenario-de-la-rene-salamanca\/#primaryimage"},"thumbnailUrl":"https:\/\/i0.wp.com\/vamosporlaliberacion.org\/crpmlm\/wp-content\/uploads\/2018\/05\/WhatsApp-Image-2018-04-30-at-9.44.35-PM.jpeg?fit=1280%2C960&ssl=1","datePublished":"2018-05-05T22:54:13+00:00","author":{"@id":""},"breadcrumb":{"@id":"https:\/\/vamosporlaliberacion.org\/crpmlm\/bahia-blanca-exitoso-plenario-de-la-rene-salamanca\/#breadcrumb"},"inLanguage":"es","potentialAction":[{"@type":"ReadAction","target":["https:\/\/vamosporlaliberacion.org\/crpmlm\/bahia-blanca-exitoso-plenario-de-la-rene-salamanca\/"]}]},{"@type":"ImageObject","inLanguage":"es","@id":"https:\/\/vamosporlaliberacion.org\/crpmlm\/bahia-blanca-exitoso-plenario-de-la-rene-salamanca\/#primaryimage","url":"https:\/\/i0.wp.com\/vamosporlaliberacion.org\/crpmlm\/wp-content\/uploads\/2018\/05\/WhatsApp-Image-2018-04-30-at-9.44.35-PM.jpeg?fit=1280%2C960&ssl=1","contentUrl":"https:\/\/i0.wp.com\/vamosporlaliberacion.org\/crpmlm\/wp-content\/uploads\/2018\/05\/WhatsApp-Image-2018-04-30-at-9.44.35-PM.jpeg?fit=1280%2C960&ssl=1","width":1280,"height":960},{"@type":"BreadcrumbList","@id":"https:\/\/vamosporlaliberacion.org\/crpmlm\/bahia-blanca-exitoso-plenario-de-la-rene-salamanca\/#breadcrumb","itemListElement":[{"@type":"ListItem","position":1,"name":"Portada","item":"https:\/\/vamosporlaliberacion.org\/crpmlm\/"},{"@type":"ListItem","position":2,"name":"Bah\u00eda Blanca: Exitoso plenario de la Ren\u00e9 Salamanca"}]},{"@type":"WebSite","@id":"https:\/\/vamosporlaliberacion.org\/crpmlm\/#website","url":"https:\/\/vamosporlaliberacion.org\/crpmlm\/","name":"Vamos por la Liberaci\u00f3n","description":"Prensa CR","potentialAction":[{"@type":"SearchAction","target":{"@type":"EntryPoint","urlTemplate":"https:\/\/vamosporlaliberacion.org\/crpmlm\/?s={search_term_string}"},"query-input":{"@type":"PropertyValueSpecification","valueRequired":true,"valueName":"search_term_string"}}],"inLanguage":"es"},{"@type":"Person","@id":"","url":"http:\/\/vamosporlaliberacion.org\/crpmlm\/author\/"}]}},"jetpack_featured_media_url":"https:\/\/i0.wp.com\/vamosporlaliberacion.org\/crpmlm\/wp-content\/uploads\/2018\/05\/WhatsApp-Image-2018-04-30-at-9.44.35-PM.jpeg?fit=1280%2C960&ssl=1","jetpack_sharing_enabled":true,"_links":{"self":[{"href":"http:\/\/vamosporlaliberacion.org\/crpmlm\/wp-json\/wp\/v2\/posts\/11540","targetHints":{"allow":["GET"]}}],"collection":[{"href":"http:\/\/vamosporlaliberacion.org\/crpmlm\/wp-json\/wp\/v2\/posts"}],"about":[{"href":"http:\/\/vamosporlaliberacion.org\/crpmlm\/wp-json\/wp\/v2\/types\/post"}],"author":[{"embeddable":true,"href":"http:\/\/vamosporlaliberacion.org\/crpmlm\/wp-json\/wp\/v2\/users\/5"}],"replies":[{"embeddable":true,"href":"http:\/\/vamosporlaliberacion.org\/crpmlm\/wp-json\/wp\/v2\/comments?post=11540"}],"version-history":[{"count":0,"href":"http:\/\/vamosporlaliberacion.org\/crpmlm\/wp-json\/wp\/v2\/posts\/11540\/revisions"}],"wp:featuredmedia":[{"embeddable":true,"href":"http:\/\/vamosporlaliberacion.org\/crpmlm\/wp-json\/wp\/v2\/media\/11541"}],"wp:attachment":[{"href":"http:\/\/vamosporlaliberacion.org\/crpmlm\/wp-json\/wp\/v2\/media?parent=11540"}],"wp:term":[{"taxonomy":"category","embeddable":true,"href":"http:\/\/vamosporlaliberacion.org\/crpmlm\/wp-json\/wp\/v2\/categories?post=11540"},{"taxonomy":"post_tag","embeddable":true,"href":"http:\/\/vamosporlaliberacion.org\/crpmlm\/wp-json\/wp\/v2\/tags?post=11540"}],"curies":[{"name":"wp","href":"https:\/\/api.w.org\/{rel}","templated":true}]}}