{"id":1150,"date":"2015-09-29T19:57:00","date_gmt":"2015-09-29T22:57:00","guid":{"rendered":"http:\/\/m8000370.ferozo.com\/crpmlm\/?p=1150"},"modified":"2020-11-06T20:06:35","modified_gmt":"2020-11-06T23:06:35","slug":"para-seguir-luchando","status":"publish","type":"post","link":"http:\/\/vamosporlaliberacion.org\/crpmlm\/para-seguir-luchando\/","title":{"rendered":"Para seguir luchando"},"content":{"rendered":"<p>Por los derechos de las mujeres, de los trabajadores y del pueblo, el 25 de octubre vot\u00e1 al Frente de Izquierda y de los Trabajadores. Para acumular fuerzas para liberaci\u00f3n nacional y social.<\/p>\n<p>La mitad de las mujeres reciben un salario menor a $5.400, un 30% menos los hombres para los cuales esta cifra llega a $7.000. Esta realidad, de bolsillos ajustados y desilgualdad de g\u00e9nero, es ocultada sistem\u00e1ticamente por Scioli, Macri y Massa. <\/p>\n<h3><strong>Campa\u00f1a electoral a los tumbos<\/strong><\/h3>\n<p>En las \u00faltimas semanas, el candidato Daniel Scioli ha subido en las encuestas agrandando la brecha con Macri. A las denuncias de fraude en Tucum\u00e1n, que golpearon al oficialismo, \u00e9ste contragolpe\u00f3 con las denuncias de corrupci\u00f3n del candidato del PRO Fernando Niembro. <\/p>\n<p>Esto fue ti\u00f1endo el proceso electoral, aumentando la ola de \u201ccarpetazos\u201d, acusaciones de negociados y corrupci\u00f3n, ahora tambi\u00e9n hacia familiares de funcionarios como el propio M\u00e1ximo Kirchner que declar\u00f3 una fortuna de 36 millones de d\u00f3lares. Verdaderos esc\u00e1ndalos que muestran un sistema y sus administradores, podrido de punta a punta.<\/p>\n<p>Por otro lado, las elecciones est\u00e1n te\u00f1idas por la coincidencia de los tres candidatos de las clases dominantes \u2013m\u00e1s all\u00e1 de su lucha por la hegemon\u00eda del Estado\u2013 en que la Argentina que viene ser\u00e1 con mayor ajuste y dependencia de los imperialismos. Puede variar la forma y los tiempos, pero este tema no est\u00e1 en la discusi\u00f3n electoral. Cuando los economistas de los candidatos hablan de la vieja frase de \u201ctraer inversiones\u201d, ya sabemos que se trata de devaluaci\u00f3n, ajuste y garant\u00edas fiscales y jur\u00eddicas para esas \u201cinversiones\u201d imperialistas.<\/p>\n<p>La econom\u00eda est\u00e1 en recesi\u00f3n hace dos a\u00f1os y medio, y los que pagan los platos rotos son los sectores populares. Ya se eval\u00faa el recorte de subsidios, que no es otra cosa que el aumento de las tarifas de servicios que pagar\u00e1 el pueblo, porque los monopolios no est\u00e1n dispuestos a modificar su tasa de ganancia. Tambi\u00e9n se est\u00e1 estudiando el achique de la planta estatal, con despidos en la forma de fin de contratos, retiros voluntarios y jubilaciones anticipadas. <\/p>\n<p>La crisis de sobreproducci\u00f3n relativa que estall\u00f3 en el 2008 y que ahora golpea a China amenaza con profundizar la situaci\u00f3n precaria de los pa\u00edses dependientes de Latinoam\u00e9rica. La pol\u00edtica econ\u00f3mica agro-minera-exportadora como la nuestra hace agua frente a la ca\u00edda de los precios y el volumen de compra de la soja a futuro. Esta situaci\u00f3n profundizar\u00e1 la escalada de productos de ese pa\u00eds que llegaran al nuestro, profundizando el d\u00e9ficit en la balanza comercial. <\/p>\n<p>Junto con esto, la nueva devaluaci\u00f3n del Real en Brasil (40% en un a\u00f1o) muestra la crisis en la que est\u00e1 sumergida, con un ajuste al mejor estilo \u201cortodoxo\u201d, con reducci\u00f3n de jornada y rebaja salarial, con recorte de subsidios a los planes sociales y aumento de los servicios p\u00fablicos. En los \u00faltimos 12 meses hasta agosto, se perdieron en el pa\u00eds 986.000 empleos formales. Seg\u00fan mostr\u00f3 el CAGED (Catastro General de Empleados y Desempleados) solamente en agosto se perdieron 86.543 puestos de trabajo registrados. Esta realidad golea a la industria en nuestro pa\u00eds, particularmente la automotriz, que ya est\u00e1n suspendiendo en la mayor\u00eda de las terminales. El resultado de la balanza comercial de los \u00faltimos ocho meses con nuestro pa\u00eds es el m\u00e1s bajo de los \u00faltimos 15 a\u00f1os.<\/p>\n<h3><strong>Los trabajadores, el problema de siempre<\/strong><\/h3>\n<p>No hay pol\u00edtica de ajuste que se haya llevado adelante con relativo \u00e9xito, si no es manteniendo calmo el mar de trabajadores. Pero como no hay buen marinero sin mar revuelto, y ese puede ser el panorama hacia fin de a\u00f1o, los buenos \u201cmarineros\u201d del sindicalismo traidor est\u00e1n en tratativas para la unificaci\u00f3n de la CGT, con reuniones entre Cavallieri, Gerardo Mart\u00ednez, Hugo Moyano, etc. All\u00ed el lema podr\u00eda ser \u201cgarantizar la paz social\u201d para que el nuevo gobierno se pueda acomodar y en ese inter\u00edn hacer pasar el ajuste. <\/p>\n<p>La mayor\u00eda de esos dirigentes pasaron a integrar la mesa sindical de \u201cScioli presidente\u201d. Y otros se muestran proclives a acuerdos ya que \u201cScioli no es Cristina\u201d, como dijo el saltar\u00edn Eduardo Buzzi de FAA. En este sentido y mostrando los escenarios que vendr\u00e1n, no es un dato menor la reuni\u00f3n entre Pablo Michelli de la CTA Aut\u00f3noma y Hugo \u201cCachorro\u201d Godoy de ATE (aliado a De Genaro) con Daniel Scioli, donde Michelli la calific\u00f3 de \u201cmuy amena\u201d. <\/p>\n<p>Lo van a ver como \u201ccandidato\u201d, separ\u00e1ndolo de su actual gesti\u00f3n de CFK y pasando por alto su nefasto papel como gobernador de la provincia de Buenos Aires, donde somete a los trabajadores estatales a la precarizaci\u00f3n laboral y salarios muy por debajo de la canasta b\u00e1sica. De esta manera, se da una se\u00f1al de incertidumbre frente a los escenarios que vendr\u00e1n, en vez de \u201cmarcar la cancha\u201d y preparar a los trabajadores para enfrentar el ajuste en marcha y el que vendr\u00e1.<\/p>\n<h3><strong>El FIT: la opci\u00f3n popular en las elecciones<\/strong><\/h3>\n<p>La lucha que se agudiza entre los sectores dominantes por el control del Estado es, en definitiva, siempre en favor de monopolios imperialistas como la Barrick Gold \u2013que saquea nuestros recursos naturales y envenena al pueblo\u2013 o de terratenientes \u2013que se apropian de las tierras de las comunidades originarias y criollas, pagando \u00e9stas un costo de miseria, persecuci\u00f3n y muerte\u2013. El pueblo necesita otra opci\u00f3n, que alimente la lucha por sus reclamos.<\/p>\n<p>El 25 de octubre los sectores populares empujamos masivamente el voto al FIT como una herramienta frente a la dispersi\u00f3n de grandes sectores populares. Como una herramienta que favorecer\u00e1 al reagrupamiento de fuerzas y sectores que vienen luchando y que ser\u00e1 sumamente necesario frente al escenario de mayor ajuste y dependencia, en la perspectiva de la liberaci\u00f3n nacional y social. <\/p>\n<h3><strong>El 30\u00ba Encuentro Nacional de Mujeres<\/strong><\/h3>\n<p>CFK en la ONU: \u201cSo\u00f1ar con igualdad de g\u00e9nero en un pa\u00eds inequitativo, con grandes brechas sociales, es simplemente ret\u00f3rica o ilusi\u00f3n\u201d, afirm\u00f3 la presidente en la reuni\u00f3n sobre Igualdad de G\u00e9nero y Empoderamiento de la Mujer. Y agreg\u00f3: \u201cpor eso, en Argentina hemos desarrollado un fuerte proceso de inclusi\u00f3n social que trajo aparejado la mayor oportunidad e igualdad para la mujer\u201d y cit\u00f3 programas y pol\u00edticas activas en tal sentido. <\/p>\n<p>Pero nada dijo, ya que tambi\u00e9n es la responsable directa, de que en nuestro pa\u00eds las mujeres consiguen salarios que son un 30% menor a los que perciben los hombres. Los datos surgen del \u00faltimo informe del propio INDEC sobre Evoluci\u00f3n de la Distribuci\u00f3n del Ingreso, que surge de la Encuesta Permanente de Hogares, correspondiente al segundo trimestre de este a\u00f1o.<\/p>\n<p>Las mujeres son las que sufren la doble explotaci\u00f3n, ya que se hacen cargo de la segunda jornada laboral en los hogares, cuidando de los hijos e hijas, limpiando, cocinando. <\/p>\n<p>Un sistema basado en la familia patriarcal donde la mujer ocupa un lugar de sumisi\u00f3n. Donde son abusadas, golpeadas y asesinadas, pero donde se escuch\u00f3 el grito desgarrador de millones que dijeron \u201cNi una menos\u201d como una declaraci\u00f3n de guerra contra la violencia de g\u00e9nero. Violencia que no cesa porque hay una Justicia que mira y no ve, con un C\u00f3digo Civil que condena de hecho a las mujeres que abortan, ya que concibe la vida desde la \u201cconcepci\u00f3n\u201d, llevando a la muerte por abortos clandestinos. Mientras, sigue cajoneado el proyecto de la Campa\u00f1a por el Derecho al Aborto Legal, Seguro y Gratuito. <\/p>\n<p>Este nuevo Encuentro Nacional de Mujeres, en Mar del Plata, los d\u00edas 10,11 y 12 de octubre ser\u00e1 un acontecimiento donde decenas de miles de mujeres debatir\u00e1n sobre su realidad, su lucha y sus sue\u00f1os de emancipaci\u00f3n, que no ser\u00e1 otra que la del pueblo mismo por el camino de la revoluci\u00f3n.<\/p>\n<!-- AddThis Advanced Settings generic via filter on the_content --><!-- AddThis Share Buttons generic via filter on the_content -->","protected":false},"excerpt":{"rendered":"<p>Por los derechos de las mujeres, de los trabajadores y del pueblo, el 25 de octubre vot\u00e1 al Frente de Izquierda y de los Trabajadores. Para acumular fuerzas para liberaci\u00f3n nacional y social. La mitad de las mujeres reciben un salario menor a $5.400, un 30% menos los hombres para los cuales esta cifra llega [&hellip;]<!-- AddThis Advanced Settings generic via filter on get_the_excerpt --><!-- AddThis Share Buttons generic via filter on get_the_excerpt --><\/p>\n","protected":false},"author":6,"featured_media":1151,"comment_status":"open","ping_status":"open","sticky":false,"template":"","format":"standard","meta":{"_jetpack_memberships_contains_paid_content":false,"footnotes":""},"categories":[1881],"tags":[100],"class_list":{"0":"post-1150","1":"post","2":"type-post","3":"status-publish","4":"format-standard","5":"has-post-thumbnail","7":"category-editoriales","8":"tag-editorial-61"},"yoast_head":"<!-- This site is optimized with the Yoast SEO plugin v27.4 - https:\/\/yoast.com\/product\/yoast-seo-wordpress\/ -->\n<title>Para seguir luchando - Vamos por la Liberaci\u00f3n<\/title>\n<meta name=\"robots\" content=\"index, follow, max-snippet:-1, max-image-preview:large, max-video-preview:-1\" \/>\n<link rel=\"canonical\" href=\"http:\/\/vamosporlaliberacion.org\/crpmlm\/para-seguir-luchando\/\" \/>\n<meta name=\"twitter:label1\" content=\"Escrito por\" \/>\n\t<meta name=\"twitter:data1\" content=\"vamos!\" \/>\n\t<meta name=\"twitter:label2\" content=\"Tiempo de lectura\" \/>\n\t<meta name=\"twitter:data2\" content=\"7 minutos\" \/>\n<script type=\"application\/ld+json\" class=\"yoast-schema-graph\">{\"@context\":\"https:\\\/\\\/schema.org\",\"@graph\":[{\"@type\":\"Article\",\"@id\":\"http:\\\/\\\/vamosporlaliberacion.org\\\/crpmlm\\\/para-seguir-luchando\\\/#article\",\"isPartOf\":{\"@id\":\"http:\\\/\\\/vamosporlaliberacion.org\\\/crpmlm\\\/para-seguir-luchando\\\/\"},\"author\":{\"name\":\"vamos!\",\"@id\":\"https:\\\/\\\/vamosporlaliberacion.org\\\/crpmlm\\\/#\\\/schema\\\/person\\\/d6eac7758df3770dae9cd9eb104d615c\"},\"headline\":\"Para seguir luchando\",\"datePublished\":\"2015-09-29T22:57:00+00:00\",\"dateModified\":\"2020-11-06T23:06:35+00:00\",\"mainEntityOfPage\":{\"@id\":\"http:\\\/\\\/vamosporlaliberacion.org\\\/crpmlm\\\/para-seguir-luchando\\\/\"},\"wordCount\":1351,\"commentCount\":0,\"image\":{\"@id\":\"http:\\\/\\\/vamosporlaliberacion.org\\\/crpmlm\\\/para-seguir-luchando\\\/#primaryimage\"},\"thumbnailUrl\":\"https:\\\/\\\/i0.wp.com\\\/vamosporlaliberacion.org\\\/crpmlm\\\/wp-content\\\/uploads\\\/2015\\\/10\\\/vxl61-22.jpg?fit=696%2C469&ssl=1\",\"keywords\":[\"editorial 61\"],\"articleSection\":[\"Editoriales\"],\"inLanguage\":\"es\",\"potentialAction\":[{\"@type\":\"CommentAction\",\"name\":\"Comment\",\"target\":[\"http:\\\/\\\/vamosporlaliberacion.org\\\/crpmlm\\\/para-seguir-luchando\\\/#respond\"]}]},{\"@type\":\"WebPage\",\"@id\":\"http:\\\/\\\/vamosporlaliberacion.org\\\/crpmlm\\\/para-seguir-luchando\\\/\",\"url\":\"http:\\\/\\\/vamosporlaliberacion.org\\\/crpmlm\\\/para-seguir-luchando\\\/\",\"name\":\"Para seguir luchando - Vamos por la Liberaci\u00f3n\",\"isPartOf\":{\"@id\":\"https:\\\/\\\/vamosporlaliberacion.org\\\/crpmlm\\\/#website\"},\"primaryImageOfPage\":{\"@id\":\"http:\\\/\\\/vamosporlaliberacion.org\\\/crpmlm\\\/para-seguir-luchando\\\/#primaryimage\"},\"image\":{\"@id\":\"http:\\\/\\\/vamosporlaliberacion.org\\\/crpmlm\\\/para-seguir-luchando\\\/#primaryimage\"},\"thumbnailUrl\":\"https:\\\/\\\/i0.wp.com\\\/vamosporlaliberacion.org\\\/crpmlm\\\/wp-content\\\/uploads\\\/2015\\\/10\\\/vxl61-22.jpg?fit=696%2C469&ssl=1\",\"datePublished\":\"2015-09-29T22:57:00+00:00\",\"dateModified\":\"2020-11-06T23:06:35+00:00\",\"author\":{\"@id\":\"https:\\\/\\\/vamosporlaliberacion.org\\\/crpmlm\\\/#\\\/schema\\\/person\\\/d6eac7758df3770dae9cd9eb104d615c\"},\"breadcrumb\":{\"@id\":\"http:\\\/\\\/vamosporlaliberacion.org\\\/crpmlm\\\/para-seguir-luchando\\\/#breadcrumb\"},\"inLanguage\":\"es\",\"potentialAction\":[{\"@type\":\"ReadAction\",\"target\":[\"http:\\\/\\\/vamosporlaliberacion.org\\\/crpmlm\\\/para-seguir-luchando\\\/\"]}]},{\"@type\":\"ImageObject\",\"inLanguage\":\"es\",\"@id\":\"http:\\\/\\\/vamosporlaliberacion.org\\\/crpmlm\\\/para-seguir-luchando\\\/#primaryimage\",\"url\":\"https:\\\/\\\/i0.wp.com\\\/vamosporlaliberacion.org\\\/crpmlm\\\/wp-content\\\/uploads\\\/2015\\\/10\\\/vxl61-22.jpg?fit=696%2C469&ssl=1\",\"contentUrl\":\"https:\\\/\\\/i0.wp.com\\\/vamosporlaliberacion.org\\\/crpmlm\\\/wp-content\\\/uploads\\\/2015\\\/10\\\/vxl61-22.jpg?fit=696%2C469&ssl=1\",\"width\":696,\"height\":469},{\"@type\":\"BreadcrumbList\",\"@id\":\"http:\\\/\\\/vamosporlaliberacion.org\\\/crpmlm\\\/para-seguir-luchando\\\/#breadcrumb\",\"itemListElement\":[{\"@type\":\"ListItem\",\"position\":1,\"name\":\"Portada\",\"item\":\"https:\\\/\\\/vamosporlaliberacion.org\\\/crpmlm\\\/\"},{\"@type\":\"ListItem\",\"position\":2,\"name\":\"Para seguir luchando\"}]},{\"@type\":\"WebSite\",\"@id\":\"https:\\\/\\\/vamosporlaliberacion.org\\\/crpmlm\\\/#website\",\"url\":\"https:\\\/\\\/vamosporlaliberacion.org\\\/crpmlm\\\/\",\"name\":\"Vamos por la Liberaci\u00f3n\",\"description\":\"Prensa CR\",\"potentialAction\":[{\"@type\":\"SearchAction\",\"target\":{\"@type\":\"EntryPoint\",\"urlTemplate\":\"https:\\\/\\\/vamosporlaliberacion.org\\\/crpmlm\\\/?s={search_term_string}\"},\"query-input\":{\"@type\":\"PropertyValueSpecification\",\"valueRequired\":true,\"valueName\":\"search_term_string\"}}],\"inLanguage\":\"es\"},{\"@type\":\"Person\",\"@id\":\"https:\\\/\\\/vamosporlaliberacion.org\\\/crpmlm\\\/#\\\/schema\\\/person\\\/d6eac7758df3770dae9cd9eb104d615c\",\"name\":\"vamos!\",\"url\":\"http:\\\/\\\/vamosporlaliberacion.org\\\/crpmlm\\\/author\\\/adminvxl\\\/\"}]}<\/script>\n<!-- \/ Yoast SEO plugin. -->","yoast_head_json":{"title":"Para seguir luchando - Vamos por la Liberaci\u00f3n","robots":{"index":"index","follow":"follow","max-snippet":"max-snippet:-1","max-image-preview":"max-image-preview:large","max-video-preview":"max-video-preview:-1"},"canonical":"http:\/\/vamosporlaliberacion.org\/crpmlm\/para-seguir-luchando\/","twitter_misc":{"Escrito por":"vamos!","Tiempo de lectura":"7 minutos"},"schema":{"@context":"https:\/\/schema.org","@graph":[{"@type":"Article","@id":"http:\/\/vamosporlaliberacion.org\/crpmlm\/para-seguir-luchando\/#article","isPartOf":{"@id":"http:\/\/vamosporlaliberacion.org\/crpmlm\/para-seguir-luchando\/"},"author":{"name":"vamos!","@id":"https:\/\/vamosporlaliberacion.org\/crpmlm\/#\/schema\/person\/d6eac7758df3770dae9cd9eb104d615c"},"headline":"Para seguir luchando","datePublished":"2015-09-29T22:57:00+00:00","dateModified":"2020-11-06T23:06:35+00:00","mainEntityOfPage":{"@id":"http:\/\/vamosporlaliberacion.org\/crpmlm\/para-seguir-luchando\/"},"wordCount":1351,"commentCount":0,"image":{"@id":"http:\/\/vamosporlaliberacion.org\/crpmlm\/para-seguir-luchando\/#primaryimage"},"thumbnailUrl":"https:\/\/i0.wp.com\/vamosporlaliberacion.org\/crpmlm\/wp-content\/uploads\/2015\/10\/vxl61-22.jpg?fit=696%2C469&ssl=1","keywords":["editorial 61"],"articleSection":["Editoriales"],"inLanguage":"es","potentialAction":[{"@type":"CommentAction","name":"Comment","target":["http:\/\/vamosporlaliberacion.org\/crpmlm\/para-seguir-luchando\/#respond"]}]},{"@type":"WebPage","@id":"http:\/\/vamosporlaliberacion.org\/crpmlm\/para-seguir-luchando\/","url":"http:\/\/vamosporlaliberacion.org\/crpmlm\/para-seguir-luchando\/","name":"Para seguir luchando - Vamos por la Liberaci\u00f3n","isPartOf":{"@id":"https:\/\/vamosporlaliberacion.org\/crpmlm\/#website"},"primaryImageOfPage":{"@id":"http:\/\/vamosporlaliberacion.org\/crpmlm\/para-seguir-luchando\/#primaryimage"},"image":{"@id":"http:\/\/vamosporlaliberacion.org\/crpmlm\/para-seguir-luchando\/#primaryimage"},"thumbnailUrl":"https:\/\/i0.wp.com\/vamosporlaliberacion.org\/crpmlm\/wp-content\/uploads\/2015\/10\/vxl61-22.jpg?fit=696%2C469&ssl=1","datePublished":"2015-09-29T22:57:00+00:00","dateModified":"2020-11-06T23:06:35+00:00","author":{"@id":"https:\/\/vamosporlaliberacion.org\/crpmlm\/#\/schema\/person\/d6eac7758df3770dae9cd9eb104d615c"},"breadcrumb":{"@id":"http:\/\/vamosporlaliberacion.org\/crpmlm\/para-seguir-luchando\/#breadcrumb"},"inLanguage":"es","potentialAction":[{"@type":"ReadAction","target":["http:\/\/vamosporlaliberacion.org\/crpmlm\/para-seguir-luchando\/"]}]},{"@type":"ImageObject","inLanguage":"es","@id":"http:\/\/vamosporlaliberacion.org\/crpmlm\/para-seguir-luchando\/#primaryimage","url":"https:\/\/i0.wp.com\/vamosporlaliberacion.org\/crpmlm\/wp-content\/uploads\/2015\/10\/vxl61-22.jpg?fit=696%2C469&ssl=1","contentUrl":"https:\/\/i0.wp.com\/vamosporlaliberacion.org\/crpmlm\/wp-content\/uploads\/2015\/10\/vxl61-22.jpg?fit=696%2C469&ssl=1","width":696,"height":469},{"@type":"BreadcrumbList","@id":"http:\/\/vamosporlaliberacion.org\/crpmlm\/para-seguir-luchando\/#breadcrumb","itemListElement":[{"@type":"ListItem","position":1,"name":"Portada","item":"https:\/\/vamosporlaliberacion.org\/crpmlm\/"},{"@type":"ListItem","position":2,"name":"Para seguir luchando"}]},{"@type":"WebSite","@id":"https:\/\/vamosporlaliberacion.org\/crpmlm\/#website","url":"https:\/\/vamosporlaliberacion.org\/crpmlm\/","name":"Vamos por la Liberaci\u00f3n","description":"Prensa CR","potentialAction":[{"@type":"SearchAction","target":{"@type":"EntryPoint","urlTemplate":"https:\/\/vamosporlaliberacion.org\/crpmlm\/?s={search_term_string}"},"query-input":{"@type":"PropertyValueSpecification","valueRequired":true,"valueName":"search_term_string"}}],"inLanguage":"es"},{"@type":"Person","@id":"https:\/\/vamosporlaliberacion.org\/crpmlm\/#\/schema\/person\/d6eac7758df3770dae9cd9eb104d615c","name":"vamos!","url":"http:\/\/vamosporlaliberacion.org\/crpmlm\/author\/adminvxl\/"}]}},"jetpack_featured_media_url":"https:\/\/i0.wp.com\/vamosporlaliberacion.org\/crpmlm\/wp-content\/uploads\/2015\/10\/vxl61-22.jpg?fit=696%2C469&ssl=1","jetpack_sharing_enabled":true,"_links":{"self":[{"href":"http:\/\/vamosporlaliberacion.org\/crpmlm\/wp-json\/wp\/v2\/posts\/1150","targetHints":{"allow":["GET"]}}],"collection":[{"href":"http:\/\/vamosporlaliberacion.org\/crpmlm\/wp-json\/wp\/v2\/posts"}],"about":[{"href":"http:\/\/vamosporlaliberacion.org\/crpmlm\/wp-json\/wp\/v2\/types\/post"}],"author":[{"embeddable":true,"href":"http:\/\/vamosporlaliberacion.org\/crpmlm\/wp-json\/wp\/v2\/users\/6"}],"replies":[{"embeddable":true,"href":"http:\/\/vamosporlaliberacion.org\/crpmlm\/wp-json\/wp\/v2\/comments?post=1150"}],"version-history":[{"count":1,"href":"http:\/\/vamosporlaliberacion.org\/crpmlm\/wp-json\/wp\/v2\/posts\/1150\/revisions"}],"predecessor-version":[{"id":21958,"href":"http:\/\/vamosporlaliberacion.org\/crpmlm\/wp-json\/wp\/v2\/posts\/1150\/revisions\/21958"}],"wp:featuredmedia":[{"embeddable":true,"href":"http:\/\/vamosporlaliberacion.org\/crpmlm\/wp-json\/wp\/v2\/media\/1151"}],"wp:attachment":[{"href":"http:\/\/vamosporlaliberacion.org\/crpmlm\/wp-json\/wp\/v2\/media?parent=1150"}],"wp:term":[{"taxonomy":"category","embeddable":true,"href":"http:\/\/vamosporlaliberacion.org\/crpmlm\/wp-json\/wp\/v2\/categories?post=1150"},{"taxonomy":"post_tag","embeddable":true,"href":"http:\/\/vamosporlaliberacion.org\/crpmlm\/wp-json\/wp\/v2\/tags?post=1150"}],"curies":[{"name":"wp","href":"https:\/\/api.w.org\/{rel}","templated":true}]}}