{"id":11461,"date":"2018-04-19T22:31:33","date_gmt":"2018-04-20T01:31:33","guid":{"rendered":"http:\/\/vamosporlaliberacion.org\/crpmlm\/?p=11461"},"modified":"2020-10-12T20:58:10","modified_gmt":"2020-10-12T23:58:10","slug":"documental-una-historia-de-madres","status":"publish","type":"post","link":"http:\/\/vamosporlaliberacion.org\/crpmlm\/documental-una-historia-de-madres\/","title":{"rendered":"Documental | Una historia de Madres"},"content":{"rendered":"<p>Recientemente subida a la red para difusi\u00f3n on-line, Una historia de Madres ofrece una s\u00edntesis acerca del origen y el desarrollo hasta la actualidad del movimiento de las Madres de Plaza de Mayo. Al hacerlo, su director, Ernesto Gut, escoge tambi\u00e9n dar con los conflictos internos que condujeron a su ruptura y el surgimiento de Madres de Plaza de Mayo L\u00ednea Fundadora. No los esconde ni los obvia.<\/p>\n<p>El documental recoge y expone material f\u00edlmico poco conocido o in\u00e9dito, y testimonios de protagonistas de los sucesos y los debates claves de la historia de las Madres. En \u00e9l hablan Nora Corti\u00f1as, Elia Espen, Osvaldo Bayer y Adolfo P\u00e9rez Esquivel, entre otros.<\/p>\n<p>Mostrar el trabajo tenaz, persistente e inclaudicable de Madres de Plaza de Mayo L\u00ednea Fundadora en el ejemplo de Nora Corti\u00f1as \u2013la c\u00e1mara la acompa\u00f1a en el recorrido desde su hogar en Castelar, en el Oeste de la Provincia de Buenos Aires, hasta la Plaza de Mayo\u2013 exige tambi\u00e9n hablar de su sustento ideol\u00f3gico y los escollos encontrados en la b\u00fasqueda de la memoria, la verdad y la justicia. As\u00ed lo entiende Gut.<\/p>\n<p>La pel\u00edcula va a los g\u00e9rmenes de la organizaci\u00f3n en plena dictadura militar, con la b\u00fasqueda de los hijos desaparecidos como elemento aglutinador. Todos los testimonios expuestos coincidieron en la convicci\u00f3n de que el liderazgo de Azucena Villaflor fue trascendental para la consolidaci\u00f3n del conjunto de las Madres en una organizaci\u00f3n creciente, con m\u00e9todos de toma de decisi\u00f3n internos y acciones concretas. Fue la simiente para la construcci\u00f3n posterior.<\/p>\n<p>\u201cHebe (de Bonafini) estaba tomando rumbos que no me gustaban. El autoritarismo era evidente. Ya no era ese cuerpo org\u00e1nico, macizo, que discut\u00eda y llegaba a acuerdos\u201d, cuenta Mar\u00eda del Rosario de Cerruti, directora del peri\u00f3dico de las Madres hasta 1993, y as\u00ed explica los motivos de su distanciamiento. La ruptura y la creaci\u00f3n de Madres de Plaza de Mayo L\u00ednea Fundadora se origin\u00f3 en 1986, como \u00faltima instancia ante diferencias pol\u00edticas y mecanismos del grupo encabezado por Hebe que obturaban las v\u00edas de discusi\u00f3n interna para establecer el qu\u00e9 hacer y c\u00f3mo de la organizaci\u00f3n.<\/p>\n<p>El curso de la historia confirm\u00f3 el acierto de quienes tomaron la decisi\u00f3n de abrirse. Las Madres entrevistadas reivindican las banderas que enarbolaron sus hijos; y tambi\u00e9n han sido activas ante la segunda desaparici\u00f3n de Jorge Julio L\u00f3pez y en la denuncia del represor C\u00e9sar Milani cuando fue designado al frente del Ej\u00e9rcito por el gobierno kirchnerista. Porque no se puede luchar contra la impunidad de ayer sin hacerlo tambi\u00e9n contra la de hoy. Y hoy, frente al gobierno del 2&#215;1 a genocidas, vienen teniendo un rol activo en la unidad del movimiento de derechos humanos.<\/p>\n<p>Una historia de Madres refleja con claridad implacable esa realidad y expone la coherencia y la ejemplaridad de nuestras Madres de Plaza de Mayo.<\/p>\n<!-- AddThis Advanced Settings generic via filter on the_content --><!-- AddThis Share Buttons generic via filter on the_content -->","protected":false},"excerpt":{"rendered":"<p>Recientemente subida a la red para difusi\u00f3n on-line, Una historia de Madres ofrece una s\u00edntesis acerca del origen y el desarrollo hasta la actualidad del movimiento de las Madres de Plaza de Mayo. Al hacerlo, su director, Ernesto Gut, escoge tambi\u00e9n dar con los conflictos internos que condujeron a su ruptura y el surgimiento de [&hellip;]<!-- AddThis Advanced Settings generic via filter on get_the_excerpt --><!-- AddThis Share Buttons generic via filter on get_the_excerpt --><\/p>\n","protected":false},"author":5,"featured_media":11462,"comment_status":"open","ping_status":"open","sticky":false,"template":"","format":"standard","meta":{"_jetpack_memberships_contains_paid_content":false,"footnotes":""},"categories":[1850],"tags":[87,131,1174],"class_list":{"0":"post-11461","1":"post","2":"type-post","3":"status-publish","4":"format-standard","5":"has-post-thumbnail","7":"category-cultura","8":"tag-dictadura","9":"tag-historia","10":"tag-vxl-117"},"yoast_head":"<!-- This site is optimized with the Yoast SEO plugin v27.4 - https:\/\/yoast.com\/product\/yoast-seo-wordpress\/ -->\n<title>Documental | Una historia de Madres - Vamos por la Liberaci\u00f3n<\/title>\n<meta name=\"robots\" content=\"index, follow, max-snippet:-1, max-image-preview:large, max-video-preview:-1\" \/>\n<link rel=\"canonical\" href=\"https:\/\/vamosporlaliberacion.org\/crpmlm\/documental-una-historia-de-madres\/\" \/>\n<meta name=\"twitter:label1\" content=\"Escrito por\" \/>\n\t<meta name=\"twitter:data1\" content=\"\" \/>\n\t<meta name=\"twitter:label2\" content=\"Tiempo de lectura\" \/>\n\t<meta name=\"twitter:data2\" content=\"3 minutos\" \/>\n<script type=\"application\/ld+json\" class=\"yoast-schema-graph\">{\"@context\":\"https:\\\/\\\/schema.org\",\"@graph\":[{\"@type\":\"Article\",\"@id\":\"https:\\\/\\\/vamosporlaliberacion.org\\\/crpmlm\\\/documental-una-historia-de-madres\\\/#article\",\"isPartOf\":{\"@id\":\"https:\\\/\\\/vamosporlaliberacion.org\\\/crpmlm\\\/documental-una-historia-de-madres\\\/\"},\"author\":{\"name\":\"\",\"@id\":\"\"},\"headline\":\"Documental | Una historia de Madres\",\"datePublished\":\"2018-04-20T01:31:33+00:00\",\"dateModified\":\"2020-10-12T23:58:10+00:00\",\"mainEntityOfPage\":{\"@id\":\"https:\\\/\\\/vamosporlaliberacion.org\\\/crpmlm\\\/documental-una-historia-de-madres\\\/\"},\"wordCount\":515,\"commentCount\":0,\"image\":{\"@id\":\"https:\\\/\\\/vamosporlaliberacion.org\\\/crpmlm\\\/documental-una-historia-de-madres\\\/#primaryimage\"},\"thumbnailUrl\":\"https:\\\/\\\/i0.wp.com\\\/vamosporlaliberacion.org\\\/crpmlm\\\/wp-content\\\/uploads\\\/2018\\\/04\\\/17352400_272472919847629_6960464152727406276_n-e1524242471916.jpg?fit=640%2C480&ssl=1\",\"keywords\":[\"Dictadura\",\"historia\",\"vxl 117\"],\"articleSection\":[\"cultura\"],\"inLanguage\":\"es\",\"potentialAction\":[{\"@type\":\"CommentAction\",\"name\":\"Comment\",\"target\":[\"https:\\\/\\\/vamosporlaliberacion.org\\\/crpmlm\\\/documental-una-historia-de-madres\\\/#respond\"]}]},{\"@type\":\"WebPage\",\"@id\":\"https:\\\/\\\/vamosporlaliberacion.org\\\/crpmlm\\\/documental-una-historia-de-madres\\\/\",\"url\":\"https:\\\/\\\/vamosporlaliberacion.org\\\/crpmlm\\\/documental-una-historia-de-madres\\\/\",\"name\":\"Documental | Una historia de Madres - Vamos por la Liberaci\u00f3n\",\"isPartOf\":{\"@id\":\"https:\\\/\\\/vamosporlaliberacion.org\\\/crpmlm\\\/#website\"},\"primaryImageOfPage\":{\"@id\":\"https:\\\/\\\/vamosporlaliberacion.org\\\/crpmlm\\\/documental-una-historia-de-madres\\\/#primaryimage\"},\"image\":{\"@id\":\"https:\\\/\\\/vamosporlaliberacion.org\\\/crpmlm\\\/documental-una-historia-de-madres\\\/#primaryimage\"},\"thumbnailUrl\":\"https:\\\/\\\/i0.wp.com\\\/vamosporlaliberacion.org\\\/crpmlm\\\/wp-content\\\/uploads\\\/2018\\\/04\\\/17352400_272472919847629_6960464152727406276_n-e1524242471916.jpg?fit=640%2C480&ssl=1\",\"datePublished\":\"2018-04-20T01:31:33+00:00\",\"dateModified\":\"2020-10-12T23:58:10+00:00\",\"author\":{\"@id\":\"\"},\"breadcrumb\":{\"@id\":\"https:\\\/\\\/vamosporlaliberacion.org\\\/crpmlm\\\/documental-una-historia-de-madres\\\/#breadcrumb\"},\"inLanguage\":\"es\",\"potentialAction\":[{\"@type\":\"ReadAction\",\"target\":[\"https:\\\/\\\/vamosporlaliberacion.org\\\/crpmlm\\\/documental-una-historia-de-madres\\\/\"]}]},{\"@type\":\"ImageObject\",\"inLanguage\":\"es\",\"@id\":\"https:\\\/\\\/vamosporlaliberacion.org\\\/crpmlm\\\/documental-una-historia-de-madres\\\/#primaryimage\",\"url\":\"https:\\\/\\\/i0.wp.com\\\/vamosporlaliberacion.org\\\/crpmlm\\\/wp-content\\\/uploads\\\/2018\\\/04\\\/17352400_272472919847629_6960464152727406276_n-e1524242471916.jpg?fit=640%2C480&ssl=1\",\"contentUrl\":\"https:\\\/\\\/i0.wp.com\\\/vamosporlaliberacion.org\\\/crpmlm\\\/wp-content\\\/uploads\\\/2018\\\/04\\\/17352400_272472919847629_6960464152727406276_n-e1524242471916.jpg?fit=640%2C480&ssl=1\",\"width\":640,\"height\":480},{\"@type\":\"BreadcrumbList\",\"@id\":\"https:\\\/\\\/vamosporlaliberacion.org\\\/crpmlm\\\/documental-una-historia-de-madres\\\/#breadcrumb\",\"itemListElement\":[{\"@type\":\"ListItem\",\"position\":1,\"name\":\"Portada\",\"item\":\"https:\\\/\\\/vamosporlaliberacion.org\\\/crpmlm\\\/\"},{\"@type\":\"ListItem\",\"position\":2,\"name\":\"Documental | Una historia de Madres\"}]},{\"@type\":\"WebSite\",\"@id\":\"https:\\\/\\\/vamosporlaliberacion.org\\\/crpmlm\\\/#website\",\"url\":\"https:\\\/\\\/vamosporlaliberacion.org\\\/crpmlm\\\/\",\"name\":\"Vamos por la Liberaci\u00f3n\",\"description\":\"Prensa CR\",\"potentialAction\":[{\"@type\":\"SearchAction\",\"target\":{\"@type\":\"EntryPoint\",\"urlTemplate\":\"https:\\\/\\\/vamosporlaliberacion.org\\\/crpmlm\\\/?s={search_term_string}\"},\"query-input\":{\"@type\":\"PropertyValueSpecification\",\"valueRequired\":true,\"valueName\":\"search_term_string\"}}],\"inLanguage\":\"es\"},{\"@type\":\"Person\",\"@id\":\"\",\"url\":\"http:\\\/\\\/vamosporlaliberacion.org\\\/crpmlm\\\/author\\\/\"}]}<\/script>\n<!-- \/ Yoast SEO plugin. -->","yoast_head_json":{"title":"Documental | Una historia de Madres - Vamos por la Liberaci\u00f3n","robots":{"index":"index","follow":"follow","max-snippet":"max-snippet:-1","max-image-preview":"max-image-preview:large","max-video-preview":"max-video-preview:-1"},"canonical":"https:\/\/vamosporlaliberacion.org\/crpmlm\/documental-una-historia-de-madres\/","twitter_misc":{"Escrito por":"","Tiempo de lectura":"3 minutos"},"schema":{"@context":"https:\/\/schema.org","@graph":[{"@type":"Article","@id":"https:\/\/vamosporlaliberacion.org\/crpmlm\/documental-una-historia-de-madres\/#article","isPartOf":{"@id":"https:\/\/vamosporlaliberacion.org\/crpmlm\/documental-una-historia-de-madres\/"},"author":{"name":"","@id":""},"headline":"Documental | Una historia de Madres","datePublished":"2018-04-20T01:31:33+00:00","dateModified":"2020-10-12T23:58:10+00:00","mainEntityOfPage":{"@id":"https:\/\/vamosporlaliberacion.org\/crpmlm\/documental-una-historia-de-madres\/"},"wordCount":515,"commentCount":0,"image":{"@id":"https:\/\/vamosporlaliberacion.org\/crpmlm\/documental-una-historia-de-madres\/#primaryimage"},"thumbnailUrl":"https:\/\/i0.wp.com\/vamosporlaliberacion.org\/crpmlm\/wp-content\/uploads\/2018\/04\/17352400_272472919847629_6960464152727406276_n-e1524242471916.jpg?fit=640%2C480&ssl=1","keywords":["Dictadura","historia","vxl 117"],"articleSection":["cultura"],"inLanguage":"es","potentialAction":[{"@type":"CommentAction","name":"Comment","target":["https:\/\/vamosporlaliberacion.org\/crpmlm\/documental-una-historia-de-madres\/#respond"]}]},{"@type":"WebPage","@id":"https:\/\/vamosporlaliberacion.org\/crpmlm\/documental-una-historia-de-madres\/","url":"https:\/\/vamosporlaliberacion.org\/crpmlm\/documental-una-historia-de-madres\/","name":"Documental | Una historia de Madres - Vamos por la Liberaci\u00f3n","isPartOf":{"@id":"https:\/\/vamosporlaliberacion.org\/crpmlm\/#website"},"primaryImageOfPage":{"@id":"https:\/\/vamosporlaliberacion.org\/crpmlm\/documental-una-historia-de-madres\/#primaryimage"},"image":{"@id":"https:\/\/vamosporlaliberacion.org\/crpmlm\/documental-una-historia-de-madres\/#primaryimage"},"thumbnailUrl":"https:\/\/i0.wp.com\/vamosporlaliberacion.org\/crpmlm\/wp-content\/uploads\/2018\/04\/17352400_272472919847629_6960464152727406276_n-e1524242471916.jpg?fit=640%2C480&ssl=1","datePublished":"2018-04-20T01:31:33+00:00","dateModified":"2020-10-12T23:58:10+00:00","author":{"@id":""},"breadcrumb":{"@id":"https:\/\/vamosporlaliberacion.org\/crpmlm\/documental-una-historia-de-madres\/#breadcrumb"},"inLanguage":"es","potentialAction":[{"@type":"ReadAction","target":["https:\/\/vamosporlaliberacion.org\/crpmlm\/documental-una-historia-de-madres\/"]}]},{"@type":"ImageObject","inLanguage":"es","@id":"https:\/\/vamosporlaliberacion.org\/crpmlm\/documental-una-historia-de-madres\/#primaryimage","url":"https:\/\/i0.wp.com\/vamosporlaliberacion.org\/crpmlm\/wp-content\/uploads\/2018\/04\/17352400_272472919847629_6960464152727406276_n-e1524242471916.jpg?fit=640%2C480&ssl=1","contentUrl":"https:\/\/i0.wp.com\/vamosporlaliberacion.org\/crpmlm\/wp-content\/uploads\/2018\/04\/17352400_272472919847629_6960464152727406276_n-e1524242471916.jpg?fit=640%2C480&ssl=1","width":640,"height":480},{"@type":"BreadcrumbList","@id":"https:\/\/vamosporlaliberacion.org\/crpmlm\/documental-una-historia-de-madres\/#breadcrumb","itemListElement":[{"@type":"ListItem","position":1,"name":"Portada","item":"https:\/\/vamosporlaliberacion.org\/crpmlm\/"},{"@type":"ListItem","position":2,"name":"Documental | Una historia de Madres"}]},{"@type":"WebSite","@id":"https:\/\/vamosporlaliberacion.org\/crpmlm\/#website","url":"https:\/\/vamosporlaliberacion.org\/crpmlm\/","name":"Vamos por la Liberaci\u00f3n","description":"Prensa CR","potentialAction":[{"@type":"SearchAction","target":{"@type":"EntryPoint","urlTemplate":"https:\/\/vamosporlaliberacion.org\/crpmlm\/?s={search_term_string}"},"query-input":{"@type":"PropertyValueSpecification","valueRequired":true,"valueName":"search_term_string"}}],"inLanguage":"es"},{"@type":"Person","@id":"","url":"http:\/\/vamosporlaliberacion.org\/crpmlm\/author\/"}]}},"jetpack_featured_media_url":"https:\/\/i0.wp.com\/vamosporlaliberacion.org\/crpmlm\/wp-content\/uploads\/2018\/04\/17352400_272472919847629_6960464152727406276_n-e1524242471916.jpg?fit=640%2C480&ssl=1","jetpack_sharing_enabled":true,"_links":{"self":[{"href":"http:\/\/vamosporlaliberacion.org\/crpmlm\/wp-json\/wp\/v2\/posts\/11461","targetHints":{"allow":["GET"]}}],"collection":[{"href":"http:\/\/vamosporlaliberacion.org\/crpmlm\/wp-json\/wp\/v2\/posts"}],"about":[{"href":"http:\/\/vamosporlaliberacion.org\/crpmlm\/wp-json\/wp\/v2\/types\/post"}],"author":[{"embeddable":true,"href":"http:\/\/vamosporlaliberacion.org\/crpmlm\/wp-json\/wp\/v2\/users\/5"}],"replies":[{"embeddable":true,"href":"http:\/\/vamosporlaliberacion.org\/crpmlm\/wp-json\/wp\/v2\/comments?post=11461"}],"version-history":[{"count":1,"href":"http:\/\/vamosporlaliberacion.org\/crpmlm\/wp-json\/wp\/v2\/posts\/11461\/revisions"}],"predecessor-version":[{"id":20013,"href":"http:\/\/vamosporlaliberacion.org\/crpmlm\/wp-json\/wp\/v2\/posts\/11461\/revisions\/20013"}],"wp:featuredmedia":[{"embeddable":true,"href":"http:\/\/vamosporlaliberacion.org\/crpmlm\/wp-json\/wp\/v2\/media\/11462"}],"wp:attachment":[{"href":"http:\/\/vamosporlaliberacion.org\/crpmlm\/wp-json\/wp\/v2\/media?parent=11461"}],"wp:term":[{"taxonomy":"category","embeddable":true,"href":"http:\/\/vamosporlaliberacion.org\/crpmlm\/wp-json\/wp\/v2\/categories?post=11461"},{"taxonomy":"post_tag","embeddable":true,"href":"http:\/\/vamosporlaliberacion.org\/crpmlm\/wp-json\/wp\/v2\/tags?post=11461"}],"curies":[{"name":"wp","href":"https:\/\/api.w.org\/{rel}","templated":true}]}}