{"id":11416,"date":"2018-04-19T21:14:51","date_gmt":"2018-04-20T00:14:51","guid":{"rendered":"http:\/\/vamosporlaliberacion.org\/crpmlm\/?p=11416"},"modified":"2018-04-19T21:14:51","modified_gmt":"2018-04-20T00:14:51","slug":"gran-despliegue-con-el-vamos","status":"publish","type":"post","link":"http:\/\/vamosporlaliberacion.org\/crpmlm\/gran-despliegue-con-el-vamos\/","title":{"rendered":"Gran despliegue con el Vamos!"},"content":{"rendered":"<p>Es la \u00faltima quincena de la campa\u00f1a anual de nuestra prensa revolucionaria. La mayor\u00eda de las zonas lograron su objetivo en el primer n\u00famero. Con los cierres en curso del segundo n\u00famero, entramos en el tramo final. Mantener la ofensiva para integrar el peri\u00f3dico a las iniciativas como la marcha el 19 de abril contra los tarifazos, la lucha paritaria, contra los despidos y en los Martes verdes por el Aborto Legal, Seguro y Gratuito nos permitir\u00e1 lograr los objetivos de difusi\u00f3n, desplegar nuestro partido y fortalecer las agrupaciones y el Nuevo Movimiento Popular para la Liberaci\u00f3n. Tanto las suscripciones como las lecturas colectivas del Vamos! son herramientas que profundizan v\u00ednculos y ayudan a dar respuesta en este momento de avidez pol\u00edtica. Reproducimos experiencias que podemos generalizar.<\/p>\n<p><strong>Capital Federal<\/strong><\/p>\n<p>El primer n\u00famero del Mes de la Prensa cerr\u00f3 muy bien, superando el objetivo zonal del Partido en un 108%. Otro hecho destacado fue la colocaci\u00f3n de suscripciones de los tres n\u00fameros del mes en varios organismos, por lo que ya cuentan con un piso alto para los dos n\u00fameros restantes.<\/p>\n<p>A la vez, en este segundo n\u00famero fue muy bueno el piqueteo en el Pa\u00f1uelazo en Congreso, vendiendo el Vamos! en las actividades de la Campa\u00f1a. As\u00ed se colocaron m\u00e1s de 160 diarios entre Partido y Juventud en Congreso y varios m\u00e1s en cada lugar durante la jornada. A dos d\u00edas del cierre del segundo n\u00famero estamos encima del 90% del objetivo.<\/p>\n<p>Sobre la actividad en Congreso, la compa\u00f1era de Soldati que encabez\u00f3 el piqueteo explic\u00f3: \u201cVendimos el diario junto a las actividades de la Campa\u00f1a, \u00e9ramos compa\u00f1eras de dos o tres barrios. Nos fue muy bien, vendimos todos los diarios que ten\u00edamos, m\u00e1s tarde conseguimos m\u00e1s y seguimos. Estuvimos desde el mediod\u00eda hasta la tarde y vendimos m\u00e1s de 120 Vamos!. Tambi\u00e9n estaban compa\u00f1eros y compa\u00f1eras de la Universidad y de la Juventud que colocaron muchos diarios\u201d.<\/p>\n<p>Corresponsal<\/p>\n<p><strong>Cordoba<\/strong><\/p>\n<p>El rol de los compa\u00f1eros de Malague\u00f1o es muy importante a partir de la movilizaci\u00f3n del 21F de la del 24 de Marzo que fue multitudinaria. Eso potenci\u00f3 el trabajo local y por iniciativa de la compa\u00f1era responsable de Prensa se logr\u00f3 resolver la distribuci\u00f3n. Y no s\u00f3lo eso, sino que en calidad podemos decir que distribuy\u00f3 el peri\u00f3dico en el Cuerpo de Delegados, donde al que le no ten\u00eda plata se lo dejaba y le dec\u00eda \u201cte lo cobro despu\u00e9s\u201d y fue anotando uno por uno. Han avanzado en el trabajo con el instrumento principal del Partido que es el peri\u00f3dico. Es importante que cuando vaya a cobrar el diario a esos compa\u00f1eros que en el momento no ten\u00edan plata, proponerle la suscripci\u00f3n por los tres n\u00fameros.<\/p>\n<p><strong>Filo-UBA: Llegamos al 130% con el primer n\u00famero!<\/strong><\/p>\n<p>En Filo arrancamos el mes de la prensa con todo. Partiendo desde la discusi\u00f3n pol\u00edtica, planificamos c\u00f3mo hacer para llegar al objetivo del primer n\u00famero del Vamos!. Para eso nos concentramos fundamentalmente en la marcha del 24 de Marzo, organizando varios grupos de piqueteos a lo largo de todo el d\u00eda, obteniendo muy buenos resultados. Abordamos a la gente principalmente discutiendo nuestro programa (en contratapa del Vamos! N\u00ba115) y la necesidad de la unidad para enfrentar las pol\u00edticas de ajuste y entrega de Macri. Adem\u00e1s, muchos se llevaban el Vamos! porque les serv\u00eda como una herramienta para informarse de las distintas luchas que se est\u00e1n llevando a cabo a lo largo de todo pa\u00eds, y que no salen en otros medios.<\/p>\n<p>Solamente con los Vamos! vendidos en la marcha llegamos a cubrir un 75% del objetivo, lo cual, sumado a los que hab\u00edamos ofrecido a nuestros compa\u00f1eros los d\u00edas anteriores, nos pon\u00eda ya por encima del objetivo total. En funci\u00f3n de eso, dedicamos el resto de la semana a realizar reuniones de lectura con varios compa\u00f1eros cercanos, a hacer piqueteos en la facultad \u2013concentr\u00e1ndonos en conocer nuevos pibes\u2013, y en abordar a nuestras listas de contactos para ofrecer suscripciones. En base a todo esto, pudimos terminar el primer n\u00famero del mes de la prensa llegando a m\u00e1s de un 130% del objetivo de diarios sueltos, y a un 100% de las suscripciones. Adem\u00e1s, en el mismo tiempo pudimos aumentar m\u00e1s de un 30% nuestra lista de contactos.<\/p>\n<p>Lo fundamental para llegar a los objetivos fue hacer funcionar el centralismo democr\u00e1tico. Es decir, por un lado, la planificaci\u00f3n detallada y la discusi\u00f3n colectiva, para que cada compa\u00f1ero tenga definida su tarea \u2013en la marcha o en los piqueteos en la Facu, por ejemplo\u2013; y por otro lado, la centralizaci\u00f3n de la informaci\u00f3n y del seguimiento a nivel general.<\/p>\n<p>Confiamos en que podemos, si mantenemos este funcionamiento, avanzar mucho m\u00e1s en conocer a nuevos compa\u00f1eros, y en alcanzar, e incluso superar, los objetivos de los pr\u00f3ximos Vamos!.<\/p>\n<p><strong>Bah\u00eda Blanca<\/strong><\/p>\n<p>Al calor de la discusi\u00f3n del programa del NMPL va afianz\u00e1ndose el peri\u00f3dico entre las compa\u00f1eras y compa\u00f1eros de los barrios. De cara al pr\u00f3ximo plenario de la CCRS planeamos dar un salto en su distribuci\u00f3n. En la UNS, discutir listados fue la herramienta que nos permiti\u00f3 predisponer a nuestra fuerza para avanzar en la difusi\u00f3n y cumplir los objetivos planteados.<\/p>\n<p>El 24 de Marzo el piqueteo nos permiti\u00f3 acercar el programa del nuevo movimiento a fuerzas con las que compartimos la lucha en las calles, discutiendo nuestra propuesta para abrir un camino para derrotar la pol\u00edtica de Macri. Se abren muy buenas perspectivas para cumplir y superar nuestros objetivos teniendo en cuenta las luchas en curso.<\/p>\n<p>Corresponsal<\/p>\n<p><strong>Chascomus<\/strong><\/p>\n<p>La venta del Vamos! N\u00ba115 se bas\u00f3 en la discusi\u00f3n sobre qu\u00e9 significa la visita del FMI a la Argentina. El Vamos! N\u00ba116 con la tapa de \u201ccon Macri la pobreza sigue\u201d y la imagen impactante y dolorosa no hubo que explicarlo mucho. Si bien hubo momentos en que se estuvo un poco mejor pero para determinado sector de trabajadores. Despu\u00e9s el sector que menos tiene, que vive en las villas miseria, en las casas precarias y vive de changas. Y es contra ese sector y contra los trabajadores que este gobierno est\u00e1 gobernando.<\/p>\n<p>Las tapas tienen much\u00edsimo que ver en la venta del diario. Hay diarios que se venden solos y hay diarios que hay que trabajarlos un poco m\u00e1s. Vamos bien, entusiasmados con la venta del diario y con la discusi\u00f3n de la editorial. Nos ha permitido llegar a compa\u00f1eros con los que ten\u00edamos alguna relaci\u00f3n pero ahora llegamos con el Vamos! y la discusi\u00f3n pol\u00edtica que el Vamos! demanda.<\/p>\n<!-- AddThis Advanced Settings generic via filter on the_content --><!-- AddThis Share Buttons generic via filter on the_content -->","protected":false},"excerpt":{"rendered":"<p>Es la \u00faltima quincena de la campa\u00f1a anual de nuestra prensa revolucionaria. La mayor\u00eda de las zonas lograron su objetivo en el primer n\u00famero. Con los cierres en curso del segundo n\u00famero, entramos en el tramo final. Mantener la ofensiva para integrar el peri\u00f3dico a las iniciativas como la marcha el 19 de abril contra [&hellip;]<!-- AddThis Advanced Settings generic via filter on get_the_excerpt --><!-- AddThis Share Buttons generic via filter on get_the_excerpt --><\/p>\n","protected":false},"author":5,"featured_media":11417,"comment_status":"open","ping_status":"open","sticky":false,"template":"","format":"standard","meta":{"_jetpack_memberships_contains_paid_content":false,"footnotes":""},"categories":[1699],"tags":[521,210,1174],"class_list":{"0":"post-11416","1":"post","2":"type-post","3":"status-publish","4":"format-standard","5":"has-post-thumbnail","7":"category-noticias","8":"tag-destacado-1","9":"tag-prensa","10":"tag-vxl-117"},"yoast_head":"<!-- This site is optimized with the Yoast SEO plugin v27.4 - https:\/\/yoast.com\/product\/yoast-seo-wordpress\/ -->\n<title>Gran despliegue con el Vamos! - Vamos por la Liberaci\u00f3n<\/title>\n<meta name=\"robots\" content=\"index, follow, max-snippet:-1, max-image-preview:large, max-video-preview:-1\" \/>\n<link rel=\"canonical\" href=\"http:\/\/vamosporlaliberacion.org\/crpmlm\/gran-despliegue-con-el-vamos\/\" \/>\n<meta name=\"twitter:label1\" content=\"Escrito por\" \/>\n\t<meta name=\"twitter:data1\" content=\"\" \/>\n\t<meta name=\"twitter:label2\" content=\"Tiempo de lectura\" \/>\n\t<meta name=\"twitter:data2\" content=\"6 minutos\" \/>\n<script type=\"application\/ld+json\" class=\"yoast-schema-graph\">{\"@context\":\"https:\\\/\\\/schema.org\",\"@graph\":[{\"@type\":\"Article\",\"@id\":\"http:\\\/\\\/vamosporlaliberacion.org\\\/crpmlm\\\/gran-despliegue-con-el-vamos\\\/#article\",\"isPartOf\":{\"@id\":\"http:\\\/\\\/vamosporlaliberacion.org\\\/crpmlm\\\/gran-despliegue-con-el-vamos\\\/\"},\"author\":{\"name\":\"\",\"@id\":\"\"},\"headline\":\"Gran despliegue con el Vamos!\",\"datePublished\":\"2018-04-20T00:14:51+00:00\",\"mainEntityOfPage\":{\"@id\":\"http:\\\/\\\/vamosporlaliberacion.org\\\/crpmlm\\\/gran-despliegue-con-el-vamos\\\/\"},\"wordCount\":1163,\"commentCount\":0,\"image\":{\"@id\":\"http:\\\/\\\/vamosporlaliberacion.org\\\/crpmlm\\\/gran-despliegue-con-el-vamos\\\/#primaryimage\"},\"thumbnailUrl\":\"https:\\\/\\\/i0.wp.com\\\/vamosporlaliberacion.org\\\/crpmlm\\\/wp-content\\\/uploads\\\/2018\\\/04\\\/ofreciendo-peri%C3%B3dicos.jpeg?fit=720%2C1280&ssl=1\",\"keywords\":[\"destacado 1\",\"Prensa\",\"vxl 117\"],\"articleSection\":[\"Noticias\"],\"inLanguage\":\"es\",\"potentialAction\":[{\"@type\":\"CommentAction\",\"name\":\"Comment\",\"target\":[\"http:\\\/\\\/vamosporlaliberacion.org\\\/crpmlm\\\/gran-despliegue-con-el-vamos\\\/#respond\"]}]},{\"@type\":\"WebPage\",\"@id\":\"http:\\\/\\\/vamosporlaliberacion.org\\\/crpmlm\\\/gran-despliegue-con-el-vamos\\\/\",\"url\":\"http:\\\/\\\/vamosporlaliberacion.org\\\/crpmlm\\\/gran-despliegue-con-el-vamos\\\/\",\"name\":\"Gran despliegue con el Vamos! - Vamos por la Liberaci\u00f3n\",\"isPartOf\":{\"@id\":\"https:\\\/\\\/vamosporlaliberacion.org\\\/crpmlm\\\/#website\"},\"primaryImageOfPage\":{\"@id\":\"http:\\\/\\\/vamosporlaliberacion.org\\\/crpmlm\\\/gran-despliegue-con-el-vamos\\\/#primaryimage\"},\"image\":{\"@id\":\"http:\\\/\\\/vamosporlaliberacion.org\\\/crpmlm\\\/gran-despliegue-con-el-vamos\\\/#primaryimage\"},\"thumbnailUrl\":\"https:\\\/\\\/i0.wp.com\\\/vamosporlaliberacion.org\\\/crpmlm\\\/wp-content\\\/uploads\\\/2018\\\/04\\\/ofreciendo-peri%C3%B3dicos.jpeg?fit=720%2C1280&ssl=1\",\"datePublished\":\"2018-04-20T00:14:51+00:00\",\"author\":{\"@id\":\"\"},\"breadcrumb\":{\"@id\":\"http:\\\/\\\/vamosporlaliberacion.org\\\/crpmlm\\\/gran-despliegue-con-el-vamos\\\/#breadcrumb\"},\"inLanguage\":\"es\",\"potentialAction\":[{\"@type\":\"ReadAction\",\"target\":[\"http:\\\/\\\/vamosporlaliberacion.org\\\/crpmlm\\\/gran-despliegue-con-el-vamos\\\/\"]}]},{\"@type\":\"ImageObject\",\"inLanguage\":\"es\",\"@id\":\"http:\\\/\\\/vamosporlaliberacion.org\\\/crpmlm\\\/gran-despliegue-con-el-vamos\\\/#primaryimage\",\"url\":\"https:\\\/\\\/i0.wp.com\\\/vamosporlaliberacion.org\\\/crpmlm\\\/wp-content\\\/uploads\\\/2018\\\/04\\\/ofreciendo-peri%C3%B3dicos.jpeg?fit=720%2C1280&ssl=1\",\"contentUrl\":\"https:\\\/\\\/i0.wp.com\\\/vamosporlaliberacion.org\\\/crpmlm\\\/wp-content\\\/uploads\\\/2018\\\/04\\\/ofreciendo-peri%C3%B3dicos.jpeg?fit=720%2C1280&ssl=1\",\"width\":720,\"height\":1280},{\"@type\":\"BreadcrumbList\",\"@id\":\"http:\\\/\\\/vamosporlaliberacion.org\\\/crpmlm\\\/gran-despliegue-con-el-vamos\\\/#breadcrumb\",\"itemListElement\":[{\"@type\":\"ListItem\",\"position\":1,\"name\":\"Portada\",\"item\":\"https:\\\/\\\/vamosporlaliberacion.org\\\/crpmlm\\\/\"},{\"@type\":\"ListItem\",\"position\":2,\"name\":\"Gran despliegue con el Vamos!\"}]},{\"@type\":\"WebSite\",\"@id\":\"https:\\\/\\\/vamosporlaliberacion.org\\\/crpmlm\\\/#website\",\"url\":\"https:\\\/\\\/vamosporlaliberacion.org\\\/crpmlm\\\/\",\"name\":\"Vamos por la Liberaci\u00f3n\",\"description\":\"Prensa CR\",\"potentialAction\":[{\"@type\":\"SearchAction\",\"target\":{\"@type\":\"EntryPoint\",\"urlTemplate\":\"https:\\\/\\\/vamosporlaliberacion.org\\\/crpmlm\\\/?s={search_term_string}\"},\"query-input\":{\"@type\":\"PropertyValueSpecification\",\"valueRequired\":true,\"valueName\":\"search_term_string\"}}],\"inLanguage\":\"es\"},{\"@type\":\"Person\",\"@id\":\"\",\"url\":\"http:\\\/\\\/vamosporlaliberacion.org\\\/crpmlm\\\/author\\\/\"}]}<\/script>\n<!-- \/ Yoast SEO plugin. -->","yoast_head_json":{"title":"Gran despliegue con el Vamos! - Vamos por la Liberaci\u00f3n","robots":{"index":"index","follow":"follow","max-snippet":"max-snippet:-1","max-image-preview":"max-image-preview:large","max-video-preview":"max-video-preview:-1"},"canonical":"http:\/\/vamosporlaliberacion.org\/crpmlm\/gran-despliegue-con-el-vamos\/","twitter_misc":{"Escrito por":"","Tiempo de lectura":"6 minutos"},"schema":{"@context":"https:\/\/schema.org","@graph":[{"@type":"Article","@id":"http:\/\/vamosporlaliberacion.org\/crpmlm\/gran-despliegue-con-el-vamos\/#article","isPartOf":{"@id":"http:\/\/vamosporlaliberacion.org\/crpmlm\/gran-despliegue-con-el-vamos\/"},"author":{"name":"","@id":""},"headline":"Gran despliegue con el Vamos!","datePublished":"2018-04-20T00:14:51+00:00","mainEntityOfPage":{"@id":"http:\/\/vamosporlaliberacion.org\/crpmlm\/gran-despliegue-con-el-vamos\/"},"wordCount":1163,"commentCount":0,"image":{"@id":"http:\/\/vamosporlaliberacion.org\/crpmlm\/gran-despliegue-con-el-vamos\/#primaryimage"},"thumbnailUrl":"https:\/\/i0.wp.com\/vamosporlaliberacion.org\/crpmlm\/wp-content\/uploads\/2018\/04\/ofreciendo-peri%C3%B3dicos.jpeg?fit=720%2C1280&ssl=1","keywords":["destacado 1","Prensa","vxl 117"],"articleSection":["Noticias"],"inLanguage":"es","potentialAction":[{"@type":"CommentAction","name":"Comment","target":["http:\/\/vamosporlaliberacion.org\/crpmlm\/gran-despliegue-con-el-vamos\/#respond"]}]},{"@type":"WebPage","@id":"http:\/\/vamosporlaliberacion.org\/crpmlm\/gran-despliegue-con-el-vamos\/","url":"http:\/\/vamosporlaliberacion.org\/crpmlm\/gran-despliegue-con-el-vamos\/","name":"Gran despliegue con el Vamos! - Vamos por la Liberaci\u00f3n","isPartOf":{"@id":"https:\/\/vamosporlaliberacion.org\/crpmlm\/#website"},"primaryImageOfPage":{"@id":"http:\/\/vamosporlaliberacion.org\/crpmlm\/gran-despliegue-con-el-vamos\/#primaryimage"},"image":{"@id":"http:\/\/vamosporlaliberacion.org\/crpmlm\/gran-despliegue-con-el-vamos\/#primaryimage"},"thumbnailUrl":"https:\/\/i0.wp.com\/vamosporlaliberacion.org\/crpmlm\/wp-content\/uploads\/2018\/04\/ofreciendo-peri%C3%B3dicos.jpeg?fit=720%2C1280&ssl=1","datePublished":"2018-04-20T00:14:51+00:00","author":{"@id":""},"breadcrumb":{"@id":"http:\/\/vamosporlaliberacion.org\/crpmlm\/gran-despliegue-con-el-vamos\/#breadcrumb"},"inLanguage":"es","potentialAction":[{"@type":"ReadAction","target":["http:\/\/vamosporlaliberacion.org\/crpmlm\/gran-despliegue-con-el-vamos\/"]}]},{"@type":"ImageObject","inLanguage":"es","@id":"http:\/\/vamosporlaliberacion.org\/crpmlm\/gran-despliegue-con-el-vamos\/#primaryimage","url":"https:\/\/i0.wp.com\/vamosporlaliberacion.org\/crpmlm\/wp-content\/uploads\/2018\/04\/ofreciendo-peri%C3%B3dicos.jpeg?fit=720%2C1280&ssl=1","contentUrl":"https:\/\/i0.wp.com\/vamosporlaliberacion.org\/crpmlm\/wp-content\/uploads\/2018\/04\/ofreciendo-peri%C3%B3dicos.jpeg?fit=720%2C1280&ssl=1","width":720,"height":1280},{"@type":"BreadcrumbList","@id":"http:\/\/vamosporlaliberacion.org\/crpmlm\/gran-despliegue-con-el-vamos\/#breadcrumb","itemListElement":[{"@type":"ListItem","position":1,"name":"Portada","item":"https:\/\/vamosporlaliberacion.org\/crpmlm\/"},{"@type":"ListItem","position":2,"name":"Gran despliegue con el Vamos!"}]},{"@type":"WebSite","@id":"https:\/\/vamosporlaliberacion.org\/crpmlm\/#website","url":"https:\/\/vamosporlaliberacion.org\/crpmlm\/","name":"Vamos por la Liberaci\u00f3n","description":"Prensa CR","potentialAction":[{"@type":"SearchAction","target":{"@type":"EntryPoint","urlTemplate":"https:\/\/vamosporlaliberacion.org\/crpmlm\/?s={search_term_string}"},"query-input":{"@type":"PropertyValueSpecification","valueRequired":true,"valueName":"search_term_string"}}],"inLanguage":"es"},{"@type":"Person","@id":"","url":"http:\/\/vamosporlaliberacion.org\/crpmlm\/author\/"}]}},"jetpack_featured_media_url":"https:\/\/i0.wp.com\/vamosporlaliberacion.org\/crpmlm\/wp-content\/uploads\/2018\/04\/ofreciendo-peri%C3%B3dicos.jpeg?fit=720%2C1280&ssl=1","jetpack_sharing_enabled":true,"_links":{"self":[{"href":"http:\/\/vamosporlaliberacion.org\/crpmlm\/wp-json\/wp\/v2\/posts\/11416","targetHints":{"allow":["GET"]}}],"collection":[{"href":"http:\/\/vamosporlaliberacion.org\/crpmlm\/wp-json\/wp\/v2\/posts"}],"about":[{"href":"http:\/\/vamosporlaliberacion.org\/crpmlm\/wp-json\/wp\/v2\/types\/post"}],"author":[{"embeddable":true,"href":"http:\/\/vamosporlaliberacion.org\/crpmlm\/wp-json\/wp\/v2\/users\/5"}],"replies":[{"embeddable":true,"href":"http:\/\/vamosporlaliberacion.org\/crpmlm\/wp-json\/wp\/v2\/comments?post=11416"}],"version-history":[{"count":0,"href":"http:\/\/vamosporlaliberacion.org\/crpmlm\/wp-json\/wp\/v2\/posts\/11416\/revisions"}],"wp:featuredmedia":[{"embeddable":true,"href":"http:\/\/vamosporlaliberacion.org\/crpmlm\/wp-json\/wp\/v2\/media\/11417"}],"wp:attachment":[{"href":"http:\/\/vamosporlaliberacion.org\/crpmlm\/wp-json\/wp\/v2\/media?parent=11416"}],"wp:term":[{"taxonomy":"category","embeddable":true,"href":"http:\/\/vamosporlaliberacion.org\/crpmlm\/wp-json\/wp\/v2\/categories?post=11416"},{"taxonomy":"post_tag","embeddable":true,"href":"http:\/\/vamosporlaliberacion.org\/crpmlm\/wp-json\/wp\/v2\/tags?post=11416"}],"curies":[{"name":"wp","href":"https:\/\/api.w.org\/{rel}","templated":true}]}}