{"id":11413,"date":"2018-04-19T21:06:30","date_gmt":"2018-04-20T00:06:30","guid":{"rendered":"http:\/\/vamosporlaliberacion.org\/crpmlm\/?p=11413"},"modified":"2018-04-19T21:06:30","modified_gmt":"2018-04-20T00:06:30","slug":"la-inflacion-de-marzo-desbarata-la-mentirosa-meta-oficial","status":"publish","type":"post","link":"http:\/\/vamosporlaliberacion.org\/crpmlm\/la-inflacion-de-marzo-desbarata-la-mentirosa-meta-oficial\/","title":{"rendered":"La inflaci\u00f3n de marzo desbarata la mentirosa \u201cmeta\u201d oficial"},"content":{"rendered":"<p>La inflaci\u00f3n del mes de marzo, seg\u00fan public\u00f3 el INDEC, fue de 2,3% a nivel nacional. En la zona de Capital y Gran Buenos Aires fue a\u00fan mayor: 2,5%. Con esto, la inflaci\u00f3n acumulada en los \u00faltimos 12 meses llega a 25,4%, mientras que en marzo de 2017 hab\u00eda sido de 24,8%.<\/p>\n<p>El acumulado de este a\u00f1o, en tan solo los tres primeros meses ya es de 6,7%, un 45% de la \u201cmeta\u201d de 15% fijada por el gobierno para todo el a\u00f1o. Y el propio \u201cRelevamiento de Expectativas de Mercado\u201d publicado por el BCRA ya supera el 20% para este a\u00f1o.<\/p>\n<p>El aumento general de precios en marzo fue mayor que el mes anterior, a pesar de que no se registraron en marzo aumentos de tarifas de luz, gas o transporte. Esta vez fue empujado hacia arriba por los alimentos y bebidas, la indumentaria, el equipamiento del hogar y los costos de la educaci\u00f3n.<\/p>\n<p>Incluso este mes, la denominada \u201cinflaci\u00f3n n\u00facleo\u201d (que no tiene en cuenta los precios regulados y estacionales, y que el gobierno toma como referencia para correr de escena los tarifazos) fue de 2,6%, mayor al \u00edndice general y el punto m\u00e1s elevado de los \u00faltimos 15 meses. Fue subiendo de 1,5% en enero, 2,1% en febrero y 2,6% en marzo. Esto est\u00e1 relacionado con el efecto cascada de los tarifazos de los servicios p\u00fablicos y de la devaluaci\u00f3n de diciembre y enero que repercuten en aumento de costos de producci\u00f3n y en aumentos de precios de todos los bienes y servicios en los meses siguientes.<\/p>\n<p>El gobierno sigue diciendo que combate la inflaci\u00f3n recortando el salario real de los trabajadores y manteniendo alt\u00edsimas tasas de inter\u00e9s. Mientras tanto prepar\u00f3 para abril el tarifazo de 39% en el gas, 12% en colectivos, 14% en trenes, y el efecto domin\u00f3 del \u00faltimo aumento de las naftas de 3,5%.<\/p>\n<!-- AddThis Advanced Settings generic via filter on the_content --><!-- AddThis Share Buttons generic via filter on the_content -->","protected":false},"excerpt":{"rendered":"<p>La inflaci\u00f3n del mes de marzo, seg\u00fan public\u00f3 el INDEC, fue de 2,3% a nivel nacional. En la zona de Capital y Gran Buenos Aires fue a\u00fan mayor: 2,5%. Con esto, la inflaci\u00f3n acumulada en los \u00faltimos 12 meses llega a 25,4%, mientras que en marzo de 2017 hab\u00eda sido de 24,8%. El acumulado de [&hellip;]<!-- AddThis Advanced Settings generic via filter on get_the_excerpt --><!-- AddThis Share Buttons generic via filter on get_the_excerpt --><\/p>\n","protected":false},"author":5,"featured_media":11414,"comment_status":"open","ping_status":"open","sticky":false,"template":"","format":"standard","meta":{"_jetpack_memberships_contains_paid_content":false,"footnotes":""},"categories":[1699],"tags":[137,337,1174],"class_list":{"0":"post-11413","1":"post","2":"type-post","3":"status-publish","4":"format-standard","5":"has-post-thumbnail","7":"category-noticias","8":"tag-indec","9":"tag-inflacion","10":"tag-vxl-117"},"yoast_head":"<!-- This site is optimized with the Yoast SEO plugin v27.4 - https:\/\/yoast.com\/product\/yoast-seo-wordpress\/ -->\n<title>La inflaci\u00f3n de marzo desbarata la mentirosa \u201cmeta\u201d oficial - Vamos por la Liberaci\u00f3n<\/title>\n<meta name=\"robots\" content=\"index, follow, max-snippet:-1, max-image-preview:large, max-video-preview:-1\" \/>\n<link rel=\"canonical\" href=\"https:\/\/vamosporlaliberacion.org\/crpmlm\/la-inflacion-de-marzo-desbarata-la-mentirosa-meta-oficial\/\" \/>\n<meta name=\"twitter:label1\" content=\"Escrito por\" \/>\n\t<meta name=\"twitter:data1\" content=\"\" \/>\n\t<meta name=\"twitter:label2\" content=\"Tiempo de lectura\" \/>\n\t<meta name=\"twitter:data2\" content=\"2 minutos\" \/>\n<script type=\"application\/ld+json\" class=\"yoast-schema-graph\">{\"@context\":\"https:\\\/\\\/schema.org\",\"@graph\":[{\"@type\":\"Article\",\"@id\":\"https:\\\/\\\/vamosporlaliberacion.org\\\/crpmlm\\\/la-inflacion-de-marzo-desbarata-la-mentirosa-meta-oficial\\\/#article\",\"isPartOf\":{\"@id\":\"https:\\\/\\\/vamosporlaliberacion.org\\\/crpmlm\\\/la-inflacion-de-marzo-desbarata-la-mentirosa-meta-oficial\\\/\"},\"author\":{\"name\":\"\",\"@id\":\"\"},\"headline\":\"La inflaci\u00f3n de marzo desbarata la mentirosa \u201cmeta\u201d oficial\",\"datePublished\":\"2018-04-20T00:06:30+00:00\",\"mainEntityOfPage\":{\"@id\":\"https:\\\/\\\/vamosporlaliberacion.org\\\/crpmlm\\\/la-inflacion-de-marzo-desbarata-la-mentirosa-meta-oficial\\\/\"},\"wordCount\":320,\"commentCount\":0,\"image\":{\"@id\":\"https:\\\/\\\/vamosporlaliberacion.org\\\/crpmlm\\\/la-inflacion-de-marzo-desbarata-la-mentirosa-meta-oficial\\\/#primaryimage\"},\"thumbnailUrl\":\"https:\\\/\\\/i0.wp.com\\\/vamosporlaliberacion.org\\\/crpmlm\\\/wp-content\\\/uploads\\\/2018\\\/04\\\/851fb9fe626bb0f6329c6f89c2f25746.jpg?fit=1200%2C667&ssl=1\",\"keywords\":[\"INDEC\",\"inflaci\u00f3n\",\"vxl 117\"],\"articleSection\":[\"Noticias\"],\"inLanguage\":\"es\",\"potentialAction\":[{\"@type\":\"CommentAction\",\"name\":\"Comment\",\"target\":[\"https:\\\/\\\/vamosporlaliberacion.org\\\/crpmlm\\\/la-inflacion-de-marzo-desbarata-la-mentirosa-meta-oficial\\\/#respond\"]}]},{\"@type\":\"WebPage\",\"@id\":\"https:\\\/\\\/vamosporlaliberacion.org\\\/crpmlm\\\/la-inflacion-de-marzo-desbarata-la-mentirosa-meta-oficial\\\/\",\"url\":\"https:\\\/\\\/vamosporlaliberacion.org\\\/crpmlm\\\/la-inflacion-de-marzo-desbarata-la-mentirosa-meta-oficial\\\/\",\"name\":\"La inflaci\u00f3n de marzo desbarata la mentirosa \u201cmeta\u201d oficial - Vamos por la Liberaci\u00f3n\",\"isPartOf\":{\"@id\":\"https:\\\/\\\/vamosporlaliberacion.org\\\/crpmlm\\\/#website\"},\"primaryImageOfPage\":{\"@id\":\"https:\\\/\\\/vamosporlaliberacion.org\\\/crpmlm\\\/la-inflacion-de-marzo-desbarata-la-mentirosa-meta-oficial\\\/#primaryimage\"},\"image\":{\"@id\":\"https:\\\/\\\/vamosporlaliberacion.org\\\/crpmlm\\\/la-inflacion-de-marzo-desbarata-la-mentirosa-meta-oficial\\\/#primaryimage\"},\"thumbnailUrl\":\"https:\\\/\\\/i0.wp.com\\\/vamosporlaliberacion.org\\\/crpmlm\\\/wp-content\\\/uploads\\\/2018\\\/04\\\/851fb9fe626bb0f6329c6f89c2f25746.jpg?fit=1200%2C667&ssl=1\",\"datePublished\":\"2018-04-20T00:06:30+00:00\",\"author\":{\"@id\":\"\"},\"breadcrumb\":{\"@id\":\"https:\\\/\\\/vamosporlaliberacion.org\\\/crpmlm\\\/la-inflacion-de-marzo-desbarata-la-mentirosa-meta-oficial\\\/#breadcrumb\"},\"inLanguage\":\"es\",\"potentialAction\":[{\"@type\":\"ReadAction\",\"target\":[\"https:\\\/\\\/vamosporlaliberacion.org\\\/crpmlm\\\/la-inflacion-de-marzo-desbarata-la-mentirosa-meta-oficial\\\/\"]}]},{\"@type\":\"ImageObject\",\"inLanguage\":\"es\",\"@id\":\"https:\\\/\\\/vamosporlaliberacion.org\\\/crpmlm\\\/la-inflacion-de-marzo-desbarata-la-mentirosa-meta-oficial\\\/#primaryimage\",\"url\":\"https:\\\/\\\/i0.wp.com\\\/vamosporlaliberacion.org\\\/crpmlm\\\/wp-content\\\/uploads\\\/2018\\\/04\\\/851fb9fe626bb0f6329c6f89c2f25746.jpg?fit=1200%2C667&ssl=1\",\"contentUrl\":\"https:\\\/\\\/i0.wp.com\\\/vamosporlaliberacion.org\\\/crpmlm\\\/wp-content\\\/uploads\\\/2018\\\/04\\\/851fb9fe626bb0f6329c6f89c2f25746.jpg?fit=1200%2C667&ssl=1\",\"width\":1200,\"height\":667},{\"@type\":\"BreadcrumbList\",\"@id\":\"https:\\\/\\\/vamosporlaliberacion.org\\\/crpmlm\\\/la-inflacion-de-marzo-desbarata-la-mentirosa-meta-oficial\\\/#breadcrumb\",\"itemListElement\":[{\"@type\":\"ListItem\",\"position\":1,\"name\":\"Portada\",\"item\":\"https:\\\/\\\/vamosporlaliberacion.org\\\/crpmlm\\\/\"},{\"@type\":\"ListItem\",\"position\":2,\"name\":\"La inflaci\u00f3n de marzo desbarata la mentirosa \u201cmeta\u201d oficial\"}]},{\"@type\":\"WebSite\",\"@id\":\"https:\\\/\\\/vamosporlaliberacion.org\\\/crpmlm\\\/#website\",\"url\":\"https:\\\/\\\/vamosporlaliberacion.org\\\/crpmlm\\\/\",\"name\":\"Vamos por la Liberaci\u00f3n\",\"description\":\"Prensa CR\",\"potentialAction\":[{\"@type\":\"SearchAction\",\"target\":{\"@type\":\"EntryPoint\",\"urlTemplate\":\"https:\\\/\\\/vamosporlaliberacion.org\\\/crpmlm\\\/?s={search_term_string}\"},\"query-input\":{\"@type\":\"PropertyValueSpecification\",\"valueRequired\":true,\"valueName\":\"search_term_string\"}}],\"inLanguage\":\"es\"},{\"@type\":\"Person\",\"@id\":\"\",\"url\":\"http:\\\/\\\/vamosporlaliberacion.org\\\/crpmlm\\\/author\\\/\"}]}<\/script>\n<!-- \/ Yoast SEO plugin. -->","yoast_head_json":{"title":"La inflaci\u00f3n de marzo desbarata la mentirosa \u201cmeta\u201d oficial - Vamos por la Liberaci\u00f3n","robots":{"index":"index","follow":"follow","max-snippet":"max-snippet:-1","max-image-preview":"max-image-preview:large","max-video-preview":"max-video-preview:-1"},"canonical":"https:\/\/vamosporlaliberacion.org\/crpmlm\/la-inflacion-de-marzo-desbarata-la-mentirosa-meta-oficial\/","twitter_misc":{"Escrito por":"","Tiempo de lectura":"2 minutos"},"schema":{"@context":"https:\/\/schema.org","@graph":[{"@type":"Article","@id":"https:\/\/vamosporlaliberacion.org\/crpmlm\/la-inflacion-de-marzo-desbarata-la-mentirosa-meta-oficial\/#article","isPartOf":{"@id":"https:\/\/vamosporlaliberacion.org\/crpmlm\/la-inflacion-de-marzo-desbarata-la-mentirosa-meta-oficial\/"},"author":{"name":"","@id":""},"headline":"La inflaci\u00f3n de marzo desbarata la mentirosa \u201cmeta\u201d oficial","datePublished":"2018-04-20T00:06:30+00:00","mainEntityOfPage":{"@id":"https:\/\/vamosporlaliberacion.org\/crpmlm\/la-inflacion-de-marzo-desbarata-la-mentirosa-meta-oficial\/"},"wordCount":320,"commentCount":0,"image":{"@id":"https:\/\/vamosporlaliberacion.org\/crpmlm\/la-inflacion-de-marzo-desbarata-la-mentirosa-meta-oficial\/#primaryimage"},"thumbnailUrl":"https:\/\/i0.wp.com\/vamosporlaliberacion.org\/crpmlm\/wp-content\/uploads\/2018\/04\/851fb9fe626bb0f6329c6f89c2f25746.jpg?fit=1200%2C667&ssl=1","keywords":["INDEC","inflaci\u00f3n","vxl 117"],"articleSection":["Noticias"],"inLanguage":"es","potentialAction":[{"@type":"CommentAction","name":"Comment","target":["https:\/\/vamosporlaliberacion.org\/crpmlm\/la-inflacion-de-marzo-desbarata-la-mentirosa-meta-oficial\/#respond"]}]},{"@type":"WebPage","@id":"https:\/\/vamosporlaliberacion.org\/crpmlm\/la-inflacion-de-marzo-desbarata-la-mentirosa-meta-oficial\/","url":"https:\/\/vamosporlaliberacion.org\/crpmlm\/la-inflacion-de-marzo-desbarata-la-mentirosa-meta-oficial\/","name":"La inflaci\u00f3n de marzo desbarata la mentirosa \u201cmeta\u201d oficial - Vamos por la Liberaci\u00f3n","isPartOf":{"@id":"https:\/\/vamosporlaliberacion.org\/crpmlm\/#website"},"primaryImageOfPage":{"@id":"https:\/\/vamosporlaliberacion.org\/crpmlm\/la-inflacion-de-marzo-desbarata-la-mentirosa-meta-oficial\/#primaryimage"},"image":{"@id":"https:\/\/vamosporlaliberacion.org\/crpmlm\/la-inflacion-de-marzo-desbarata-la-mentirosa-meta-oficial\/#primaryimage"},"thumbnailUrl":"https:\/\/i0.wp.com\/vamosporlaliberacion.org\/crpmlm\/wp-content\/uploads\/2018\/04\/851fb9fe626bb0f6329c6f89c2f25746.jpg?fit=1200%2C667&ssl=1","datePublished":"2018-04-20T00:06:30+00:00","author":{"@id":""},"breadcrumb":{"@id":"https:\/\/vamosporlaliberacion.org\/crpmlm\/la-inflacion-de-marzo-desbarata-la-mentirosa-meta-oficial\/#breadcrumb"},"inLanguage":"es","potentialAction":[{"@type":"ReadAction","target":["https:\/\/vamosporlaliberacion.org\/crpmlm\/la-inflacion-de-marzo-desbarata-la-mentirosa-meta-oficial\/"]}]},{"@type":"ImageObject","inLanguage":"es","@id":"https:\/\/vamosporlaliberacion.org\/crpmlm\/la-inflacion-de-marzo-desbarata-la-mentirosa-meta-oficial\/#primaryimage","url":"https:\/\/i0.wp.com\/vamosporlaliberacion.org\/crpmlm\/wp-content\/uploads\/2018\/04\/851fb9fe626bb0f6329c6f89c2f25746.jpg?fit=1200%2C667&ssl=1","contentUrl":"https:\/\/i0.wp.com\/vamosporlaliberacion.org\/crpmlm\/wp-content\/uploads\/2018\/04\/851fb9fe626bb0f6329c6f89c2f25746.jpg?fit=1200%2C667&ssl=1","width":1200,"height":667},{"@type":"BreadcrumbList","@id":"https:\/\/vamosporlaliberacion.org\/crpmlm\/la-inflacion-de-marzo-desbarata-la-mentirosa-meta-oficial\/#breadcrumb","itemListElement":[{"@type":"ListItem","position":1,"name":"Portada","item":"https:\/\/vamosporlaliberacion.org\/crpmlm\/"},{"@type":"ListItem","position":2,"name":"La inflaci\u00f3n de marzo desbarata la mentirosa \u201cmeta\u201d oficial"}]},{"@type":"WebSite","@id":"https:\/\/vamosporlaliberacion.org\/crpmlm\/#website","url":"https:\/\/vamosporlaliberacion.org\/crpmlm\/","name":"Vamos por la Liberaci\u00f3n","description":"Prensa CR","potentialAction":[{"@type":"SearchAction","target":{"@type":"EntryPoint","urlTemplate":"https:\/\/vamosporlaliberacion.org\/crpmlm\/?s={search_term_string}"},"query-input":{"@type":"PropertyValueSpecification","valueRequired":true,"valueName":"search_term_string"}}],"inLanguage":"es"},{"@type":"Person","@id":"","url":"http:\/\/vamosporlaliberacion.org\/crpmlm\/author\/"}]}},"jetpack_featured_media_url":"https:\/\/i0.wp.com\/vamosporlaliberacion.org\/crpmlm\/wp-content\/uploads\/2018\/04\/851fb9fe626bb0f6329c6f89c2f25746.jpg?fit=1200%2C667&ssl=1","jetpack_sharing_enabled":true,"_links":{"self":[{"href":"http:\/\/vamosporlaliberacion.org\/crpmlm\/wp-json\/wp\/v2\/posts\/11413","targetHints":{"allow":["GET"]}}],"collection":[{"href":"http:\/\/vamosporlaliberacion.org\/crpmlm\/wp-json\/wp\/v2\/posts"}],"about":[{"href":"http:\/\/vamosporlaliberacion.org\/crpmlm\/wp-json\/wp\/v2\/types\/post"}],"author":[{"embeddable":true,"href":"http:\/\/vamosporlaliberacion.org\/crpmlm\/wp-json\/wp\/v2\/users\/5"}],"replies":[{"embeddable":true,"href":"http:\/\/vamosporlaliberacion.org\/crpmlm\/wp-json\/wp\/v2\/comments?post=11413"}],"version-history":[{"count":0,"href":"http:\/\/vamosporlaliberacion.org\/crpmlm\/wp-json\/wp\/v2\/posts\/11413\/revisions"}],"wp:featuredmedia":[{"embeddable":true,"href":"http:\/\/vamosporlaliberacion.org\/crpmlm\/wp-json\/wp\/v2\/media\/11414"}],"wp:attachment":[{"href":"http:\/\/vamosporlaliberacion.org\/crpmlm\/wp-json\/wp\/v2\/media?parent=11413"}],"wp:term":[{"taxonomy":"category","embeddable":true,"href":"http:\/\/vamosporlaliberacion.org\/crpmlm\/wp-json\/wp\/v2\/categories?post=11413"},{"taxonomy":"post_tag","embeddable":true,"href":"http:\/\/vamosporlaliberacion.org\/crpmlm\/wp-json\/wp\/v2\/tags?post=11413"}],"curies":[{"name":"wp","href":"https:\/\/api.w.org\/{rel}","templated":true}]}}