{"id":11389,"date":"2018-04-17T18:36:32","date_gmt":"2018-04-17T21:36:32","guid":{"rendered":"http:\/\/vamosporlaliberacion.org\/crpmlm\/?p=11389"},"modified":"2018-04-17T18:36:32","modified_gmt":"2018-04-17T21:36:32","slug":"no-tengamos-miedo-salgamos-porque-estamos-cada-vez-peor","status":"publish","type":"post","link":"http:\/\/vamosporlaliberacion.org\/crpmlm\/no-tengamos-miedo-salgamos-porque-estamos-cada-vez-peor\/","title":{"rendered":"\u00abNo tengamos miedo, salgamos porque estamos cada vez peor\u00bb"},"content":{"rendered":"<p>Ten\u00eda 26 a\u00f1os. Padre de una ni\u00f1a, Leandro Alcaraz era chofer de la l\u00ednea 620 de Buenos Aires. Fue asesinado cobardemente por dos personas cuando trabaja por la tarde del domingo 15. Hab\u00edan tenido un cruce de palabras porque pretend\u00edan viajar gratis. Leandro finalmente los hab\u00eda dejado pasar pero, cuando llegaron al destino, lo asesinaron a sangre fr\u00eda.<\/p>\n<p>La noticia despert\u00f3 la bronca de sus compa\u00f1eros, de sus vecinos, y despert\u00f3 la solidaridad de otras l\u00edneas y trabajadores. Al d\u00eda siguiente, pararon los choferes y se movilizaron en pedido de justicia. Luego el velorio y entierro, movilizaci\u00f3n a la comisar\u00eda. Entrevistamos a Roxana, integrante de la Corriente Ren\u00e9 Salamanca y una de sus vecinas que se movilizaron.<\/p>\n<p>\u2013\u00bfQu\u00e9 sintieron cuando conocieron la noticia?<\/p>\n<p>\u2013En general todos nos sorprendimos. No porque eso sea novedad ac\u00e1 en Virrey del Pino, eso pasa seguido. Pero el chico este era un vecino de nosotros, un chico que hac\u00eda deportes. Jugaba b\u00e1squet en el mismo club que mi marido. Fue al colegio donde va mi hijo ahora. Es un chico conocido. Te digo la verdad, es impunidad, bronca. Se me mezcla todo. M\u00e1s bronca que otra cosa. Ganas de gritar a todo el mundo, pasar casa por casa y pedirle a la gente que salga para la calle.<\/p>\n<p>\u2013\u00bfC\u00f3mo fue la participaci\u00f3n?<\/p>\n<p>\u2013Yo empec\u00e9 a mandar mensajes, dici\u00e9ndoles a los compa\u00f1eros y la gente que salgamos porque esto es para todos. Es pedir seguridad y justicia por Leandro. Porque es injusto lo que le hicieron. M\u00e1s que nada que salgan todos. Hay que hacerse escuchar. Ac\u00e1 en Matanza nadie nos da bolilla. Ahora hace un ratito estuvieron hablando que van a ir a cortar el [kil\u00f3metro] 29 [de la ruta 3], porque acaban\u00a0 de asaltar a otro compa\u00f1ero m\u00e1s. Eso nos enteramos ah\u00ed, en el entierro de Leandro. (\u2026) Ya estamos cansados. Los choferes se iban de ac\u00e1 para el 29, porque hubo un compa\u00f1ero de la l\u00ednea 180 que tambi\u00e9n fue agredido con un culatazo en la cabeza. Y as\u00ed que est\u00e1n cortando ahora en el kil\u00f3metro 29. (\u2026) Yo me quedo ahora ac\u00e1 en lo de mi hermana porque vivo en el 38 y vine al 32. 6 kil\u00f3metros nos caminamos para venir al velorio de Leandro. No hay colectivos, no hay nada. No pasa ning\u00fan colectivo. No s\u00e9 hasta cu\u00e1ndo va a seguir as\u00ed.<\/p>\n<p>\u2013Hubo tambi\u00e9n de distintas l\u00edneas y docentes&#8230;<\/p>\n<p>\u2013S\u00ed, s\u00ed, tambi\u00e9n. La 88 quer\u00eda salir hoy a la ma\u00f1ana a trabajar y le rompieron los vidrios. No le dejaron salir, as\u00ed que est\u00e1n parados todav\u00eda. No pasa ninguna l\u00ednea. Ni el 620, ni el 96, ni 88, ninguna. Y ahora que est\u00e1n cortando el [kil\u00f3metro] 29, menos. No s\u00e9 hasta cu\u00e1ndo pero va a seguir.<\/p>\n<p>\u2013\u00bfY despu\u00e9s?<\/p>\n<p>\u2013Exactamente eso es lo que nos preguntamos nosotros, el grupo que salimos all\u00e1 de mis vecinos, de mi barrio. Est\u00e1bamos ah\u00ed en el velorio y nos empezamos a preguntar: c\u00f3mo seguir, c\u00f3mo va a quedar. Porque listo, ahora a Leandro se lo enterr\u00f3. Los familiares se van a sus casas. \u00bfY c\u00f3mo sigue? \u00bfComo lo que pasa siempre, que queda todo en la nada? La gente tiene que salir a la calle. Yo les digo a todos. No tengamos miedo, salgamos porque estamos cada vez peor. Yo te digo la verdad, tengo miedo ahora de salir. Lo que yo estoy sintiendo ahora no pens\u00e9 sentirlo. Tengo miedo de mi marido, que se va a las 4 de la ma\u00f1ana a trabajar. Yo llevo a la ma\u00f1ana a mis hijos al colegio y tengo miedo de salir. Tengo mi vecina que dice \u00abquiero encerrarme con mis hijos y esperar hasta d\u00f3nde llega todo\u00bb. Vos mir\u00e1 lo que llega a pensar tambi\u00e9n la gente, encerrarse, no mandar a los chicos al colegio. Entonces les digo a todos, de hacer correr la voz y que la gente salga a la calle porque sino no nos escucha nadie. Es juntarnos todos y salir.<\/p>\n<!-- AddThis Advanced Settings generic via filter on the_content --><!-- AddThis Share Buttons generic via filter on the_content -->","protected":false},"excerpt":{"rendered":"<p>Ten\u00eda 26 a\u00f1os. Padre de una ni\u00f1a, Leandro Alcaraz era chofer de la l\u00ednea 620 de Buenos Aires. Fue asesinado cobardemente por dos personas cuando trabaja por la tarde del domingo 15. Hab\u00edan tenido un cruce de palabras porque pretend\u00edan viajar gratis. Leandro finalmente los hab\u00eda dejado pasar pero, cuando llegaron al destino, lo asesinaron [&hellip;]<!-- AddThis Advanced Settings generic via filter on get_the_excerpt --><!-- AddThis Share Buttons generic via filter on get_the_excerpt --><\/p>\n","protected":false},"author":5,"featured_media":11390,"comment_status":"open","ping_status":"open","sticky":false,"template":"","format":"standard","meta":{"_jetpack_memberships_contains_paid_content":false,"footnotes":""},"categories":[1699],"tags":[395,520,525,1173,1172,1174],"class_list":{"0":"post-11389","1":"post","2":"type-post","3":"status-publish","4":"format-standard","5":"has-post-thumbnail","7":"category-noticias","8":"tag-buenos-aires","9":"tag-destacado-2","10":"tag-la-matanza","11":"tag-leandro-alcaraz","12":"tag-virrey-del-pino","13":"tag-vxl-117"},"yoast_head":"<!-- This site is optimized with the Yoast SEO plugin v27.4 - https:\/\/yoast.com\/product\/yoast-seo-wordpress\/ -->\n<title>&quot;No tengamos miedo, salgamos porque estamos cada vez peor&quot; - Vamos por la Liberaci\u00f3n<\/title>\n<meta name=\"robots\" content=\"index, follow, max-snippet:-1, max-image-preview:large, max-video-preview:-1\" \/>\n<link rel=\"canonical\" href=\"https:\/\/vamosporlaliberacion.org\/crpmlm\/no-tengamos-miedo-salgamos-porque-estamos-cada-vez-peor\/\" \/>\n<meta name=\"twitter:label1\" content=\"Escrito por\" \/>\n\t<meta name=\"twitter:data1\" content=\"\" \/>\n\t<meta name=\"twitter:label2\" content=\"Tiempo de lectura\" \/>\n\t<meta name=\"twitter:data2\" content=\"3 minutos\" \/>\n<script type=\"application\/ld+json\" class=\"yoast-schema-graph\">{\"@context\":\"https:\\\/\\\/schema.org\",\"@graph\":[{\"@type\":\"Article\",\"@id\":\"https:\\\/\\\/vamosporlaliberacion.org\\\/crpmlm\\\/no-tengamos-miedo-salgamos-porque-estamos-cada-vez-peor\\\/#article\",\"isPartOf\":{\"@id\":\"https:\\\/\\\/vamosporlaliberacion.org\\\/crpmlm\\\/no-tengamos-miedo-salgamos-porque-estamos-cada-vez-peor\\\/\"},\"author\":{\"name\":\"\",\"@id\":\"\"},\"headline\":\"\u00abNo tengamos miedo, salgamos porque estamos cada vez peor\u00bb\",\"datePublished\":\"2018-04-17T21:36:32+00:00\",\"mainEntityOfPage\":{\"@id\":\"https:\\\/\\\/vamosporlaliberacion.org\\\/crpmlm\\\/no-tengamos-miedo-salgamos-porque-estamos-cada-vez-peor\\\/\"},\"wordCount\":699,\"commentCount\":0,\"image\":{\"@id\":\"https:\\\/\\\/vamosporlaliberacion.org\\\/crpmlm\\\/no-tengamos-miedo-salgamos-porque-estamos-cada-vez-peor\\\/#primaryimage\"},\"thumbnailUrl\":\"https:\\\/\\\/i0.wp.com\\\/vamosporlaliberacion.org\\\/crpmlm\\\/wp-content\\\/uploads\\\/2018\\\/04\\\/leandro-colectivo.jpg?fit=1200%2C804&ssl=1\",\"keywords\":[\"Buenos Aires\",\"destacado 2\",\"La Matanza\",\"Leandro Alcaraz\",\"Virrey del Pino\",\"vxl 117\"],\"articleSection\":[\"Noticias\"],\"inLanguage\":\"es\",\"potentialAction\":[{\"@type\":\"CommentAction\",\"name\":\"Comment\",\"target\":[\"https:\\\/\\\/vamosporlaliberacion.org\\\/crpmlm\\\/no-tengamos-miedo-salgamos-porque-estamos-cada-vez-peor\\\/#respond\"]}]},{\"@type\":\"WebPage\",\"@id\":\"https:\\\/\\\/vamosporlaliberacion.org\\\/crpmlm\\\/no-tengamos-miedo-salgamos-porque-estamos-cada-vez-peor\\\/\",\"url\":\"https:\\\/\\\/vamosporlaliberacion.org\\\/crpmlm\\\/no-tengamos-miedo-salgamos-porque-estamos-cada-vez-peor\\\/\",\"name\":\"\\\"No tengamos miedo, salgamos porque estamos cada vez peor\\\" - Vamos por la Liberaci\u00f3n\",\"isPartOf\":{\"@id\":\"https:\\\/\\\/vamosporlaliberacion.org\\\/crpmlm\\\/#website\"},\"primaryImageOfPage\":{\"@id\":\"https:\\\/\\\/vamosporlaliberacion.org\\\/crpmlm\\\/no-tengamos-miedo-salgamos-porque-estamos-cada-vez-peor\\\/#primaryimage\"},\"image\":{\"@id\":\"https:\\\/\\\/vamosporlaliberacion.org\\\/crpmlm\\\/no-tengamos-miedo-salgamos-porque-estamos-cada-vez-peor\\\/#primaryimage\"},\"thumbnailUrl\":\"https:\\\/\\\/i0.wp.com\\\/vamosporlaliberacion.org\\\/crpmlm\\\/wp-content\\\/uploads\\\/2018\\\/04\\\/leandro-colectivo.jpg?fit=1200%2C804&ssl=1\",\"datePublished\":\"2018-04-17T21:36:32+00:00\",\"author\":{\"@id\":\"\"},\"breadcrumb\":{\"@id\":\"https:\\\/\\\/vamosporlaliberacion.org\\\/crpmlm\\\/no-tengamos-miedo-salgamos-porque-estamos-cada-vez-peor\\\/#breadcrumb\"},\"inLanguage\":\"es\",\"potentialAction\":[{\"@type\":\"ReadAction\",\"target\":[\"https:\\\/\\\/vamosporlaliberacion.org\\\/crpmlm\\\/no-tengamos-miedo-salgamos-porque-estamos-cada-vez-peor\\\/\"]}]},{\"@type\":\"ImageObject\",\"inLanguage\":\"es\",\"@id\":\"https:\\\/\\\/vamosporlaliberacion.org\\\/crpmlm\\\/no-tengamos-miedo-salgamos-porque-estamos-cada-vez-peor\\\/#primaryimage\",\"url\":\"https:\\\/\\\/i0.wp.com\\\/vamosporlaliberacion.org\\\/crpmlm\\\/wp-content\\\/uploads\\\/2018\\\/04\\\/leandro-colectivo.jpg?fit=1200%2C804&ssl=1\",\"contentUrl\":\"https:\\\/\\\/i0.wp.com\\\/vamosporlaliberacion.org\\\/crpmlm\\\/wp-content\\\/uploads\\\/2018\\\/04\\\/leandro-colectivo.jpg?fit=1200%2C804&ssl=1\",\"width\":1200,\"height\":804},{\"@type\":\"BreadcrumbList\",\"@id\":\"https:\\\/\\\/vamosporlaliberacion.org\\\/crpmlm\\\/no-tengamos-miedo-salgamos-porque-estamos-cada-vez-peor\\\/#breadcrumb\",\"itemListElement\":[{\"@type\":\"ListItem\",\"position\":1,\"name\":\"Portada\",\"item\":\"https:\\\/\\\/vamosporlaliberacion.org\\\/crpmlm\\\/\"},{\"@type\":\"ListItem\",\"position\":2,\"name\":\"\u00abNo tengamos miedo, salgamos porque estamos cada vez peor\u00bb\"}]},{\"@type\":\"WebSite\",\"@id\":\"https:\\\/\\\/vamosporlaliberacion.org\\\/crpmlm\\\/#website\",\"url\":\"https:\\\/\\\/vamosporlaliberacion.org\\\/crpmlm\\\/\",\"name\":\"Vamos por la Liberaci\u00f3n\",\"description\":\"Prensa CR\",\"potentialAction\":[{\"@type\":\"SearchAction\",\"target\":{\"@type\":\"EntryPoint\",\"urlTemplate\":\"https:\\\/\\\/vamosporlaliberacion.org\\\/crpmlm\\\/?s={search_term_string}\"},\"query-input\":{\"@type\":\"PropertyValueSpecification\",\"valueRequired\":true,\"valueName\":\"search_term_string\"}}],\"inLanguage\":\"es\"},{\"@type\":\"Person\",\"@id\":\"\",\"url\":\"http:\\\/\\\/vamosporlaliberacion.org\\\/crpmlm\\\/author\\\/\"}]}<\/script>\n<!-- \/ Yoast SEO plugin. -->","yoast_head_json":{"title":"\"No tengamos miedo, salgamos porque estamos cada vez peor\" - Vamos por la Liberaci\u00f3n","robots":{"index":"index","follow":"follow","max-snippet":"max-snippet:-1","max-image-preview":"max-image-preview:large","max-video-preview":"max-video-preview:-1"},"canonical":"https:\/\/vamosporlaliberacion.org\/crpmlm\/no-tengamos-miedo-salgamos-porque-estamos-cada-vez-peor\/","twitter_misc":{"Escrito por":"","Tiempo de lectura":"3 minutos"},"schema":{"@context":"https:\/\/schema.org","@graph":[{"@type":"Article","@id":"https:\/\/vamosporlaliberacion.org\/crpmlm\/no-tengamos-miedo-salgamos-porque-estamos-cada-vez-peor\/#article","isPartOf":{"@id":"https:\/\/vamosporlaliberacion.org\/crpmlm\/no-tengamos-miedo-salgamos-porque-estamos-cada-vez-peor\/"},"author":{"name":"","@id":""},"headline":"\u00abNo tengamos miedo, salgamos porque estamos cada vez peor\u00bb","datePublished":"2018-04-17T21:36:32+00:00","mainEntityOfPage":{"@id":"https:\/\/vamosporlaliberacion.org\/crpmlm\/no-tengamos-miedo-salgamos-porque-estamos-cada-vez-peor\/"},"wordCount":699,"commentCount":0,"image":{"@id":"https:\/\/vamosporlaliberacion.org\/crpmlm\/no-tengamos-miedo-salgamos-porque-estamos-cada-vez-peor\/#primaryimage"},"thumbnailUrl":"https:\/\/i0.wp.com\/vamosporlaliberacion.org\/crpmlm\/wp-content\/uploads\/2018\/04\/leandro-colectivo.jpg?fit=1200%2C804&ssl=1","keywords":["Buenos Aires","destacado 2","La Matanza","Leandro Alcaraz","Virrey del Pino","vxl 117"],"articleSection":["Noticias"],"inLanguage":"es","potentialAction":[{"@type":"CommentAction","name":"Comment","target":["https:\/\/vamosporlaliberacion.org\/crpmlm\/no-tengamos-miedo-salgamos-porque-estamos-cada-vez-peor\/#respond"]}]},{"@type":"WebPage","@id":"https:\/\/vamosporlaliberacion.org\/crpmlm\/no-tengamos-miedo-salgamos-porque-estamos-cada-vez-peor\/","url":"https:\/\/vamosporlaliberacion.org\/crpmlm\/no-tengamos-miedo-salgamos-porque-estamos-cada-vez-peor\/","name":"\"No tengamos miedo, salgamos porque estamos cada vez peor\" - Vamos por la Liberaci\u00f3n","isPartOf":{"@id":"https:\/\/vamosporlaliberacion.org\/crpmlm\/#website"},"primaryImageOfPage":{"@id":"https:\/\/vamosporlaliberacion.org\/crpmlm\/no-tengamos-miedo-salgamos-porque-estamos-cada-vez-peor\/#primaryimage"},"image":{"@id":"https:\/\/vamosporlaliberacion.org\/crpmlm\/no-tengamos-miedo-salgamos-porque-estamos-cada-vez-peor\/#primaryimage"},"thumbnailUrl":"https:\/\/i0.wp.com\/vamosporlaliberacion.org\/crpmlm\/wp-content\/uploads\/2018\/04\/leandro-colectivo.jpg?fit=1200%2C804&ssl=1","datePublished":"2018-04-17T21:36:32+00:00","author":{"@id":""},"breadcrumb":{"@id":"https:\/\/vamosporlaliberacion.org\/crpmlm\/no-tengamos-miedo-salgamos-porque-estamos-cada-vez-peor\/#breadcrumb"},"inLanguage":"es","potentialAction":[{"@type":"ReadAction","target":["https:\/\/vamosporlaliberacion.org\/crpmlm\/no-tengamos-miedo-salgamos-porque-estamos-cada-vez-peor\/"]}]},{"@type":"ImageObject","inLanguage":"es","@id":"https:\/\/vamosporlaliberacion.org\/crpmlm\/no-tengamos-miedo-salgamos-porque-estamos-cada-vez-peor\/#primaryimage","url":"https:\/\/i0.wp.com\/vamosporlaliberacion.org\/crpmlm\/wp-content\/uploads\/2018\/04\/leandro-colectivo.jpg?fit=1200%2C804&ssl=1","contentUrl":"https:\/\/i0.wp.com\/vamosporlaliberacion.org\/crpmlm\/wp-content\/uploads\/2018\/04\/leandro-colectivo.jpg?fit=1200%2C804&ssl=1","width":1200,"height":804},{"@type":"BreadcrumbList","@id":"https:\/\/vamosporlaliberacion.org\/crpmlm\/no-tengamos-miedo-salgamos-porque-estamos-cada-vez-peor\/#breadcrumb","itemListElement":[{"@type":"ListItem","position":1,"name":"Portada","item":"https:\/\/vamosporlaliberacion.org\/crpmlm\/"},{"@type":"ListItem","position":2,"name":"\u00abNo tengamos miedo, salgamos porque estamos cada vez peor\u00bb"}]},{"@type":"WebSite","@id":"https:\/\/vamosporlaliberacion.org\/crpmlm\/#website","url":"https:\/\/vamosporlaliberacion.org\/crpmlm\/","name":"Vamos por la Liberaci\u00f3n","description":"Prensa CR","potentialAction":[{"@type":"SearchAction","target":{"@type":"EntryPoint","urlTemplate":"https:\/\/vamosporlaliberacion.org\/crpmlm\/?s={search_term_string}"},"query-input":{"@type":"PropertyValueSpecification","valueRequired":true,"valueName":"search_term_string"}}],"inLanguage":"es"},{"@type":"Person","@id":"","url":"http:\/\/vamosporlaliberacion.org\/crpmlm\/author\/"}]}},"jetpack_featured_media_url":"https:\/\/i0.wp.com\/vamosporlaliberacion.org\/crpmlm\/wp-content\/uploads\/2018\/04\/leandro-colectivo.jpg?fit=1200%2C804&ssl=1","jetpack_sharing_enabled":true,"_links":{"self":[{"href":"http:\/\/vamosporlaliberacion.org\/crpmlm\/wp-json\/wp\/v2\/posts\/11389","targetHints":{"allow":["GET"]}}],"collection":[{"href":"http:\/\/vamosporlaliberacion.org\/crpmlm\/wp-json\/wp\/v2\/posts"}],"about":[{"href":"http:\/\/vamosporlaliberacion.org\/crpmlm\/wp-json\/wp\/v2\/types\/post"}],"author":[{"embeddable":true,"href":"http:\/\/vamosporlaliberacion.org\/crpmlm\/wp-json\/wp\/v2\/users\/5"}],"replies":[{"embeddable":true,"href":"http:\/\/vamosporlaliberacion.org\/crpmlm\/wp-json\/wp\/v2\/comments?post=11389"}],"version-history":[{"count":0,"href":"http:\/\/vamosporlaliberacion.org\/crpmlm\/wp-json\/wp\/v2\/posts\/11389\/revisions"}],"wp:featuredmedia":[{"embeddable":true,"href":"http:\/\/vamosporlaliberacion.org\/crpmlm\/wp-json\/wp\/v2\/media\/11390"}],"wp:attachment":[{"href":"http:\/\/vamosporlaliberacion.org\/crpmlm\/wp-json\/wp\/v2\/media?parent=11389"}],"wp:term":[{"taxonomy":"category","embeddable":true,"href":"http:\/\/vamosporlaliberacion.org\/crpmlm\/wp-json\/wp\/v2\/categories?post=11389"},{"taxonomy":"post_tag","embeddable":true,"href":"http:\/\/vamosporlaliberacion.org\/crpmlm\/wp-json\/wp\/v2\/tags?post=11389"}],"curies":[{"name":"wp","href":"https:\/\/api.w.org\/{rel}","templated":true}]}}