{"id":11367,"date":"2018-04-05T22:12:17","date_gmt":"2018-04-06T01:12:17","guid":{"rendered":"http:\/\/vamosporlaliberacion.org\/crpmlm\/?p=11367"},"modified":"2018-04-16T10:10:28","modified_gmt":"2018-04-16T13:10:28","slug":"astiz-las-dos-caras-de-la-cobardia","status":"publish","type":"post","link":"http:\/\/vamosporlaliberacion.org\/crpmlm\/astiz-las-dos-caras-de-la-cobardia\/","title":{"rendered":"Astiz: las dos caras de la cobard\u00eda"},"content":{"rendered":"<p>El 24 de marzo de 1982 a las 23:40, el por entonces teniente de nav\u00edo Alfredo Astiz desembarc\u00f3, junto al grupo Alfa, con comandos de marina denominados \u201clagartos\u201d a su cargo, en las islas Georgias del Sur, 1.300 kil\u00f3metros al sudeste de las Islas Malvinas. Un mes m\u00e1s tarde, el 25 de abril, el represor ofrec\u00eda su rendici\u00f3n a bordo de la fragata inglesa Plymouth sin haber ejercido la menor resistencia a la ocupaci\u00f3n brit\u00e1nica. Astiz, famoso por torturar y marcar Madres de Plaza de Mayo o monjas, optaba por entregarse ante un destacamento militar de dimensiones similares al propio, en la que podr\u00eda haber sido la primera batalla luego de la recuperaci\u00f3n de las Islas Malvinas.<\/p>\n<p>Antes de que el ej\u00e9rcito ingl\u00e9s lograra asentarse en las islas Georgias del Sur, las tormentas de nieve, con vientos que llegaban a los 150 kil\u00f3metros por hora y el consecuente oleaje, derribaron dos helic\u00f3pteros Wessex V y dos botes Gemini. Con sus fuerzas mermadas, avanzaron a pie sin obst\u00e1culos y tomaron prisioneros a 190 argentinos (Visi\u00f3n Siete, \u201cAstiz en las islas Georgias: La cobarde rendici\u00f3n de un represor\u201d). La versi\u00f3n inglesa es coincidente y se\u00f1ala que ya flameaban s\u00e1banas blancas en varias ventanas cuando llegaron a las edificaciones (Hastings y Jenkins, La batalla por las Malvinas).<\/p>\n<p>El genocida Astiz fue tomado prisionero por el ej\u00e9rcito ingl\u00e9s y devuelto por el gobierno de Margaret Thatcher, sorteando los reclamos de extradici\u00f3n por parte de Francia y Suecia por la desaparici\u00f3n de las monjas francesas Alice Domon y Leonie Duquet y la ciudadana sueca Dagmar Hagelin.<\/p>\n<p>Mucho m\u00e1s adelante, el 7 de febrero de 2012, el gobierno nacional di\u00f3 a conocer el contenido del Informe Rattenbach, elaborado en el declive del gobierno de la Junta Militar por una comisi\u00f3n integrada por miembros del Ej\u00e9rcito, la Armada y la Fuerza A\u00e9rea. En \u00e9l, se planteaba la apertura de un sumario para Astiz porque \u201crindi\u00f3 a su tropa sin presentar batalla\u201d.<\/p>\n<p>Hasta el d\u00eda de hoy no fue juzgado por su papel en Malvinas, pero s\u00ed por los cr\u00edmenes que cometi\u00f3 como agente de la ESMA. Desde el 2007 permanece en una c\u00e1rcel com\u00fan bajo la condena a cadena perpetua en nuestro pa\u00eds. Recientemente fue incluido por el gobierno en la lista presentada a la Justicia con los detenidos que podr\u00edan acceder a la prisi\u00f3n domiciliaria.<\/p>\n<!-- AddThis Advanced Settings generic via filter on the_content --><!-- AddThis Share Buttons generic via filter on the_content -->","protected":false},"excerpt":{"rendered":"<p>El 24 de marzo de 1982 a las 23:40, el por entonces teniente de nav\u00edo Alfredo Astiz desembarc\u00f3, junto al grupo Alfa, con comandos de marina denominados \u201clagartos\u201d a su cargo, en las islas Georgias del Sur, 1.300 kil\u00f3metros al sudeste de las Islas Malvinas. Un mes m\u00e1s tarde, el 25 de abril, el represor [&hellip;]<!-- AddThis Advanced Settings generic via filter on get_the_excerpt --><!-- AddThis Share Buttons generic via filter on get_the_excerpt --><\/p>\n","protected":false},"author":5,"featured_media":11368,"comment_status":"open","ping_status":"open","sticky":false,"template":"","format":"standard","meta":{"_jetpack_memberships_contains_paid_content":false,"footnotes":""},"categories":[1699],"tags":[1171,537,817,1163],"class_list":{"0":"post-11367","1":"post","2":"type-post","3":"status-publish","4":"format-standard","5":"has-post-thumbnail","7":"category-noticias","8":"tag-alfredo-astiz","9":"tag-libertades-democraticas","10":"tag-malvinas-argentinas","11":"tag-vxl-116"},"yoast_head":"<!-- This site is optimized with the Yoast SEO plugin v27.4 - https:\/\/yoast.com\/product\/yoast-seo-wordpress\/ -->\n<title>Astiz: las dos caras de la cobard\u00eda - Vamos por la Liberaci\u00f3n<\/title>\n<meta name=\"robots\" content=\"index, follow, max-snippet:-1, max-image-preview:large, max-video-preview:-1\" \/>\n<link rel=\"canonical\" href=\"https:\/\/vamosporlaliberacion.org\/crpmlm\/astiz-las-dos-caras-de-la-cobardia\/\" \/>\n<meta name=\"twitter:label1\" content=\"Escrito por\" \/>\n\t<meta name=\"twitter:data1\" content=\"\" \/>\n\t<meta name=\"twitter:label2\" content=\"Tiempo de lectura\" \/>\n\t<meta name=\"twitter:data2\" content=\"2 minutos\" \/>\n<script type=\"application\/ld+json\" class=\"yoast-schema-graph\">{\"@context\":\"https:\\\/\\\/schema.org\",\"@graph\":[{\"@type\":\"Article\",\"@id\":\"https:\\\/\\\/vamosporlaliberacion.org\\\/crpmlm\\\/astiz-las-dos-caras-de-la-cobardia\\\/#article\",\"isPartOf\":{\"@id\":\"https:\\\/\\\/vamosporlaliberacion.org\\\/crpmlm\\\/astiz-las-dos-caras-de-la-cobardia\\\/\"},\"author\":{\"name\":\"\",\"@id\":\"\"},\"headline\":\"Astiz: las dos caras de la cobard\u00eda\",\"datePublished\":\"2018-04-06T01:12:17+00:00\",\"dateModified\":\"2018-04-16T13:10:28+00:00\",\"mainEntityOfPage\":{\"@id\":\"https:\\\/\\\/vamosporlaliberacion.org\\\/crpmlm\\\/astiz-las-dos-caras-de-la-cobardia\\\/\"},\"wordCount\":421,\"commentCount\":0,\"image\":{\"@id\":\"https:\\\/\\\/vamosporlaliberacion.org\\\/crpmlm\\\/astiz-las-dos-caras-de-la-cobardia\\\/#primaryimage\"},\"thumbnailUrl\":\"https:\\\/\\\/i0.wp.com\\\/vamosporlaliberacion.org\\\/crpmlm\\\/wp-content\\\/uploads\\\/2018\\\/04\\\/Alfredo-Astiz.jpg?fit=500%2C328&ssl=1\",\"keywords\":[\"Alfredo Astiz\",\"Libertades democr\u00e1ticas\",\"Malvinas Argentinas\",\"vxl 116\"],\"articleSection\":[\"Noticias\"],\"inLanguage\":\"es\",\"potentialAction\":[{\"@type\":\"CommentAction\",\"name\":\"Comment\",\"target\":[\"https:\\\/\\\/vamosporlaliberacion.org\\\/crpmlm\\\/astiz-las-dos-caras-de-la-cobardia\\\/#respond\"]}]},{\"@type\":\"WebPage\",\"@id\":\"https:\\\/\\\/vamosporlaliberacion.org\\\/crpmlm\\\/astiz-las-dos-caras-de-la-cobardia\\\/\",\"url\":\"https:\\\/\\\/vamosporlaliberacion.org\\\/crpmlm\\\/astiz-las-dos-caras-de-la-cobardia\\\/\",\"name\":\"Astiz: las dos caras de la cobard\u00eda - Vamos por la Liberaci\u00f3n\",\"isPartOf\":{\"@id\":\"https:\\\/\\\/vamosporlaliberacion.org\\\/crpmlm\\\/#website\"},\"primaryImageOfPage\":{\"@id\":\"https:\\\/\\\/vamosporlaliberacion.org\\\/crpmlm\\\/astiz-las-dos-caras-de-la-cobardia\\\/#primaryimage\"},\"image\":{\"@id\":\"https:\\\/\\\/vamosporlaliberacion.org\\\/crpmlm\\\/astiz-las-dos-caras-de-la-cobardia\\\/#primaryimage\"},\"thumbnailUrl\":\"https:\\\/\\\/i0.wp.com\\\/vamosporlaliberacion.org\\\/crpmlm\\\/wp-content\\\/uploads\\\/2018\\\/04\\\/Alfredo-Astiz.jpg?fit=500%2C328&ssl=1\",\"datePublished\":\"2018-04-06T01:12:17+00:00\",\"dateModified\":\"2018-04-16T13:10:28+00:00\",\"author\":{\"@id\":\"\"},\"breadcrumb\":{\"@id\":\"https:\\\/\\\/vamosporlaliberacion.org\\\/crpmlm\\\/astiz-las-dos-caras-de-la-cobardia\\\/#breadcrumb\"},\"inLanguage\":\"es\",\"potentialAction\":[{\"@type\":\"ReadAction\",\"target\":[\"https:\\\/\\\/vamosporlaliberacion.org\\\/crpmlm\\\/astiz-las-dos-caras-de-la-cobardia\\\/\"]}]},{\"@type\":\"ImageObject\",\"inLanguage\":\"es\",\"@id\":\"https:\\\/\\\/vamosporlaliberacion.org\\\/crpmlm\\\/astiz-las-dos-caras-de-la-cobardia\\\/#primaryimage\",\"url\":\"https:\\\/\\\/i0.wp.com\\\/vamosporlaliberacion.org\\\/crpmlm\\\/wp-content\\\/uploads\\\/2018\\\/04\\\/Alfredo-Astiz.jpg?fit=500%2C328&ssl=1\",\"contentUrl\":\"https:\\\/\\\/i0.wp.com\\\/vamosporlaliberacion.org\\\/crpmlm\\\/wp-content\\\/uploads\\\/2018\\\/04\\\/Alfredo-Astiz.jpg?fit=500%2C328&ssl=1\",\"width\":500,\"height\":328},{\"@type\":\"BreadcrumbList\",\"@id\":\"https:\\\/\\\/vamosporlaliberacion.org\\\/crpmlm\\\/astiz-las-dos-caras-de-la-cobardia\\\/#breadcrumb\",\"itemListElement\":[{\"@type\":\"ListItem\",\"position\":1,\"name\":\"Portada\",\"item\":\"https:\\\/\\\/vamosporlaliberacion.org\\\/crpmlm\\\/\"},{\"@type\":\"ListItem\",\"position\":2,\"name\":\"Astiz: las dos caras de la cobard\u00eda\"}]},{\"@type\":\"WebSite\",\"@id\":\"https:\\\/\\\/vamosporlaliberacion.org\\\/crpmlm\\\/#website\",\"url\":\"https:\\\/\\\/vamosporlaliberacion.org\\\/crpmlm\\\/\",\"name\":\"Vamos por la Liberaci\u00f3n\",\"description\":\"Prensa CR\",\"potentialAction\":[{\"@type\":\"SearchAction\",\"target\":{\"@type\":\"EntryPoint\",\"urlTemplate\":\"https:\\\/\\\/vamosporlaliberacion.org\\\/crpmlm\\\/?s={search_term_string}\"},\"query-input\":{\"@type\":\"PropertyValueSpecification\",\"valueRequired\":true,\"valueName\":\"search_term_string\"}}],\"inLanguage\":\"es\"},{\"@type\":\"Person\",\"@id\":\"\",\"url\":\"http:\\\/\\\/vamosporlaliberacion.org\\\/crpmlm\\\/author\\\/\"}]}<\/script>\n<!-- \/ Yoast SEO plugin. -->","yoast_head_json":{"title":"Astiz: las dos caras de la cobard\u00eda - Vamos por la Liberaci\u00f3n","robots":{"index":"index","follow":"follow","max-snippet":"max-snippet:-1","max-image-preview":"max-image-preview:large","max-video-preview":"max-video-preview:-1"},"canonical":"https:\/\/vamosporlaliberacion.org\/crpmlm\/astiz-las-dos-caras-de-la-cobardia\/","twitter_misc":{"Escrito por":"","Tiempo de lectura":"2 minutos"},"schema":{"@context":"https:\/\/schema.org","@graph":[{"@type":"Article","@id":"https:\/\/vamosporlaliberacion.org\/crpmlm\/astiz-las-dos-caras-de-la-cobardia\/#article","isPartOf":{"@id":"https:\/\/vamosporlaliberacion.org\/crpmlm\/astiz-las-dos-caras-de-la-cobardia\/"},"author":{"name":"","@id":""},"headline":"Astiz: las dos caras de la cobard\u00eda","datePublished":"2018-04-06T01:12:17+00:00","dateModified":"2018-04-16T13:10:28+00:00","mainEntityOfPage":{"@id":"https:\/\/vamosporlaliberacion.org\/crpmlm\/astiz-las-dos-caras-de-la-cobardia\/"},"wordCount":421,"commentCount":0,"image":{"@id":"https:\/\/vamosporlaliberacion.org\/crpmlm\/astiz-las-dos-caras-de-la-cobardia\/#primaryimage"},"thumbnailUrl":"https:\/\/i0.wp.com\/vamosporlaliberacion.org\/crpmlm\/wp-content\/uploads\/2018\/04\/Alfredo-Astiz.jpg?fit=500%2C328&ssl=1","keywords":["Alfredo Astiz","Libertades democr\u00e1ticas","Malvinas Argentinas","vxl 116"],"articleSection":["Noticias"],"inLanguage":"es","potentialAction":[{"@type":"CommentAction","name":"Comment","target":["https:\/\/vamosporlaliberacion.org\/crpmlm\/astiz-las-dos-caras-de-la-cobardia\/#respond"]}]},{"@type":"WebPage","@id":"https:\/\/vamosporlaliberacion.org\/crpmlm\/astiz-las-dos-caras-de-la-cobardia\/","url":"https:\/\/vamosporlaliberacion.org\/crpmlm\/astiz-las-dos-caras-de-la-cobardia\/","name":"Astiz: las dos caras de la cobard\u00eda - Vamos por la Liberaci\u00f3n","isPartOf":{"@id":"https:\/\/vamosporlaliberacion.org\/crpmlm\/#website"},"primaryImageOfPage":{"@id":"https:\/\/vamosporlaliberacion.org\/crpmlm\/astiz-las-dos-caras-de-la-cobardia\/#primaryimage"},"image":{"@id":"https:\/\/vamosporlaliberacion.org\/crpmlm\/astiz-las-dos-caras-de-la-cobardia\/#primaryimage"},"thumbnailUrl":"https:\/\/i0.wp.com\/vamosporlaliberacion.org\/crpmlm\/wp-content\/uploads\/2018\/04\/Alfredo-Astiz.jpg?fit=500%2C328&ssl=1","datePublished":"2018-04-06T01:12:17+00:00","dateModified":"2018-04-16T13:10:28+00:00","author":{"@id":""},"breadcrumb":{"@id":"https:\/\/vamosporlaliberacion.org\/crpmlm\/astiz-las-dos-caras-de-la-cobardia\/#breadcrumb"},"inLanguage":"es","potentialAction":[{"@type":"ReadAction","target":["https:\/\/vamosporlaliberacion.org\/crpmlm\/astiz-las-dos-caras-de-la-cobardia\/"]}]},{"@type":"ImageObject","inLanguage":"es","@id":"https:\/\/vamosporlaliberacion.org\/crpmlm\/astiz-las-dos-caras-de-la-cobardia\/#primaryimage","url":"https:\/\/i0.wp.com\/vamosporlaliberacion.org\/crpmlm\/wp-content\/uploads\/2018\/04\/Alfredo-Astiz.jpg?fit=500%2C328&ssl=1","contentUrl":"https:\/\/i0.wp.com\/vamosporlaliberacion.org\/crpmlm\/wp-content\/uploads\/2018\/04\/Alfredo-Astiz.jpg?fit=500%2C328&ssl=1","width":500,"height":328},{"@type":"BreadcrumbList","@id":"https:\/\/vamosporlaliberacion.org\/crpmlm\/astiz-las-dos-caras-de-la-cobardia\/#breadcrumb","itemListElement":[{"@type":"ListItem","position":1,"name":"Portada","item":"https:\/\/vamosporlaliberacion.org\/crpmlm\/"},{"@type":"ListItem","position":2,"name":"Astiz: las dos caras de la cobard\u00eda"}]},{"@type":"WebSite","@id":"https:\/\/vamosporlaliberacion.org\/crpmlm\/#website","url":"https:\/\/vamosporlaliberacion.org\/crpmlm\/","name":"Vamos por la Liberaci\u00f3n","description":"Prensa CR","potentialAction":[{"@type":"SearchAction","target":{"@type":"EntryPoint","urlTemplate":"https:\/\/vamosporlaliberacion.org\/crpmlm\/?s={search_term_string}"},"query-input":{"@type":"PropertyValueSpecification","valueRequired":true,"valueName":"search_term_string"}}],"inLanguage":"es"},{"@type":"Person","@id":"","url":"http:\/\/vamosporlaliberacion.org\/crpmlm\/author\/"}]}},"jetpack_featured_media_url":"https:\/\/i0.wp.com\/vamosporlaliberacion.org\/crpmlm\/wp-content\/uploads\/2018\/04\/Alfredo-Astiz.jpg?fit=500%2C328&ssl=1","jetpack_sharing_enabled":true,"_links":{"self":[{"href":"http:\/\/vamosporlaliberacion.org\/crpmlm\/wp-json\/wp\/v2\/posts\/11367","targetHints":{"allow":["GET"]}}],"collection":[{"href":"http:\/\/vamosporlaliberacion.org\/crpmlm\/wp-json\/wp\/v2\/posts"}],"about":[{"href":"http:\/\/vamosporlaliberacion.org\/crpmlm\/wp-json\/wp\/v2\/types\/post"}],"author":[{"embeddable":true,"href":"http:\/\/vamosporlaliberacion.org\/crpmlm\/wp-json\/wp\/v2\/users\/5"}],"replies":[{"embeddable":true,"href":"http:\/\/vamosporlaliberacion.org\/crpmlm\/wp-json\/wp\/v2\/comments?post=11367"}],"version-history":[{"count":0,"href":"http:\/\/vamosporlaliberacion.org\/crpmlm\/wp-json\/wp\/v2\/posts\/11367\/revisions"}],"wp:featuredmedia":[{"embeddable":true,"href":"http:\/\/vamosporlaliberacion.org\/crpmlm\/wp-json\/wp\/v2\/media\/11368"}],"wp:attachment":[{"href":"http:\/\/vamosporlaliberacion.org\/crpmlm\/wp-json\/wp\/v2\/media?parent=11367"}],"wp:term":[{"taxonomy":"category","embeddable":true,"href":"http:\/\/vamosporlaliberacion.org\/crpmlm\/wp-json\/wp\/v2\/categories?post=11367"},{"taxonomy":"post_tag","embeddable":true,"href":"http:\/\/vamosporlaliberacion.org\/crpmlm\/wp-json\/wp\/v2\/tags?post=11367"}],"curies":[{"name":"wp","href":"https:\/\/api.w.org\/{rel}","templated":true}]}}