{"id":11347,"date":"2018-04-05T23:53:34","date_gmt":"2018-04-06T02:53:34","guid":{"rendered":"http:\/\/vamosporlaliberacion.org\/crpmlm\/?p=11347"},"modified":"2018-04-06T11:18:59","modified_gmt":"2018-04-06T14:18:59","slug":"familiares-de-combatientes-en-malvinas-visitaron-sus-tumbas-en-las-islas","status":"publish","type":"post","link":"http:\/\/vamosporlaliberacion.org\/crpmlm\/familiares-de-combatientes-en-malvinas-visitaron-sus-tumbas-en-las-islas\/","title":{"rendered":"Familiares de combatientes visitaron Malvinas"},"content":{"rendered":"<p>Bajo la prohibici\u00f3n de llevar s\u00edmbolos patrios<\/p>\n<p>Pocos d\u00edas antes de cumplirse 36 a\u00f1os de la guerra de Malvinas, 214 familiares de 90 soldados sepultados hasta ahora como NN en el cementerio de Darwin viajaron a rendirles homenaje. En sus tumbas, los nombres de estos h\u00e9roes de Malvinas reemplazan ahora a la leyenda \u201cSoldado argentino solo conocido por Dios\u201d y permanecen en esta porci\u00f3n de territorio argentino usurpado por el imperialismo ingl\u00e9s.<\/p>\n<p>De los 246 ca\u00eddos en la guerra sepultados en Darwin, hab\u00eda 121 sin identificar. En 2011, un fallo judicial aval\u00f3 el pedido de organizaciones de ex soldados y familiares de Chaco y La Plata que impulsaban que se analizaran los restos de Darwin para identificarlos. En 2012 se firm\u00f3 un acuerdo con la Cruz Roja para planificar la investigaci\u00f3n y en 2017 la Cruz Roja con colaboraci\u00f3n del Equipo Argentino de Antropolog\u00eda Forense exhum\u00f3 123 cuerpos, de los que 90 fueron identificaron.<\/p>\n<p>El acuerdo entre el gobierno argentino y la corona brit\u00e1nica para la realizaci\u00f3n de este viaje implic\u00f3 la no entonaci\u00f3n de nuestro Himno Nacional la expresa prohibici\u00f3n para todos los familiares de llevar cualquier s\u00edmbolo patrio, mostrando el rasgo de sometimiento por parte del gobierno argentino que rode\u00f3 a este hist\u00f3rico acontecimiento. Al respecto, una de las familiares, Mar\u00eda Reyes Lobos, hermana de un soldado muerto en las Malvinas declar\u00f3: \u201cVamos a llevar unos rosarios y unas flores de tela, que nos van a dar, pero no nos dejan llevar otra cosa para dejar en la tumba\u2026 Ni siquiera una plaquita chiquita con una frase. Pero a esta altura del partido lo que me interesa es estar ah\u00ed, ver a mi hermano, abrazarlo\u201d.<\/p>\n<p>La permanencia de los restos de los ca\u00eddos en el cementerio de Darwin es un moj\u00f3n en la defensa de la soberan\u00eda nacional sobre las Malvinas: tal como afirmaron varios familiares, est\u00e1n en suelo patrio. Mientras se sacaban la foto dentro del cementerio junto a los ca\u00eddos, se escuch\u00f3 con fuerza: \u201c\u00a1Viva la patria!\u201d.<\/p>\n<p>D\u00edas despu\u00e9s, se hizo p\u00fablica una carta al presidente firmada por Familiares por la Identidad, denunciando que fueron discriminados y ofendidos. Cuestionaron que haya hermanos y padres que quedaron afuera mientras \u201cse incluy\u00f3 a personas que no ten\u00edan nada que ver\u201d. Cuestionaron la organizaci\u00f3n del gobierno y que se haya prohibido \u201cllevar cualquier objeto vinculado a nuestras costumbres, cultura o religi\u00f3n\u201d. (Carta completa en nuestra web.)<\/p>\n<!-- AddThis Advanced Settings generic via filter on the_content --><!-- AddThis Share Buttons generic via filter on the_content -->","protected":false},"excerpt":{"rendered":"<p>Bajo la prohibici\u00f3n de llevar s\u00edmbolos patrios Pocos d\u00edas antes de cumplirse 36 a\u00f1os de la guerra de Malvinas, 214 familiares de 90 soldados sepultados hasta ahora como NN en el cementerio de Darwin viajaron a rendirles homenaje. En sus tumbas, los nombres de estos h\u00e9roes de Malvinas reemplazan ahora a la leyenda \u201cSoldado argentino [&hellip;]<!-- AddThis Advanced Settings generic via filter on get_the_excerpt --><!-- AddThis Share Buttons generic via filter on get_the_excerpt --><\/p>\n","protected":false},"author":5,"featured_media":11348,"comment_status":"open","ping_status":"open","sticky":false,"template":"","format":"standard","meta":{"_jetpack_memberships_contains_paid_content":false,"footnotes":""},"categories":[1699],"tags":[520,817,1163],"class_list":{"0":"post-11347","1":"post","2":"type-post","3":"status-publish","4":"format-standard","5":"has-post-thumbnail","7":"category-noticias","8":"tag-destacado-2","9":"tag-malvinas-argentinas","10":"tag-vxl-116"},"yoast_head":"<!-- This site is optimized with the Yoast SEO plugin v27.4 - https:\/\/yoast.com\/product\/yoast-seo-wordpress\/ -->\n<title>Familiares de combatientes visitaron Malvinas - Vamos por la Liberaci\u00f3n<\/title>\n<meta name=\"robots\" content=\"index, follow, max-snippet:-1, max-image-preview:large, max-video-preview:-1\" \/>\n<link rel=\"canonical\" href=\"https:\/\/vamosporlaliberacion.org\/crpmlm\/familiares-de-combatientes-en-malvinas-visitaron-sus-tumbas-en-las-islas\/\" \/>\n<meta name=\"twitter:label1\" content=\"Escrito por\" \/>\n\t<meta name=\"twitter:data1\" content=\"\" \/>\n\t<meta name=\"twitter:label2\" content=\"Tiempo de lectura\" \/>\n\t<meta name=\"twitter:data2\" content=\"2 minutos\" \/>\n<script type=\"application\/ld+json\" class=\"yoast-schema-graph\">{\"@context\":\"https:\\\/\\\/schema.org\",\"@graph\":[{\"@type\":\"Article\",\"@id\":\"https:\\\/\\\/vamosporlaliberacion.org\\\/crpmlm\\\/familiares-de-combatientes-en-malvinas-visitaron-sus-tumbas-en-las-islas\\\/#article\",\"isPartOf\":{\"@id\":\"https:\\\/\\\/vamosporlaliberacion.org\\\/crpmlm\\\/familiares-de-combatientes-en-malvinas-visitaron-sus-tumbas-en-las-islas\\\/\"},\"author\":{\"name\":\"\",\"@id\":\"\"},\"headline\":\"Familiares de combatientes visitaron Malvinas\",\"datePublished\":\"2018-04-06T02:53:34+00:00\",\"dateModified\":\"2018-04-06T14:18:59+00:00\",\"mainEntityOfPage\":{\"@id\":\"https:\\\/\\\/vamosporlaliberacion.org\\\/crpmlm\\\/familiares-de-combatientes-en-malvinas-visitaron-sus-tumbas-en-las-islas\\\/\"},\"wordCount\":422,\"commentCount\":0,\"image\":{\"@id\":\"https:\\\/\\\/vamosporlaliberacion.org\\\/crpmlm\\\/familiares-de-combatientes-en-malvinas-visitaron-sus-tumbas-en-las-islas\\\/#primaryimage\"},\"thumbnailUrl\":\"https:\\\/\\\/i0.wp.com\\\/vamosporlaliberacion.org\\\/crpmlm\\\/wp-content\\\/uploads\\\/2018\\\/04\\\/Familiares-en-cementerio-Darwin.jpg?fit=1200%2C562&ssl=1\",\"keywords\":[\"destacado 2\",\"Malvinas Argentinas\",\"vxl 116\"],\"articleSection\":[\"Noticias\"],\"inLanguage\":\"es\",\"potentialAction\":[{\"@type\":\"CommentAction\",\"name\":\"Comment\",\"target\":[\"https:\\\/\\\/vamosporlaliberacion.org\\\/crpmlm\\\/familiares-de-combatientes-en-malvinas-visitaron-sus-tumbas-en-las-islas\\\/#respond\"]}]},{\"@type\":\"WebPage\",\"@id\":\"https:\\\/\\\/vamosporlaliberacion.org\\\/crpmlm\\\/familiares-de-combatientes-en-malvinas-visitaron-sus-tumbas-en-las-islas\\\/\",\"url\":\"https:\\\/\\\/vamosporlaliberacion.org\\\/crpmlm\\\/familiares-de-combatientes-en-malvinas-visitaron-sus-tumbas-en-las-islas\\\/\",\"name\":\"Familiares de combatientes visitaron Malvinas - Vamos por la Liberaci\u00f3n\",\"isPartOf\":{\"@id\":\"https:\\\/\\\/vamosporlaliberacion.org\\\/crpmlm\\\/#website\"},\"primaryImageOfPage\":{\"@id\":\"https:\\\/\\\/vamosporlaliberacion.org\\\/crpmlm\\\/familiares-de-combatientes-en-malvinas-visitaron-sus-tumbas-en-las-islas\\\/#primaryimage\"},\"image\":{\"@id\":\"https:\\\/\\\/vamosporlaliberacion.org\\\/crpmlm\\\/familiares-de-combatientes-en-malvinas-visitaron-sus-tumbas-en-las-islas\\\/#primaryimage\"},\"thumbnailUrl\":\"https:\\\/\\\/i0.wp.com\\\/vamosporlaliberacion.org\\\/crpmlm\\\/wp-content\\\/uploads\\\/2018\\\/04\\\/Familiares-en-cementerio-Darwin.jpg?fit=1200%2C562&ssl=1\",\"datePublished\":\"2018-04-06T02:53:34+00:00\",\"dateModified\":\"2018-04-06T14:18:59+00:00\",\"author\":{\"@id\":\"\"},\"breadcrumb\":{\"@id\":\"https:\\\/\\\/vamosporlaliberacion.org\\\/crpmlm\\\/familiares-de-combatientes-en-malvinas-visitaron-sus-tumbas-en-las-islas\\\/#breadcrumb\"},\"inLanguage\":\"es\",\"potentialAction\":[{\"@type\":\"ReadAction\",\"target\":[\"https:\\\/\\\/vamosporlaliberacion.org\\\/crpmlm\\\/familiares-de-combatientes-en-malvinas-visitaron-sus-tumbas-en-las-islas\\\/\"]}]},{\"@type\":\"ImageObject\",\"inLanguage\":\"es\",\"@id\":\"https:\\\/\\\/vamosporlaliberacion.org\\\/crpmlm\\\/familiares-de-combatientes-en-malvinas-visitaron-sus-tumbas-en-las-islas\\\/#primaryimage\",\"url\":\"https:\\\/\\\/i0.wp.com\\\/vamosporlaliberacion.org\\\/crpmlm\\\/wp-content\\\/uploads\\\/2018\\\/04\\\/Familiares-en-cementerio-Darwin.jpg?fit=1200%2C562&ssl=1\",\"contentUrl\":\"https:\\\/\\\/i0.wp.com\\\/vamosporlaliberacion.org\\\/crpmlm\\\/wp-content\\\/uploads\\\/2018\\\/04\\\/Familiares-en-cementerio-Darwin.jpg?fit=1200%2C562&ssl=1\",\"width\":1200,\"height\":562},{\"@type\":\"BreadcrumbList\",\"@id\":\"https:\\\/\\\/vamosporlaliberacion.org\\\/crpmlm\\\/familiares-de-combatientes-en-malvinas-visitaron-sus-tumbas-en-las-islas\\\/#breadcrumb\",\"itemListElement\":[{\"@type\":\"ListItem\",\"position\":1,\"name\":\"Portada\",\"item\":\"https:\\\/\\\/vamosporlaliberacion.org\\\/crpmlm\\\/\"},{\"@type\":\"ListItem\",\"position\":2,\"name\":\"Familiares de combatientes visitaron Malvinas\"}]},{\"@type\":\"WebSite\",\"@id\":\"https:\\\/\\\/vamosporlaliberacion.org\\\/crpmlm\\\/#website\",\"url\":\"https:\\\/\\\/vamosporlaliberacion.org\\\/crpmlm\\\/\",\"name\":\"Vamos por la Liberaci\u00f3n\",\"description\":\"Prensa CR\",\"potentialAction\":[{\"@type\":\"SearchAction\",\"target\":{\"@type\":\"EntryPoint\",\"urlTemplate\":\"https:\\\/\\\/vamosporlaliberacion.org\\\/crpmlm\\\/?s={search_term_string}\"},\"query-input\":{\"@type\":\"PropertyValueSpecification\",\"valueRequired\":true,\"valueName\":\"search_term_string\"}}],\"inLanguage\":\"es\"},{\"@type\":\"Person\",\"@id\":\"\",\"url\":\"http:\\\/\\\/vamosporlaliberacion.org\\\/crpmlm\\\/author\\\/\"}]}<\/script>\n<!-- \/ Yoast SEO plugin. -->","yoast_head_json":{"title":"Familiares de combatientes visitaron Malvinas - Vamos por la Liberaci\u00f3n","robots":{"index":"index","follow":"follow","max-snippet":"max-snippet:-1","max-image-preview":"max-image-preview:large","max-video-preview":"max-video-preview:-1"},"canonical":"https:\/\/vamosporlaliberacion.org\/crpmlm\/familiares-de-combatientes-en-malvinas-visitaron-sus-tumbas-en-las-islas\/","twitter_misc":{"Escrito por":"","Tiempo de lectura":"2 minutos"},"schema":{"@context":"https:\/\/schema.org","@graph":[{"@type":"Article","@id":"https:\/\/vamosporlaliberacion.org\/crpmlm\/familiares-de-combatientes-en-malvinas-visitaron-sus-tumbas-en-las-islas\/#article","isPartOf":{"@id":"https:\/\/vamosporlaliberacion.org\/crpmlm\/familiares-de-combatientes-en-malvinas-visitaron-sus-tumbas-en-las-islas\/"},"author":{"name":"","@id":""},"headline":"Familiares de combatientes visitaron Malvinas","datePublished":"2018-04-06T02:53:34+00:00","dateModified":"2018-04-06T14:18:59+00:00","mainEntityOfPage":{"@id":"https:\/\/vamosporlaliberacion.org\/crpmlm\/familiares-de-combatientes-en-malvinas-visitaron-sus-tumbas-en-las-islas\/"},"wordCount":422,"commentCount":0,"image":{"@id":"https:\/\/vamosporlaliberacion.org\/crpmlm\/familiares-de-combatientes-en-malvinas-visitaron-sus-tumbas-en-las-islas\/#primaryimage"},"thumbnailUrl":"https:\/\/i0.wp.com\/vamosporlaliberacion.org\/crpmlm\/wp-content\/uploads\/2018\/04\/Familiares-en-cementerio-Darwin.jpg?fit=1200%2C562&ssl=1","keywords":["destacado 2","Malvinas Argentinas","vxl 116"],"articleSection":["Noticias"],"inLanguage":"es","potentialAction":[{"@type":"CommentAction","name":"Comment","target":["https:\/\/vamosporlaliberacion.org\/crpmlm\/familiares-de-combatientes-en-malvinas-visitaron-sus-tumbas-en-las-islas\/#respond"]}]},{"@type":"WebPage","@id":"https:\/\/vamosporlaliberacion.org\/crpmlm\/familiares-de-combatientes-en-malvinas-visitaron-sus-tumbas-en-las-islas\/","url":"https:\/\/vamosporlaliberacion.org\/crpmlm\/familiares-de-combatientes-en-malvinas-visitaron-sus-tumbas-en-las-islas\/","name":"Familiares de combatientes visitaron Malvinas - Vamos por la Liberaci\u00f3n","isPartOf":{"@id":"https:\/\/vamosporlaliberacion.org\/crpmlm\/#website"},"primaryImageOfPage":{"@id":"https:\/\/vamosporlaliberacion.org\/crpmlm\/familiares-de-combatientes-en-malvinas-visitaron-sus-tumbas-en-las-islas\/#primaryimage"},"image":{"@id":"https:\/\/vamosporlaliberacion.org\/crpmlm\/familiares-de-combatientes-en-malvinas-visitaron-sus-tumbas-en-las-islas\/#primaryimage"},"thumbnailUrl":"https:\/\/i0.wp.com\/vamosporlaliberacion.org\/crpmlm\/wp-content\/uploads\/2018\/04\/Familiares-en-cementerio-Darwin.jpg?fit=1200%2C562&ssl=1","datePublished":"2018-04-06T02:53:34+00:00","dateModified":"2018-04-06T14:18:59+00:00","author":{"@id":""},"breadcrumb":{"@id":"https:\/\/vamosporlaliberacion.org\/crpmlm\/familiares-de-combatientes-en-malvinas-visitaron-sus-tumbas-en-las-islas\/#breadcrumb"},"inLanguage":"es","potentialAction":[{"@type":"ReadAction","target":["https:\/\/vamosporlaliberacion.org\/crpmlm\/familiares-de-combatientes-en-malvinas-visitaron-sus-tumbas-en-las-islas\/"]}]},{"@type":"ImageObject","inLanguage":"es","@id":"https:\/\/vamosporlaliberacion.org\/crpmlm\/familiares-de-combatientes-en-malvinas-visitaron-sus-tumbas-en-las-islas\/#primaryimage","url":"https:\/\/i0.wp.com\/vamosporlaliberacion.org\/crpmlm\/wp-content\/uploads\/2018\/04\/Familiares-en-cementerio-Darwin.jpg?fit=1200%2C562&ssl=1","contentUrl":"https:\/\/i0.wp.com\/vamosporlaliberacion.org\/crpmlm\/wp-content\/uploads\/2018\/04\/Familiares-en-cementerio-Darwin.jpg?fit=1200%2C562&ssl=1","width":1200,"height":562},{"@type":"BreadcrumbList","@id":"https:\/\/vamosporlaliberacion.org\/crpmlm\/familiares-de-combatientes-en-malvinas-visitaron-sus-tumbas-en-las-islas\/#breadcrumb","itemListElement":[{"@type":"ListItem","position":1,"name":"Portada","item":"https:\/\/vamosporlaliberacion.org\/crpmlm\/"},{"@type":"ListItem","position":2,"name":"Familiares de combatientes visitaron Malvinas"}]},{"@type":"WebSite","@id":"https:\/\/vamosporlaliberacion.org\/crpmlm\/#website","url":"https:\/\/vamosporlaliberacion.org\/crpmlm\/","name":"Vamos por la Liberaci\u00f3n","description":"Prensa CR","potentialAction":[{"@type":"SearchAction","target":{"@type":"EntryPoint","urlTemplate":"https:\/\/vamosporlaliberacion.org\/crpmlm\/?s={search_term_string}"},"query-input":{"@type":"PropertyValueSpecification","valueRequired":true,"valueName":"search_term_string"}}],"inLanguage":"es"},{"@type":"Person","@id":"","url":"http:\/\/vamosporlaliberacion.org\/crpmlm\/author\/"}]}},"jetpack_featured_media_url":"https:\/\/i0.wp.com\/vamosporlaliberacion.org\/crpmlm\/wp-content\/uploads\/2018\/04\/Familiares-en-cementerio-Darwin.jpg?fit=1200%2C562&ssl=1","jetpack_sharing_enabled":true,"_links":{"self":[{"href":"http:\/\/vamosporlaliberacion.org\/crpmlm\/wp-json\/wp\/v2\/posts\/11347","targetHints":{"allow":["GET"]}}],"collection":[{"href":"http:\/\/vamosporlaliberacion.org\/crpmlm\/wp-json\/wp\/v2\/posts"}],"about":[{"href":"http:\/\/vamosporlaliberacion.org\/crpmlm\/wp-json\/wp\/v2\/types\/post"}],"author":[{"embeddable":true,"href":"http:\/\/vamosporlaliberacion.org\/crpmlm\/wp-json\/wp\/v2\/users\/5"}],"replies":[{"embeddable":true,"href":"http:\/\/vamosporlaliberacion.org\/crpmlm\/wp-json\/wp\/v2\/comments?post=11347"}],"version-history":[{"count":0,"href":"http:\/\/vamosporlaliberacion.org\/crpmlm\/wp-json\/wp\/v2\/posts\/11347\/revisions"}],"wp:featuredmedia":[{"embeddable":true,"href":"http:\/\/vamosporlaliberacion.org\/crpmlm\/wp-json\/wp\/v2\/media\/11348"}],"wp:attachment":[{"href":"http:\/\/vamosporlaliberacion.org\/crpmlm\/wp-json\/wp\/v2\/media?parent=11347"}],"wp:term":[{"taxonomy":"category","embeddable":true,"href":"http:\/\/vamosporlaliberacion.org\/crpmlm\/wp-json\/wp\/v2\/categories?post=11347"},{"taxonomy":"post_tag","embeddable":true,"href":"http:\/\/vamosporlaliberacion.org\/crpmlm\/wp-json\/wp\/v2\/tags?post=11347"}],"curies":[{"name":"wp","href":"https:\/\/api.w.org\/{rel}","templated":true}]}}