{"id":11245,"date":"2018-03-22T21:03:42","date_gmt":"2018-03-23T00:03:42","guid":{"rendered":"http:\/\/vamosporlaliberacion.org\/crpmlm\/?p=11245"},"modified":"2018-03-22T21:03:42","modified_gmt":"2018-03-23T00:03:42","slug":"echtecolatz-a-la-carcel","status":"publish","type":"post","link":"http:\/\/vamosporlaliberacion.org\/crpmlm\/echtecolatz-a-la-carcel\/","title":{"rendered":"Echtecolatz\u2026 \u00a1a la c\u00e1rcel!"},"content":{"rendered":"<p>Tras dos meses de escarches y movilizaciones populares el genocida Miguel Etchecolatz deber\u00e1 volver a la c\u00e1rcel. Desde el 27 de diciembre, cuando el Tribunal Oral Federal 6 envi\u00f3 a Etchecolatz desde su celda en la c\u00e1rcel de Ezeiza a su casa en el bosque Peralta Ramos de Mar del Plata, no hubo descanso para el repudio popular al genocida.<\/p>\n<p>Etchecolatz fue jefe de la Brigada de Investigaciones de la polic\u00eda de la Provincia de Buenos Aires, y tiene seis condenas por delitos de lesa humanidad: privaciones de libertad, torturas, homicidios y apropiaci\u00f3n de hijos de desaparecidos. Sin embargo, en diciembre, el TOF 6 hab\u00eda hecho efectiva la pol\u00edtica que impulsa el gobierno macrista de conceder la prisi\u00f3n domiciliaria a los condenados por delitos de lesa humanidad y le concedi\u00f3 ese beneficio.<\/p>\n<p>Finalmente, la lucha popular puso las cosas en su lugar y la C\u00e1mara de Casaci\u00f3n debi\u00f3 anular la prisi\u00f3n domiciliaria: Etchecolatz deber\u00e1 volver a la c\u00e1rcel com\u00fan para completar all\u00ed sus condenas a prisi\u00f3n perpetua por delitos de lesa humanidad cometidos durante la \u00faltima dictadura militar.<\/p>\n<p><strong>La lista del gobierno<\/strong><\/p>\n<p>\u00c9ste no es un caso aislado. Recientemente, el Servicio Penitenciario Federal, que depende del Poder Ejecutivo Nacional, elabor\u00f3 una lista de 96 genocidas condenados y detenidos por delitos de lesa humanidad, solicitando que se les conceda la prisi\u00f3n domiciliaria. Bajo el argumento de la \u201csuperpoblaci\u00f3n carcelaria\u201d, incluyeron dentro de un listado de 1.100 presos esta lista de genocidas que \u2013por tener m\u00e1s de 70 a\u00f1os\u2013 pretenden mandar a sus casas. Entre ellos se encuentran: el \u201cTigre\u201d Acosta, jefe del Grupo de tareas 3.3.2 de la Escuela de Mec\u00e1nica de la Armada (ESMA); los represores de la ESMA Carlos Capdevilla, Antonio Pern\u00edas y Adolfo Donda; el ex agente de inteligencia Ra\u00fal Guglielminetti; \u00a1Alfredo Astiz!; Julio \u201cEl Turco Juli\u00e1n\u201d Sim\u00f3n, ex agente de la Polic\u00eda Federal; y Cristian Federico Von Wernich, ex capell\u00e1n de la polic\u00eda de la provincia de Buenos Aires.<\/p>\n<p>A 42 a\u00f1os del golpe de estado de 1976, seguimos exigiendo \u00a1c\u00e1rcel com\u00fan para todos los genocidas!<\/p>\n<!-- AddThis Advanced Settings generic via filter on the_content --><!-- AddThis Share Buttons generic via filter on the_content -->","protected":false},"excerpt":{"rendered":"<p>Tras dos meses de escarches y movilizaciones populares el genocida Miguel Etchecolatz deber\u00e1 volver a la c\u00e1rcel. Desde el 27 de diciembre, cuando el Tribunal Oral Federal 6 envi\u00f3 a Etchecolatz desde su celda en la c\u00e1rcel de Ezeiza a su casa en el bosque Peralta Ramos de Mar del Plata, no hubo descanso para [&hellip;]<!-- AddThis Advanced Settings generic via filter on get_the_excerpt --><!-- AddThis Share Buttons generic via filter on get_the_excerpt --><\/p>\n","protected":false},"author":5,"featured_media":10892,"comment_status":"open","ping_status":"open","sticky":false,"template":"","format":"standard","meta":{"_jetpack_memberships_contains_paid_content":false,"footnotes":""},"categories":[1699],"tags":[537,1157],"class_list":{"0":"post-11245","1":"post","2":"type-post","3":"status-publish","4":"format-standard","5":"has-post-thumbnail","7":"category-noticias","8":"tag-libertades-democraticas","9":"tag-vxl-115"},"yoast_head":"<!-- This site is optimized with the Yoast SEO plugin v27.4 - https:\/\/yoast.com\/product\/yoast-seo-wordpress\/ -->\n<title>Echtecolatz\u2026 \u00a1a la c\u00e1rcel! - Vamos por la Liberaci\u00f3n<\/title>\n<meta name=\"robots\" content=\"index, follow, max-snippet:-1, max-image-preview:large, max-video-preview:-1\" \/>\n<link rel=\"canonical\" href=\"https:\/\/vamosporlaliberacion.org\/crpmlm\/echtecolatz-a-la-carcel\/\" \/>\n<meta name=\"twitter:label1\" content=\"Escrito por\" \/>\n\t<meta name=\"twitter:data1\" content=\"\" \/>\n\t<meta name=\"twitter:label2\" content=\"Tiempo de lectura\" \/>\n\t<meta name=\"twitter:data2\" content=\"2 minutos\" \/>\n<script type=\"application\/ld+json\" class=\"yoast-schema-graph\">{\"@context\":\"https:\\\/\\\/schema.org\",\"@graph\":[{\"@type\":\"Article\",\"@id\":\"https:\\\/\\\/vamosporlaliberacion.org\\\/crpmlm\\\/echtecolatz-a-la-carcel\\\/#article\",\"isPartOf\":{\"@id\":\"https:\\\/\\\/vamosporlaliberacion.org\\\/crpmlm\\\/echtecolatz-a-la-carcel\\\/\"},\"author\":{\"name\":\"\",\"@id\":\"\"},\"headline\":\"Echtecolatz\u2026 \u00a1a la c\u00e1rcel!\",\"datePublished\":\"2018-03-23T00:03:42+00:00\",\"mainEntityOfPage\":{\"@id\":\"https:\\\/\\\/vamosporlaliberacion.org\\\/crpmlm\\\/echtecolatz-a-la-carcel\\\/\"},\"wordCount\":363,\"commentCount\":0,\"image\":{\"@id\":\"https:\\\/\\\/vamosporlaliberacion.org\\\/crpmlm\\\/echtecolatz-a-la-carcel\\\/#primaryimage\"},\"thumbnailUrl\":\"https:\\\/\\\/i0.wp.com\\\/vamosporlaliberacion.org\\\/crpmlm\\\/wp-content\\\/uploads\\\/2018\\\/01\\\/etchecolatz.jpg?fit=800%2C450&ssl=1\",\"keywords\":[\"Libertades democr\u00e1ticas\",\"vxl 115\"],\"articleSection\":[\"Noticias\"],\"inLanguage\":\"es\",\"potentialAction\":[{\"@type\":\"CommentAction\",\"name\":\"Comment\",\"target\":[\"https:\\\/\\\/vamosporlaliberacion.org\\\/crpmlm\\\/echtecolatz-a-la-carcel\\\/#respond\"]}]},{\"@type\":\"WebPage\",\"@id\":\"https:\\\/\\\/vamosporlaliberacion.org\\\/crpmlm\\\/echtecolatz-a-la-carcel\\\/\",\"url\":\"https:\\\/\\\/vamosporlaliberacion.org\\\/crpmlm\\\/echtecolatz-a-la-carcel\\\/\",\"name\":\"Echtecolatz\u2026 \u00a1a la c\u00e1rcel! - Vamos por la Liberaci\u00f3n\",\"isPartOf\":{\"@id\":\"https:\\\/\\\/vamosporlaliberacion.org\\\/crpmlm\\\/#website\"},\"primaryImageOfPage\":{\"@id\":\"https:\\\/\\\/vamosporlaliberacion.org\\\/crpmlm\\\/echtecolatz-a-la-carcel\\\/#primaryimage\"},\"image\":{\"@id\":\"https:\\\/\\\/vamosporlaliberacion.org\\\/crpmlm\\\/echtecolatz-a-la-carcel\\\/#primaryimage\"},\"thumbnailUrl\":\"https:\\\/\\\/i0.wp.com\\\/vamosporlaliberacion.org\\\/crpmlm\\\/wp-content\\\/uploads\\\/2018\\\/01\\\/etchecolatz.jpg?fit=800%2C450&ssl=1\",\"datePublished\":\"2018-03-23T00:03:42+00:00\",\"author\":{\"@id\":\"\"},\"breadcrumb\":{\"@id\":\"https:\\\/\\\/vamosporlaliberacion.org\\\/crpmlm\\\/echtecolatz-a-la-carcel\\\/#breadcrumb\"},\"inLanguage\":\"es\",\"potentialAction\":[{\"@type\":\"ReadAction\",\"target\":[\"https:\\\/\\\/vamosporlaliberacion.org\\\/crpmlm\\\/echtecolatz-a-la-carcel\\\/\"]}]},{\"@type\":\"ImageObject\",\"inLanguage\":\"es\",\"@id\":\"https:\\\/\\\/vamosporlaliberacion.org\\\/crpmlm\\\/echtecolatz-a-la-carcel\\\/#primaryimage\",\"url\":\"https:\\\/\\\/i0.wp.com\\\/vamosporlaliberacion.org\\\/crpmlm\\\/wp-content\\\/uploads\\\/2018\\\/01\\\/etchecolatz.jpg?fit=800%2C450&ssl=1\",\"contentUrl\":\"https:\\\/\\\/i0.wp.com\\\/vamosporlaliberacion.org\\\/crpmlm\\\/wp-content\\\/uploads\\\/2018\\\/01\\\/etchecolatz.jpg?fit=800%2C450&ssl=1\",\"width\":800,\"height\":450},{\"@type\":\"BreadcrumbList\",\"@id\":\"https:\\\/\\\/vamosporlaliberacion.org\\\/crpmlm\\\/echtecolatz-a-la-carcel\\\/#breadcrumb\",\"itemListElement\":[{\"@type\":\"ListItem\",\"position\":1,\"name\":\"Portada\",\"item\":\"https:\\\/\\\/vamosporlaliberacion.org\\\/crpmlm\\\/\"},{\"@type\":\"ListItem\",\"position\":2,\"name\":\"Echtecolatz\u2026 \u00a1a la c\u00e1rcel!\"}]},{\"@type\":\"WebSite\",\"@id\":\"https:\\\/\\\/vamosporlaliberacion.org\\\/crpmlm\\\/#website\",\"url\":\"https:\\\/\\\/vamosporlaliberacion.org\\\/crpmlm\\\/\",\"name\":\"Vamos por la Liberaci\u00f3n\",\"description\":\"Prensa CR\",\"potentialAction\":[{\"@type\":\"SearchAction\",\"target\":{\"@type\":\"EntryPoint\",\"urlTemplate\":\"https:\\\/\\\/vamosporlaliberacion.org\\\/crpmlm\\\/?s={search_term_string}\"},\"query-input\":{\"@type\":\"PropertyValueSpecification\",\"valueRequired\":true,\"valueName\":\"search_term_string\"}}],\"inLanguage\":\"es\"},{\"@type\":\"Person\",\"@id\":\"\",\"url\":\"http:\\\/\\\/vamosporlaliberacion.org\\\/crpmlm\\\/author\\\/\"}]}<\/script>\n<!-- \/ Yoast SEO plugin. -->","yoast_head_json":{"title":"Echtecolatz\u2026 \u00a1a la c\u00e1rcel! - Vamos por la Liberaci\u00f3n","robots":{"index":"index","follow":"follow","max-snippet":"max-snippet:-1","max-image-preview":"max-image-preview:large","max-video-preview":"max-video-preview:-1"},"canonical":"https:\/\/vamosporlaliberacion.org\/crpmlm\/echtecolatz-a-la-carcel\/","twitter_misc":{"Escrito por":"","Tiempo de lectura":"2 minutos"},"schema":{"@context":"https:\/\/schema.org","@graph":[{"@type":"Article","@id":"https:\/\/vamosporlaliberacion.org\/crpmlm\/echtecolatz-a-la-carcel\/#article","isPartOf":{"@id":"https:\/\/vamosporlaliberacion.org\/crpmlm\/echtecolatz-a-la-carcel\/"},"author":{"name":"","@id":""},"headline":"Echtecolatz\u2026 \u00a1a la c\u00e1rcel!","datePublished":"2018-03-23T00:03:42+00:00","mainEntityOfPage":{"@id":"https:\/\/vamosporlaliberacion.org\/crpmlm\/echtecolatz-a-la-carcel\/"},"wordCount":363,"commentCount":0,"image":{"@id":"https:\/\/vamosporlaliberacion.org\/crpmlm\/echtecolatz-a-la-carcel\/#primaryimage"},"thumbnailUrl":"https:\/\/i0.wp.com\/vamosporlaliberacion.org\/crpmlm\/wp-content\/uploads\/2018\/01\/etchecolatz.jpg?fit=800%2C450&ssl=1","keywords":["Libertades democr\u00e1ticas","vxl 115"],"articleSection":["Noticias"],"inLanguage":"es","potentialAction":[{"@type":"CommentAction","name":"Comment","target":["https:\/\/vamosporlaliberacion.org\/crpmlm\/echtecolatz-a-la-carcel\/#respond"]}]},{"@type":"WebPage","@id":"https:\/\/vamosporlaliberacion.org\/crpmlm\/echtecolatz-a-la-carcel\/","url":"https:\/\/vamosporlaliberacion.org\/crpmlm\/echtecolatz-a-la-carcel\/","name":"Echtecolatz\u2026 \u00a1a la c\u00e1rcel! - Vamos por la Liberaci\u00f3n","isPartOf":{"@id":"https:\/\/vamosporlaliberacion.org\/crpmlm\/#website"},"primaryImageOfPage":{"@id":"https:\/\/vamosporlaliberacion.org\/crpmlm\/echtecolatz-a-la-carcel\/#primaryimage"},"image":{"@id":"https:\/\/vamosporlaliberacion.org\/crpmlm\/echtecolatz-a-la-carcel\/#primaryimage"},"thumbnailUrl":"https:\/\/i0.wp.com\/vamosporlaliberacion.org\/crpmlm\/wp-content\/uploads\/2018\/01\/etchecolatz.jpg?fit=800%2C450&ssl=1","datePublished":"2018-03-23T00:03:42+00:00","author":{"@id":""},"breadcrumb":{"@id":"https:\/\/vamosporlaliberacion.org\/crpmlm\/echtecolatz-a-la-carcel\/#breadcrumb"},"inLanguage":"es","potentialAction":[{"@type":"ReadAction","target":["https:\/\/vamosporlaliberacion.org\/crpmlm\/echtecolatz-a-la-carcel\/"]}]},{"@type":"ImageObject","inLanguage":"es","@id":"https:\/\/vamosporlaliberacion.org\/crpmlm\/echtecolatz-a-la-carcel\/#primaryimage","url":"https:\/\/i0.wp.com\/vamosporlaliberacion.org\/crpmlm\/wp-content\/uploads\/2018\/01\/etchecolatz.jpg?fit=800%2C450&ssl=1","contentUrl":"https:\/\/i0.wp.com\/vamosporlaliberacion.org\/crpmlm\/wp-content\/uploads\/2018\/01\/etchecolatz.jpg?fit=800%2C450&ssl=1","width":800,"height":450},{"@type":"BreadcrumbList","@id":"https:\/\/vamosporlaliberacion.org\/crpmlm\/echtecolatz-a-la-carcel\/#breadcrumb","itemListElement":[{"@type":"ListItem","position":1,"name":"Portada","item":"https:\/\/vamosporlaliberacion.org\/crpmlm\/"},{"@type":"ListItem","position":2,"name":"Echtecolatz\u2026 \u00a1a la c\u00e1rcel!"}]},{"@type":"WebSite","@id":"https:\/\/vamosporlaliberacion.org\/crpmlm\/#website","url":"https:\/\/vamosporlaliberacion.org\/crpmlm\/","name":"Vamos por la Liberaci\u00f3n","description":"Prensa CR","potentialAction":[{"@type":"SearchAction","target":{"@type":"EntryPoint","urlTemplate":"https:\/\/vamosporlaliberacion.org\/crpmlm\/?s={search_term_string}"},"query-input":{"@type":"PropertyValueSpecification","valueRequired":true,"valueName":"search_term_string"}}],"inLanguage":"es"},{"@type":"Person","@id":"","url":"http:\/\/vamosporlaliberacion.org\/crpmlm\/author\/"}]}},"jetpack_featured_media_url":"https:\/\/i0.wp.com\/vamosporlaliberacion.org\/crpmlm\/wp-content\/uploads\/2018\/01\/etchecolatz.jpg?fit=800%2C450&ssl=1","jetpack_sharing_enabled":true,"_links":{"self":[{"href":"http:\/\/vamosporlaliberacion.org\/crpmlm\/wp-json\/wp\/v2\/posts\/11245","targetHints":{"allow":["GET"]}}],"collection":[{"href":"http:\/\/vamosporlaliberacion.org\/crpmlm\/wp-json\/wp\/v2\/posts"}],"about":[{"href":"http:\/\/vamosporlaliberacion.org\/crpmlm\/wp-json\/wp\/v2\/types\/post"}],"author":[{"embeddable":true,"href":"http:\/\/vamosporlaliberacion.org\/crpmlm\/wp-json\/wp\/v2\/users\/5"}],"replies":[{"embeddable":true,"href":"http:\/\/vamosporlaliberacion.org\/crpmlm\/wp-json\/wp\/v2\/comments?post=11245"}],"version-history":[{"count":0,"href":"http:\/\/vamosporlaliberacion.org\/crpmlm\/wp-json\/wp\/v2\/posts\/11245\/revisions"}],"wp:featuredmedia":[{"embeddable":true,"href":"http:\/\/vamosporlaliberacion.org\/crpmlm\/wp-json\/wp\/v2\/media\/10892"}],"wp:attachment":[{"href":"http:\/\/vamosporlaliberacion.org\/crpmlm\/wp-json\/wp\/v2\/media?parent=11245"}],"wp:term":[{"taxonomy":"category","embeddable":true,"href":"http:\/\/vamosporlaliberacion.org\/crpmlm\/wp-json\/wp\/v2\/categories?post=11245"},{"taxonomy":"post_tag","embeddable":true,"href":"http:\/\/vamosporlaliberacion.org\/crpmlm\/wp-json\/wp\/v2\/tags?post=11245"}],"curies":[{"name":"wp","href":"https:\/\/api.w.org\/{rel}","templated":true}]}}