{"id":11242,"date":"2018-03-22T21:00:47","date_gmt":"2018-03-23T00:00:47","guid":{"rendered":"http:\/\/vamosporlaliberacion.org\/crpmlm\/?p=11242"},"modified":"2018-03-22T21:00:47","modified_gmt":"2018-03-23T00:00:47","slug":"juicio-a-ex-gerentes-de-ford","status":"publish","type":"post","link":"http:\/\/vamosporlaliberacion.org\/crpmlm\/juicio-a-ex-gerentes-de-ford\/","title":{"rendered":"Juicio a ex gerentes de Ford"},"content":{"rendered":"<p>Desde el 19 de diciembre se desarrolla el juicio por delitos de lesa humanidad contra Pedro M\u00fcller y H\u00e9ctor Francisco Sibilla, ex directivos del monopolio automotriz Ford. Tambi\u00e9n est\u00e1 acusado el ex jefe de Institutos Militares Santiago Riveros. Otros acusados eran el presidente de la empresa Nicol\u00e1s Courat y Guillermo Galarraga, el gerente de Relaciones Laborales, pero fallecieron antes de que la causa llegara a esta instancia.<\/p>\n<p>Este juicio oral deber\u00e1 juzgar responsabilidades civiles y militares por los cr\u00edmenes que sufrieron 24 obreros de la empresa. Uno de los delegados declar\u00f3 durante el juicio c\u00f3mo d\u00edas despu\u00e9s del golpe de Estado fueron a buscarlos a su puesto de trabajo un grupo de uniformados a bordo de una F-100 de la empresa y fueron llevados a uno de los quinchos de la planta donde fueron brutalmente torturados, maniatados y encapuchados. Luego, trasladados en la misma camioneta a la comisar\u00eda de Tigre, fueron sometidos a un simulacro de fusilamiento por quienes ten\u00edan informaci\u00f3n y documentaci\u00f3n de la empresa. Hasta ser liberados en mayo de 1977, permanecieron en las c\u00e1rceles de Devoto, Azul, Sierra Chica y La Plata.<\/p>\n<p>Las manos de la burgues\u00eda imperialista est\u00e1n manchadas de sangre. No s\u00f3lo por la superexplotaci\u00f3n que se consume cada d\u00eda la salud y la vida de sus obreros, si no por la participaci\u00f3n directa en el plan genocida de la dictadura.<\/p>\n<!-- AddThis Advanced Settings generic via filter on the_content --><!-- AddThis Share Buttons generic via filter on the_content -->","protected":false},"excerpt":{"rendered":"<p>Desde el 19 de diciembre se desarrolla el juicio por delitos de lesa humanidad contra Pedro M\u00fcller y H\u00e9ctor Francisco Sibilla, ex directivos del monopolio automotriz Ford. Tambi\u00e9n est\u00e1 acusado el ex jefe de Institutos Militares Santiago Riveros. Otros acusados eran el presidente de la empresa Nicol\u00e1s Courat y Guillermo Galarraga, el gerente de Relaciones [&hellip;]<!-- AddThis Advanced Settings generic via filter on get_the_excerpt --><!-- AddThis Share Buttons generic via filter on get_the_excerpt --><\/p>\n","protected":false},"author":5,"featured_media":11243,"comment_status":"open","ping_status":"open","sticky":false,"template":"","format":"standard","meta":{"_jetpack_memberships_contains_paid_content":false,"footnotes":""},"categories":[1699],"tags":[537,1157],"class_list":{"0":"post-11242","1":"post","2":"type-post","3":"status-publish","4":"format-standard","5":"has-post-thumbnail","7":"category-noticias","8":"tag-libertades-democraticas","9":"tag-vxl-115"},"yoast_head":"<!-- This site is optimized with the Yoast SEO plugin v27.4 - https:\/\/yoast.com\/product\/yoast-seo-wordpress\/ -->\n<title>Juicio a ex gerentes de Ford - Vamos por la Liberaci\u00f3n<\/title>\n<meta name=\"robots\" content=\"index, follow, max-snippet:-1, max-image-preview:large, max-video-preview:-1\" \/>\n<link rel=\"canonical\" href=\"https:\/\/vamosporlaliberacion.org\/crpmlm\/juicio-a-ex-gerentes-de-ford\/\" \/>\n<meta name=\"twitter:label1\" content=\"Escrito por\" \/>\n\t<meta name=\"twitter:data1\" content=\"\" \/>\n\t<meta name=\"twitter:label2\" content=\"Tiempo de lectura\" \/>\n\t<meta name=\"twitter:data2\" content=\"1 minuto\" \/>\n<script type=\"application\/ld+json\" class=\"yoast-schema-graph\">{\"@context\":\"https:\\\/\\\/schema.org\",\"@graph\":[{\"@type\":\"Article\",\"@id\":\"https:\\\/\\\/vamosporlaliberacion.org\\\/crpmlm\\\/juicio-a-ex-gerentes-de-ford\\\/#article\",\"isPartOf\":{\"@id\":\"https:\\\/\\\/vamosporlaliberacion.org\\\/crpmlm\\\/juicio-a-ex-gerentes-de-ford\\\/\"},\"author\":{\"name\":\"\",\"@id\":\"\"},\"headline\":\"Juicio a ex gerentes de Ford\",\"datePublished\":\"2018-03-23T00:00:47+00:00\",\"mainEntityOfPage\":{\"@id\":\"https:\\\/\\\/vamosporlaliberacion.org\\\/crpmlm\\\/juicio-a-ex-gerentes-de-ford\\\/\"},\"wordCount\":248,\"commentCount\":0,\"image\":{\"@id\":\"https:\\\/\\\/vamosporlaliberacion.org\\\/crpmlm\\\/juicio-a-ex-gerentes-de-ford\\\/#primaryimage\"},\"thumbnailUrl\":\"https:\\\/\\\/i0.wp.com\\\/vamosporlaliberacion.org\\\/crpmlm\\\/wp-content\\\/uploads\\\/2018\\\/03\\\/arton63991.jpg?fit=800%2C450&ssl=1\",\"keywords\":[\"Libertades democr\u00e1ticas\",\"vxl 115\"],\"articleSection\":[\"Noticias\"],\"inLanguage\":\"es\",\"potentialAction\":[{\"@type\":\"CommentAction\",\"name\":\"Comment\",\"target\":[\"https:\\\/\\\/vamosporlaliberacion.org\\\/crpmlm\\\/juicio-a-ex-gerentes-de-ford\\\/#respond\"]}]},{\"@type\":\"WebPage\",\"@id\":\"https:\\\/\\\/vamosporlaliberacion.org\\\/crpmlm\\\/juicio-a-ex-gerentes-de-ford\\\/\",\"url\":\"https:\\\/\\\/vamosporlaliberacion.org\\\/crpmlm\\\/juicio-a-ex-gerentes-de-ford\\\/\",\"name\":\"Juicio a ex gerentes de Ford - Vamos por la Liberaci\u00f3n\",\"isPartOf\":{\"@id\":\"https:\\\/\\\/vamosporlaliberacion.org\\\/crpmlm\\\/#website\"},\"primaryImageOfPage\":{\"@id\":\"https:\\\/\\\/vamosporlaliberacion.org\\\/crpmlm\\\/juicio-a-ex-gerentes-de-ford\\\/#primaryimage\"},\"image\":{\"@id\":\"https:\\\/\\\/vamosporlaliberacion.org\\\/crpmlm\\\/juicio-a-ex-gerentes-de-ford\\\/#primaryimage\"},\"thumbnailUrl\":\"https:\\\/\\\/i0.wp.com\\\/vamosporlaliberacion.org\\\/crpmlm\\\/wp-content\\\/uploads\\\/2018\\\/03\\\/arton63991.jpg?fit=800%2C450&ssl=1\",\"datePublished\":\"2018-03-23T00:00:47+00:00\",\"author\":{\"@id\":\"\"},\"breadcrumb\":{\"@id\":\"https:\\\/\\\/vamosporlaliberacion.org\\\/crpmlm\\\/juicio-a-ex-gerentes-de-ford\\\/#breadcrumb\"},\"inLanguage\":\"es\",\"potentialAction\":[{\"@type\":\"ReadAction\",\"target\":[\"https:\\\/\\\/vamosporlaliberacion.org\\\/crpmlm\\\/juicio-a-ex-gerentes-de-ford\\\/\"]}]},{\"@type\":\"ImageObject\",\"inLanguage\":\"es\",\"@id\":\"https:\\\/\\\/vamosporlaliberacion.org\\\/crpmlm\\\/juicio-a-ex-gerentes-de-ford\\\/#primaryimage\",\"url\":\"https:\\\/\\\/i0.wp.com\\\/vamosporlaliberacion.org\\\/crpmlm\\\/wp-content\\\/uploads\\\/2018\\\/03\\\/arton63991.jpg?fit=800%2C450&ssl=1\",\"contentUrl\":\"https:\\\/\\\/i0.wp.com\\\/vamosporlaliberacion.org\\\/crpmlm\\\/wp-content\\\/uploads\\\/2018\\\/03\\\/arton63991.jpg?fit=800%2C450&ssl=1\",\"width\":800,\"height\":450},{\"@type\":\"BreadcrumbList\",\"@id\":\"https:\\\/\\\/vamosporlaliberacion.org\\\/crpmlm\\\/juicio-a-ex-gerentes-de-ford\\\/#breadcrumb\",\"itemListElement\":[{\"@type\":\"ListItem\",\"position\":1,\"name\":\"Portada\",\"item\":\"https:\\\/\\\/vamosporlaliberacion.org\\\/crpmlm\\\/\"},{\"@type\":\"ListItem\",\"position\":2,\"name\":\"Juicio a ex gerentes de Ford\"}]},{\"@type\":\"WebSite\",\"@id\":\"https:\\\/\\\/vamosporlaliberacion.org\\\/crpmlm\\\/#website\",\"url\":\"https:\\\/\\\/vamosporlaliberacion.org\\\/crpmlm\\\/\",\"name\":\"Vamos por la Liberaci\u00f3n\",\"description\":\"Prensa CR\",\"potentialAction\":[{\"@type\":\"SearchAction\",\"target\":{\"@type\":\"EntryPoint\",\"urlTemplate\":\"https:\\\/\\\/vamosporlaliberacion.org\\\/crpmlm\\\/?s={search_term_string}\"},\"query-input\":{\"@type\":\"PropertyValueSpecification\",\"valueRequired\":true,\"valueName\":\"search_term_string\"}}],\"inLanguage\":\"es\"},{\"@type\":\"Person\",\"@id\":\"\",\"url\":\"http:\\\/\\\/vamosporlaliberacion.org\\\/crpmlm\\\/author\\\/\"}]}<\/script>\n<!-- \/ Yoast SEO plugin. -->","yoast_head_json":{"title":"Juicio a ex gerentes de Ford - Vamos por la Liberaci\u00f3n","robots":{"index":"index","follow":"follow","max-snippet":"max-snippet:-1","max-image-preview":"max-image-preview:large","max-video-preview":"max-video-preview:-1"},"canonical":"https:\/\/vamosporlaliberacion.org\/crpmlm\/juicio-a-ex-gerentes-de-ford\/","twitter_misc":{"Escrito por":"","Tiempo de lectura":"1 minuto"},"schema":{"@context":"https:\/\/schema.org","@graph":[{"@type":"Article","@id":"https:\/\/vamosporlaliberacion.org\/crpmlm\/juicio-a-ex-gerentes-de-ford\/#article","isPartOf":{"@id":"https:\/\/vamosporlaliberacion.org\/crpmlm\/juicio-a-ex-gerentes-de-ford\/"},"author":{"name":"","@id":""},"headline":"Juicio a ex gerentes de Ford","datePublished":"2018-03-23T00:00:47+00:00","mainEntityOfPage":{"@id":"https:\/\/vamosporlaliberacion.org\/crpmlm\/juicio-a-ex-gerentes-de-ford\/"},"wordCount":248,"commentCount":0,"image":{"@id":"https:\/\/vamosporlaliberacion.org\/crpmlm\/juicio-a-ex-gerentes-de-ford\/#primaryimage"},"thumbnailUrl":"https:\/\/i0.wp.com\/vamosporlaliberacion.org\/crpmlm\/wp-content\/uploads\/2018\/03\/arton63991.jpg?fit=800%2C450&ssl=1","keywords":["Libertades democr\u00e1ticas","vxl 115"],"articleSection":["Noticias"],"inLanguage":"es","potentialAction":[{"@type":"CommentAction","name":"Comment","target":["https:\/\/vamosporlaliberacion.org\/crpmlm\/juicio-a-ex-gerentes-de-ford\/#respond"]}]},{"@type":"WebPage","@id":"https:\/\/vamosporlaliberacion.org\/crpmlm\/juicio-a-ex-gerentes-de-ford\/","url":"https:\/\/vamosporlaliberacion.org\/crpmlm\/juicio-a-ex-gerentes-de-ford\/","name":"Juicio a ex gerentes de Ford - Vamos por la Liberaci\u00f3n","isPartOf":{"@id":"https:\/\/vamosporlaliberacion.org\/crpmlm\/#website"},"primaryImageOfPage":{"@id":"https:\/\/vamosporlaliberacion.org\/crpmlm\/juicio-a-ex-gerentes-de-ford\/#primaryimage"},"image":{"@id":"https:\/\/vamosporlaliberacion.org\/crpmlm\/juicio-a-ex-gerentes-de-ford\/#primaryimage"},"thumbnailUrl":"https:\/\/i0.wp.com\/vamosporlaliberacion.org\/crpmlm\/wp-content\/uploads\/2018\/03\/arton63991.jpg?fit=800%2C450&ssl=1","datePublished":"2018-03-23T00:00:47+00:00","author":{"@id":""},"breadcrumb":{"@id":"https:\/\/vamosporlaliberacion.org\/crpmlm\/juicio-a-ex-gerentes-de-ford\/#breadcrumb"},"inLanguage":"es","potentialAction":[{"@type":"ReadAction","target":["https:\/\/vamosporlaliberacion.org\/crpmlm\/juicio-a-ex-gerentes-de-ford\/"]}]},{"@type":"ImageObject","inLanguage":"es","@id":"https:\/\/vamosporlaliberacion.org\/crpmlm\/juicio-a-ex-gerentes-de-ford\/#primaryimage","url":"https:\/\/i0.wp.com\/vamosporlaliberacion.org\/crpmlm\/wp-content\/uploads\/2018\/03\/arton63991.jpg?fit=800%2C450&ssl=1","contentUrl":"https:\/\/i0.wp.com\/vamosporlaliberacion.org\/crpmlm\/wp-content\/uploads\/2018\/03\/arton63991.jpg?fit=800%2C450&ssl=1","width":800,"height":450},{"@type":"BreadcrumbList","@id":"https:\/\/vamosporlaliberacion.org\/crpmlm\/juicio-a-ex-gerentes-de-ford\/#breadcrumb","itemListElement":[{"@type":"ListItem","position":1,"name":"Portada","item":"https:\/\/vamosporlaliberacion.org\/crpmlm\/"},{"@type":"ListItem","position":2,"name":"Juicio a ex gerentes de Ford"}]},{"@type":"WebSite","@id":"https:\/\/vamosporlaliberacion.org\/crpmlm\/#website","url":"https:\/\/vamosporlaliberacion.org\/crpmlm\/","name":"Vamos por la Liberaci\u00f3n","description":"Prensa CR","potentialAction":[{"@type":"SearchAction","target":{"@type":"EntryPoint","urlTemplate":"https:\/\/vamosporlaliberacion.org\/crpmlm\/?s={search_term_string}"},"query-input":{"@type":"PropertyValueSpecification","valueRequired":true,"valueName":"search_term_string"}}],"inLanguage":"es"},{"@type":"Person","@id":"","url":"http:\/\/vamosporlaliberacion.org\/crpmlm\/author\/"}]}},"jetpack_featured_media_url":"https:\/\/i0.wp.com\/vamosporlaliberacion.org\/crpmlm\/wp-content\/uploads\/2018\/03\/arton63991.jpg?fit=800%2C450&ssl=1","jetpack_sharing_enabled":true,"_links":{"self":[{"href":"http:\/\/vamosporlaliberacion.org\/crpmlm\/wp-json\/wp\/v2\/posts\/11242","targetHints":{"allow":["GET"]}}],"collection":[{"href":"http:\/\/vamosporlaliberacion.org\/crpmlm\/wp-json\/wp\/v2\/posts"}],"about":[{"href":"http:\/\/vamosporlaliberacion.org\/crpmlm\/wp-json\/wp\/v2\/types\/post"}],"author":[{"embeddable":true,"href":"http:\/\/vamosporlaliberacion.org\/crpmlm\/wp-json\/wp\/v2\/users\/5"}],"replies":[{"embeddable":true,"href":"http:\/\/vamosporlaliberacion.org\/crpmlm\/wp-json\/wp\/v2\/comments?post=11242"}],"version-history":[{"count":0,"href":"http:\/\/vamosporlaliberacion.org\/crpmlm\/wp-json\/wp\/v2\/posts\/11242\/revisions"}],"wp:featuredmedia":[{"embeddable":true,"href":"http:\/\/vamosporlaliberacion.org\/crpmlm\/wp-json\/wp\/v2\/media\/11243"}],"wp:attachment":[{"href":"http:\/\/vamosporlaliberacion.org\/crpmlm\/wp-json\/wp\/v2\/media?parent=11242"}],"wp:term":[{"taxonomy":"category","embeddable":true,"href":"http:\/\/vamosporlaliberacion.org\/crpmlm\/wp-json\/wp\/v2\/categories?post=11242"},{"taxonomy":"post_tag","embeddable":true,"href":"http:\/\/vamosporlaliberacion.org\/crpmlm\/wp-json\/wp\/v2\/tags?post=11242"}],"curies":[{"name":"wp","href":"https:\/\/api.w.org\/{rel}","templated":true}]}}