{"id":11230,"date":"2018-03-22T20:48:35","date_gmt":"2018-03-22T23:48:35","guid":{"rendered":"http:\/\/vamosporlaliberacion.org\/crpmlm\/?p=11230"},"modified":"2018-04-04T11:18:06","modified_gmt":"2018-04-04T14:18:06","slug":"si-te-gusta-si-te-sirve-difundilo","status":"publish","type":"post","link":"http:\/\/vamosporlaliberacion.org\/crpmlm\/si-te-gusta-si-te-sirve-difundilo\/","title":{"rendered":"Si te gusta, si te sirve, difund\u00edlo!"},"content":{"rendered":"<p>Con este n\u00famero arranca la campa\u00f1a anual de nuestra prensa revolucionaria, hasta el N\u00ba 117. Nos proponemos dar un salto en la cantidad de lectores. Todas las quincenas el Vamos! llega a trav\u00e9s de compa\u00f1eros y amigos a distintas partes del pa\u00eds, en las f\u00e1bricas, escuelas, facultades y barrios. Buscamos as\u00ed que el peri\u00f3dico sea una ayuda, una herramienta para organizarnos en la lucha por frenar esta pol\u00edtica macrista de entrega y dependencia.<\/p>\n<p>Un mes a todo Vamos!<\/p>\n<p>Toda campa\u00f1a tiene su punto de inicio. Las zonas prepararon los lanzamientos con piqueteos en los actos y movilizaciones del 24 de Marzo o con bloqueos en centros de concentraci\u00f3n de nuestra actividad pol\u00edtica, principalmente dentro del movimiento obrero.<\/p>\n<p>Pero para poder alcanzar los objetivos que nos proponemos, es importante que las zonas planifiquen colectivamente las iniciativas que van a llevar adelante, teniendo en cuenta la situaci\u00f3n pol\u00edtica en el lugar, la situaci\u00f3n del organismo y la propuesta de crecimiento que se plantea el organismo.<\/p>\n<p>El Vamos! tiene un rol propagand\u00edstico, sirve para mostrar nuestro partido, lo que planteamos para este momento pol\u00edtico, c\u00f3mo y en qu\u00e9 luchas estamos. Todo esto podemos abordarlo con un mont\u00f3n de compa\u00f1eros que desconocemos a trav\u00e9s de los piqueteos, y que a ra\u00edz de esos debates, con algunos de ellos podemos seguir vinculados.<\/p>\n<p>Pero tambi\u00e9n, el Vamos! cumple un rol organizador. Suscribir en la Campa\u00f1a, por el semestre o el a\u00f1o a muchos amigos y relaciones pol\u00edticas nos permite estrechar esas relaciones, avanzar en la constancia y continuidad del v\u00ednculo, y estructurar nuestro trabajo pol\u00edtico.<\/p>\n<!-- AddThis Advanced Settings generic via filter on the_content --><!-- AddThis Share Buttons generic via filter on the_content -->","protected":false},"excerpt":{"rendered":"<p>Con este n\u00famero arranca la campa\u00f1a anual de nuestra prensa revolucionaria, hasta el N\u00ba 117. Nos proponemos dar un salto en la cantidad de lectores. Todas las quincenas el Vamos! llega a trav\u00e9s de compa\u00f1eros y amigos a distintas partes del pa\u00eds, en las f\u00e1bricas, escuelas, facultades y barrios. Buscamos as\u00ed que el peri\u00f3dico sea [&hellip;]<!-- AddThis Advanced Settings generic via filter on get_the_excerpt --><!-- AddThis Share Buttons generic via filter on get_the_excerpt --><\/p>\n","protected":false},"author":5,"featured_media":11231,"comment_status":"open","ping_status":"open","sticky":false,"template":"","format":"standard","meta":{"_jetpack_memberships_contains_paid_content":false,"footnotes":""},"categories":[1699],"tags":[520,210,1157],"class_list":{"0":"post-11230","1":"post","2":"type-post","3":"status-publish","4":"format-standard","5":"has-post-thumbnail","7":"category-noticias","8":"tag-destacado-2","9":"tag-prensa","10":"tag-vxl-115"},"yoast_head":"<!-- This site is optimized with the Yoast SEO plugin v27.4 - https:\/\/yoast.com\/product\/yoast-seo-wordpress\/ -->\n<title>Si te gusta, si te sirve, difund\u00edlo! - Vamos por la Liberaci\u00f3n<\/title>\n<meta name=\"robots\" content=\"index, follow, max-snippet:-1, max-image-preview:large, max-video-preview:-1\" \/>\n<link rel=\"canonical\" href=\"https:\/\/vamosporlaliberacion.org\/crpmlm\/si-te-gusta-si-te-sirve-difundilo\/\" \/>\n<meta name=\"twitter:label1\" content=\"Escrito por\" \/>\n\t<meta name=\"twitter:data1\" content=\"\" \/>\n\t<meta name=\"twitter:label2\" content=\"Tiempo de lectura\" \/>\n\t<meta name=\"twitter:data2\" content=\"1 minuto\" \/>\n<script type=\"application\/ld+json\" class=\"yoast-schema-graph\">{\"@context\":\"https:\\\/\\\/schema.org\",\"@graph\":[{\"@type\":\"Article\",\"@id\":\"https:\\\/\\\/vamosporlaliberacion.org\\\/crpmlm\\\/si-te-gusta-si-te-sirve-difundilo\\\/#article\",\"isPartOf\":{\"@id\":\"https:\\\/\\\/vamosporlaliberacion.org\\\/crpmlm\\\/si-te-gusta-si-te-sirve-difundilo\\\/\"},\"author\":{\"name\":\"\",\"@id\":\"\"},\"headline\":\"Si te gusta, si te sirve, difund\u00edlo!\",\"datePublished\":\"2018-03-22T23:48:35+00:00\",\"dateModified\":\"2018-04-04T14:18:06+00:00\",\"mainEntityOfPage\":{\"@id\":\"https:\\\/\\\/vamosporlaliberacion.org\\\/crpmlm\\\/si-te-gusta-si-te-sirve-difundilo\\\/\"},\"wordCount\":292,\"commentCount\":0,\"image\":{\"@id\":\"https:\\\/\\\/vamosporlaliberacion.org\\\/crpmlm\\\/si-te-gusta-si-te-sirve-difundilo\\\/#primaryimage\"},\"thumbnailUrl\":\"https:\\\/\\\/i0.wp.com\\\/vamosporlaliberacion.org\\\/crpmlm\\\/wp-content\\\/uploads\\\/2018\\\/03\\\/Invitar.png?fit=800%2C434&ssl=1\",\"keywords\":[\"destacado 2\",\"Prensa\",\"vxl 115\"],\"articleSection\":[\"Noticias\"],\"inLanguage\":\"es\",\"potentialAction\":[{\"@type\":\"CommentAction\",\"name\":\"Comment\",\"target\":[\"https:\\\/\\\/vamosporlaliberacion.org\\\/crpmlm\\\/si-te-gusta-si-te-sirve-difundilo\\\/#respond\"]}]},{\"@type\":\"WebPage\",\"@id\":\"https:\\\/\\\/vamosporlaliberacion.org\\\/crpmlm\\\/si-te-gusta-si-te-sirve-difundilo\\\/\",\"url\":\"https:\\\/\\\/vamosporlaliberacion.org\\\/crpmlm\\\/si-te-gusta-si-te-sirve-difundilo\\\/\",\"name\":\"Si te gusta, si te sirve, difund\u00edlo! - Vamos por la Liberaci\u00f3n\",\"isPartOf\":{\"@id\":\"https:\\\/\\\/vamosporlaliberacion.org\\\/crpmlm\\\/#website\"},\"primaryImageOfPage\":{\"@id\":\"https:\\\/\\\/vamosporlaliberacion.org\\\/crpmlm\\\/si-te-gusta-si-te-sirve-difundilo\\\/#primaryimage\"},\"image\":{\"@id\":\"https:\\\/\\\/vamosporlaliberacion.org\\\/crpmlm\\\/si-te-gusta-si-te-sirve-difundilo\\\/#primaryimage\"},\"thumbnailUrl\":\"https:\\\/\\\/i0.wp.com\\\/vamosporlaliberacion.org\\\/crpmlm\\\/wp-content\\\/uploads\\\/2018\\\/03\\\/Invitar.png?fit=800%2C434&ssl=1\",\"datePublished\":\"2018-03-22T23:48:35+00:00\",\"dateModified\":\"2018-04-04T14:18:06+00:00\",\"author\":{\"@id\":\"\"},\"breadcrumb\":{\"@id\":\"https:\\\/\\\/vamosporlaliberacion.org\\\/crpmlm\\\/si-te-gusta-si-te-sirve-difundilo\\\/#breadcrumb\"},\"inLanguage\":\"es\",\"potentialAction\":[{\"@type\":\"ReadAction\",\"target\":[\"https:\\\/\\\/vamosporlaliberacion.org\\\/crpmlm\\\/si-te-gusta-si-te-sirve-difundilo\\\/\"]}]},{\"@type\":\"ImageObject\",\"inLanguage\":\"es\",\"@id\":\"https:\\\/\\\/vamosporlaliberacion.org\\\/crpmlm\\\/si-te-gusta-si-te-sirve-difundilo\\\/#primaryimage\",\"url\":\"https:\\\/\\\/i0.wp.com\\\/vamosporlaliberacion.org\\\/crpmlm\\\/wp-content\\\/uploads\\\/2018\\\/03\\\/Invitar.png?fit=800%2C434&ssl=1\",\"contentUrl\":\"https:\\\/\\\/i0.wp.com\\\/vamosporlaliberacion.org\\\/crpmlm\\\/wp-content\\\/uploads\\\/2018\\\/03\\\/Invitar.png?fit=800%2C434&ssl=1\",\"width\":800,\"height\":434},{\"@type\":\"BreadcrumbList\",\"@id\":\"https:\\\/\\\/vamosporlaliberacion.org\\\/crpmlm\\\/si-te-gusta-si-te-sirve-difundilo\\\/#breadcrumb\",\"itemListElement\":[{\"@type\":\"ListItem\",\"position\":1,\"name\":\"Portada\",\"item\":\"https:\\\/\\\/vamosporlaliberacion.org\\\/crpmlm\\\/\"},{\"@type\":\"ListItem\",\"position\":2,\"name\":\"Si te gusta, si te sirve, difund\u00edlo!\"}]},{\"@type\":\"WebSite\",\"@id\":\"https:\\\/\\\/vamosporlaliberacion.org\\\/crpmlm\\\/#website\",\"url\":\"https:\\\/\\\/vamosporlaliberacion.org\\\/crpmlm\\\/\",\"name\":\"Vamos por la Liberaci\u00f3n\",\"description\":\"Prensa CR\",\"potentialAction\":[{\"@type\":\"SearchAction\",\"target\":{\"@type\":\"EntryPoint\",\"urlTemplate\":\"https:\\\/\\\/vamosporlaliberacion.org\\\/crpmlm\\\/?s={search_term_string}\"},\"query-input\":{\"@type\":\"PropertyValueSpecification\",\"valueRequired\":true,\"valueName\":\"search_term_string\"}}],\"inLanguage\":\"es\"},{\"@type\":\"Person\",\"@id\":\"\",\"url\":\"http:\\\/\\\/vamosporlaliberacion.org\\\/crpmlm\\\/author\\\/\"}]}<\/script>\n<!-- \/ Yoast SEO plugin. -->","yoast_head_json":{"title":"Si te gusta, si te sirve, difund\u00edlo! - Vamos por la Liberaci\u00f3n","robots":{"index":"index","follow":"follow","max-snippet":"max-snippet:-1","max-image-preview":"max-image-preview:large","max-video-preview":"max-video-preview:-1"},"canonical":"https:\/\/vamosporlaliberacion.org\/crpmlm\/si-te-gusta-si-te-sirve-difundilo\/","twitter_misc":{"Escrito por":"","Tiempo de lectura":"1 minuto"},"schema":{"@context":"https:\/\/schema.org","@graph":[{"@type":"Article","@id":"https:\/\/vamosporlaliberacion.org\/crpmlm\/si-te-gusta-si-te-sirve-difundilo\/#article","isPartOf":{"@id":"https:\/\/vamosporlaliberacion.org\/crpmlm\/si-te-gusta-si-te-sirve-difundilo\/"},"author":{"name":"","@id":""},"headline":"Si te gusta, si te sirve, difund\u00edlo!","datePublished":"2018-03-22T23:48:35+00:00","dateModified":"2018-04-04T14:18:06+00:00","mainEntityOfPage":{"@id":"https:\/\/vamosporlaliberacion.org\/crpmlm\/si-te-gusta-si-te-sirve-difundilo\/"},"wordCount":292,"commentCount":0,"image":{"@id":"https:\/\/vamosporlaliberacion.org\/crpmlm\/si-te-gusta-si-te-sirve-difundilo\/#primaryimage"},"thumbnailUrl":"https:\/\/i0.wp.com\/vamosporlaliberacion.org\/crpmlm\/wp-content\/uploads\/2018\/03\/Invitar.png?fit=800%2C434&ssl=1","keywords":["destacado 2","Prensa","vxl 115"],"articleSection":["Noticias"],"inLanguage":"es","potentialAction":[{"@type":"CommentAction","name":"Comment","target":["https:\/\/vamosporlaliberacion.org\/crpmlm\/si-te-gusta-si-te-sirve-difundilo\/#respond"]}]},{"@type":"WebPage","@id":"https:\/\/vamosporlaliberacion.org\/crpmlm\/si-te-gusta-si-te-sirve-difundilo\/","url":"https:\/\/vamosporlaliberacion.org\/crpmlm\/si-te-gusta-si-te-sirve-difundilo\/","name":"Si te gusta, si te sirve, difund\u00edlo! - Vamos por la Liberaci\u00f3n","isPartOf":{"@id":"https:\/\/vamosporlaliberacion.org\/crpmlm\/#website"},"primaryImageOfPage":{"@id":"https:\/\/vamosporlaliberacion.org\/crpmlm\/si-te-gusta-si-te-sirve-difundilo\/#primaryimage"},"image":{"@id":"https:\/\/vamosporlaliberacion.org\/crpmlm\/si-te-gusta-si-te-sirve-difundilo\/#primaryimage"},"thumbnailUrl":"https:\/\/i0.wp.com\/vamosporlaliberacion.org\/crpmlm\/wp-content\/uploads\/2018\/03\/Invitar.png?fit=800%2C434&ssl=1","datePublished":"2018-03-22T23:48:35+00:00","dateModified":"2018-04-04T14:18:06+00:00","author":{"@id":""},"breadcrumb":{"@id":"https:\/\/vamosporlaliberacion.org\/crpmlm\/si-te-gusta-si-te-sirve-difundilo\/#breadcrumb"},"inLanguage":"es","potentialAction":[{"@type":"ReadAction","target":["https:\/\/vamosporlaliberacion.org\/crpmlm\/si-te-gusta-si-te-sirve-difundilo\/"]}]},{"@type":"ImageObject","inLanguage":"es","@id":"https:\/\/vamosporlaliberacion.org\/crpmlm\/si-te-gusta-si-te-sirve-difundilo\/#primaryimage","url":"https:\/\/i0.wp.com\/vamosporlaliberacion.org\/crpmlm\/wp-content\/uploads\/2018\/03\/Invitar.png?fit=800%2C434&ssl=1","contentUrl":"https:\/\/i0.wp.com\/vamosporlaliberacion.org\/crpmlm\/wp-content\/uploads\/2018\/03\/Invitar.png?fit=800%2C434&ssl=1","width":800,"height":434},{"@type":"BreadcrumbList","@id":"https:\/\/vamosporlaliberacion.org\/crpmlm\/si-te-gusta-si-te-sirve-difundilo\/#breadcrumb","itemListElement":[{"@type":"ListItem","position":1,"name":"Portada","item":"https:\/\/vamosporlaliberacion.org\/crpmlm\/"},{"@type":"ListItem","position":2,"name":"Si te gusta, si te sirve, difund\u00edlo!"}]},{"@type":"WebSite","@id":"https:\/\/vamosporlaliberacion.org\/crpmlm\/#website","url":"https:\/\/vamosporlaliberacion.org\/crpmlm\/","name":"Vamos por la Liberaci\u00f3n","description":"Prensa CR","potentialAction":[{"@type":"SearchAction","target":{"@type":"EntryPoint","urlTemplate":"https:\/\/vamosporlaliberacion.org\/crpmlm\/?s={search_term_string}"},"query-input":{"@type":"PropertyValueSpecification","valueRequired":true,"valueName":"search_term_string"}}],"inLanguage":"es"},{"@type":"Person","@id":"","url":"http:\/\/vamosporlaliberacion.org\/crpmlm\/author\/"}]}},"jetpack_featured_media_url":"https:\/\/i0.wp.com\/vamosporlaliberacion.org\/crpmlm\/wp-content\/uploads\/2018\/03\/Invitar.png?fit=800%2C434&ssl=1","jetpack_sharing_enabled":true,"_links":{"self":[{"href":"http:\/\/vamosporlaliberacion.org\/crpmlm\/wp-json\/wp\/v2\/posts\/11230","targetHints":{"allow":["GET"]}}],"collection":[{"href":"http:\/\/vamosporlaliberacion.org\/crpmlm\/wp-json\/wp\/v2\/posts"}],"about":[{"href":"http:\/\/vamosporlaliberacion.org\/crpmlm\/wp-json\/wp\/v2\/types\/post"}],"author":[{"embeddable":true,"href":"http:\/\/vamosporlaliberacion.org\/crpmlm\/wp-json\/wp\/v2\/users\/5"}],"replies":[{"embeddable":true,"href":"http:\/\/vamosporlaliberacion.org\/crpmlm\/wp-json\/wp\/v2\/comments?post=11230"}],"version-history":[{"count":0,"href":"http:\/\/vamosporlaliberacion.org\/crpmlm\/wp-json\/wp\/v2\/posts\/11230\/revisions"}],"wp:featuredmedia":[{"embeddable":true,"href":"http:\/\/vamosporlaliberacion.org\/crpmlm\/wp-json\/wp\/v2\/media\/11231"}],"wp:attachment":[{"href":"http:\/\/vamosporlaliberacion.org\/crpmlm\/wp-json\/wp\/v2\/media?parent=11230"}],"wp:term":[{"taxonomy":"category","embeddable":true,"href":"http:\/\/vamosporlaliberacion.org\/crpmlm\/wp-json\/wp\/v2\/categories?post=11230"},{"taxonomy":"post_tag","embeddable":true,"href":"http:\/\/vamosporlaliberacion.org\/crpmlm\/wp-json\/wp\/v2\/tags?post=11230"}],"curies":[{"name":"wp","href":"https:\/\/api.w.org\/{rel}","templated":true}]}}