{"id":11166,"date":"2018-02-23T10:53:44","date_gmt":"2018-02-23T13:53:44","guid":{"rendered":"http:\/\/vamosporlaliberacion.org\/crpmlm\/?p=11166"},"modified":"2018-03-09T11:03:22","modified_gmt":"2018-03-09T14:03:22","slug":"campamento-de-estudiantes-por-la-liberacion-2","status":"publish","type":"post","link":"http:\/\/vamosporlaliberacion.org\/crpmlm\/campamento-de-estudiantes-por-la-liberacion-2\/","title":{"rendered":"Campamento de Estudiantes por la Liberaci\u00f3n"},"content":{"rendered":"<p class=\"Parrafo-inicial\"><span class=\"char-style-override-1\">E<\/span>studiantes universitarios, terciarios y secundarios nos encontramos un a\u00f1o m\u00e1s en el campamento regional de Estudiantes x la Liberaci\u00f3n e Insurrectas, realizado en Col\u00f3n, Entre R\u00edos, durante el feriado de Carnaval. La actividad reuni\u00f3 a compa\u00f1eros de distintos lugares para compartir experiencias de lucha contra las pol\u00edticas de ajuste, entrega y represi\u00f3n del gobierno de Macri y as\u00ed fortalecer la organizaci\u00f3n del movimiento estudiantil.<\/p>\n<p class=\"Texto-base\">Impulsamos volver a los lugares con iniciativas como el fondo de lucha para los trabajadores del INTI y el Hospital Posadas y concurrir masivamente a la marcha del 21F junto al movimiento obrero contra los despidos, por aumento salarial y contra la reforma laboral, entre otras cosas. Y tambi\u00e9n irnos preparando para el D\u00eda Internacional de la Mujer Trabajadora del 8M y las luchas educativas por m\u00e1s presupuesto, contra el cierre de los terciarios y las paritarias de los docentes.<\/p>\n<p class=\"Texto-base\">Durante cuatro d\u00edas nos organizamos con grupos mixtos para resolver las tareas del campamento, compartimos comisiones de debate con sketches, torneos mixtos de f\u00fatbol y v\u00f3ley, juegos de estrategia, talleres de yoga, defensa personal y educaci\u00f3n sexual, fog\u00f3n, fiesta y las tardes en el r\u00edo! Volvemos a nuestras facultades, profesorados y escuelas con muchas ganas y propuestas para seguir construyendo protagonismo estudiantil y profundizar la lucha en defensa de la educaci\u00f3n p\u00fablica y gratuita, por la universidad del pueblo liberado!<\/p>\n<p class=\"Autor para-style-override-21\"><strong>Corresponsal<\/strong><\/p>\n<!-- AddThis Advanced Settings generic via filter on the_content --><!-- AddThis Share Buttons generic via filter on the_content -->","protected":false},"excerpt":{"rendered":"<p>Estudiantes universitarios, terciarios y secundarios nos encontramos un a\u00f1o m\u00e1s en el campamento regional de Estudiantes x la Liberaci\u00f3n e Insurrectas, realizado en Col\u00f3n, Entre R\u00edos, durante el feriado de Carnaval. La actividad reuni\u00f3 a compa\u00f1eros de distintos lugares para compartir experiencias de lucha contra las pol\u00edticas de ajuste, entrega y represi\u00f3n del gobierno de [&hellip;]<!-- AddThis Advanced Settings generic via filter on get_the_excerpt --><!-- AddThis Share Buttons generic via filter on get_the_excerpt --><\/p>\n","protected":false},"author":5,"featured_media":11168,"comment_status":"open","ping_status":"open","sticky":false,"template":"","format":"standard","meta":{"_jetpack_memberships_contains_paid_content":false,"footnotes":""},"categories":[1699],"tags":[329,1142],"class_list":{"0":"post-11166","1":"post","2":"type-post","3":"status-publish","4":"format-standard","5":"has-post-thumbnail","7":"category-noticias","8":"tag-estudiantes-por-la-liberacion","9":"tag-vxl-113"},"yoast_head":"<!-- This site is optimized with the Yoast SEO plugin v27.4 - https:\/\/yoast.com\/product\/yoast-seo-wordpress\/ -->\n<title>Campamento de Estudiantes por la Liberaci\u00f3n - Vamos por la Liberaci\u00f3n<\/title>\n<meta name=\"robots\" content=\"index, follow, max-snippet:-1, max-image-preview:large, max-video-preview:-1\" \/>\n<link rel=\"canonical\" href=\"https:\/\/vamosporlaliberacion.org\/crpmlm\/campamento-de-estudiantes-por-la-liberacion-2\/\" \/>\n<meta name=\"twitter:label1\" content=\"Escrito por\" \/>\n\t<meta name=\"twitter:data1\" content=\"\" \/>\n\t<meta name=\"twitter:label2\" content=\"Tiempo de lectura\" \/>\n\t<meta name=\"twitter:data2\" content=\"1 minuto\" \/>\n<script type=\"application\/ld+json\" class=\"yoast-schema-graph\">{\"@context\":\"https:\\\/\\\/schema.org\",\"@graph\":[{\"@type\":\"Article\",\"@id\":\"https:\\\/\\\/vamosporlaliberacion.org\\\/crpmlm\\\/campamento-de-estudiantes-por-la-liberacion-2\\\/#article\",\"isPartOf\":{\"@id\":\"https:\\\/\\\/vamosporlaliberacion.org\\\/crpmlm\\\/campamento-de-estudiantes-por-la-liberacion-2\\\/\"},\"author\":{\"name\":\"\",\"@id\":\"\"},\"headline\":\"Campamento de Estudiantes por la Liberaci\u00f3n\",\"datePublished\":\"2018-02-23T13:53:44+00:00\",\"dateModified\":\"2018-03-09T14:03:22+00:00\",\"mainEntityOfPage\":{\"@id\":\"https:\\\/\\\/vamosporlaliberacion.org\\\/crpmlm\\\/campamento-de-estudiantes-por-la-liberacion-2\\\/\"},\"wordCount\":252,\"commentCount\":0,\"image\":{\"@id\":\"https:\\\/\\\/vamosporlaliberacion.org\\\/crpmlm\\\/campamento-de-estudiantes-por-la-liberacion-2\\\/#primaryimage\"},\"thumbnailUrl\":\"https:\\\/\\\/i0.wp.com\\\/vamosporlaliberacion.org\\\/crpmlm\\\/wp-content\\\/uploads\\\/2018\\\/03\\\/DSCN1110_5b1_5d.jpg?fit=800%2C600&ssl=1\",\"keywords\":[\"Estudiantes por la liberaci\u00f3n\",\"vxl 113\"],\"articleSection\":[\"Noticias\"],\"inLanguage\":\"es\",\"potentialAction\":[{\"@type\":\"CommentAction\",\"name\":\"Comment\",\"target\":[\"https:\\\/\\\/vamosporlaliberacion.org\\\/crpmlm\\\/campamento-de-estudiantes-por-la-liberacion-2\\\/#respond\"]}]},{\"@type\":\"WebPage\",\"@id\":\"https:\\\/\\\/vamosporlaliberacion.org\\\/crpmlm\\\/campamento-de-estudiantes-por-la-liberacion-2\\\/\",\"url\":\"https:\\\/\\\/vamosporlaliberacion.org\\\/crpmlm\\\/campamento-de-estudiantes-por-la-liberacion-2\\\/\",\"name\":\"Campamento de Estudiantes por la Liberaci\u00f3n - Vamos por la Liberaci\u00f3n\",\"isPartOf\":{\"@id\":\"https:\\\/\\\/vamosporlaliberacion.org\\\/crpmlm\\\/#website\"},\"primaryImageOfPage\":{\"@id\":\"https:\\\/\\\/vamosporlaliberacion.org\\\/crpmlm\\\/campamento-de-estudiantes-por-la-liberacion-2\\\/#primaryimage\"},\"image\":{\"@id\":\"https:\\\/\\\/vamosporlaliberacion.org\\\/crpmlm\\\/campamento-de-estudiantes-por-la-liberacion-2\\\/#primaryimage\"},\"thumbnailUrl\":\"https:\\\/\\\/i0.wp.com\\\/vamosporlaliberacion.org\\\/crpmlm\\\/wp-content\\\/uploads\\\/2018\\\/03\\\/DSCN1110_5b1_5d.jpg?fit=800%2C600&ssl=1\",\"datePublished\":\"2018-02-23T13:53:44+00:00\",\"dateModified\":\"2018-03-09T14:03:22+00:00\",\"author\":{\"@id\":\"\"},\"breadcrumb\":{\"@id\":\"https:\\\/\\\/vamosporlaliberacion.org\\\/crpmlm\\\/campamento-de-estudiantes-por-la-liberacion-2\\\/#breadcrumb\"},\"inLanguage\":\"es\",\"potentialAction\":[{\"@type\":\"ReadAction\",\"target\":[\"https:\\\/\\\/vamosporlaliberacion.org\\\/crpmlm\\\/campamento-de-estudiantes-por-la-liberacion-2\\\/\"]}]},{\"@type\":\"ImageObject\",\"inLanguage\":\"es\",\"@id\":\"https:\\\/\\\/vamosporlaliberacion.org\\\/crpmlm\\\/campamento-de-estudiantes-por-la-liberacion-2\\\/#primaryimage\",\"url\":\"https:\\\/\\\/i0.wp.com\\\/vamosporlaliberacion.org\\\/crpmlm\\\/wp-content\\\/uploads\\\/2018\\\/03\\\/DSCN1110_5b1_5d.jpg?fit=800%2C600&ssl=1\",\"contentUrl\":\"https:\\\/\\\/i0.wp.com\\\/vamosporlaliberacion.org\\\/crpmlm\\\/wp-content\\\/uploads\\\/2018\\\/03\\\/DSCN1110_5b1_5d.jpg?fit=800%2C600&ssl=1\",\"width\":800,\"height\":600},{\"@type\":\"BreadcrumbList\",\"@id\":\"https:\\\/\\\/vamosporlaliberacion.org\\\/crpmlm\\\/campamento-de-estudiantes-por-la-liberacion-2\\\/#breadcrumb\",\"itemListElement\":[{\"@type\":\"ListItem\",\"position\":1,\"name\":\"Portada\",\"item\":\"https:\\\/\\\/vamosporlaliberacion.org\\\/crpmlm\\\/\"},{\"@type\":\"ListItem\",\"position\":2,\"name\":\"Campamento de Estudiantes por la Liberaci\u00f3n\"}]},{\"@type\":\"WebSite\",\"@id\":\"https:\\\/\\\/vamosporlaliberacion.org\\\/crpmlm\\\/#website\",\"url\":\"https:\\\/\\\/vamosporlaliberacion.org\\\/crpmlm\\\/\",\"name\":\"Vamos por la Liberaci\u00f3n\",\"description\":\"Prensa CR\",\"potentialAction\":[{\"@type\":\"SearchAction\",\"target\":{\"@type\":\"EntryPoint\",\"urlTemplate\":\"https:\\\/\\\/vamosporlaliberacion.org\\\/crpmlm\\\/?s={search_term_string}\"},\"query-input\":{\"@type\":\"PropertyValueSpecification\",\"valueRequired\":true,\"valueName\":\"search_term_string\"}}],\"inLanguage\":\"es\"},{\"@type\":\"Person\",\"@id\":\"\",\"url\":\"http:\\\/\\\/vamosporlaliberacion.org\\\/crpmlm\\\/author\\\/\"}]}<\/script>\n<!-- \/ Yoast SEO plugin. -->","yoast_head_json":{"title":"Campamento de Estudiantes por la Liberaci\u00f3n - Vamos por la Liberaci\u00f3n","robots":{"index":"index","follow":"follow","max-snippet":"max-snippet:-1","max-image-preview":"max-image-preview:large","max-video-preview":"max-video-preview:-1"},"canonical":"https:\/\/vamosporlaliberacion.org\/crpmlm\/campamento-de-estudiantes-por-la-liberacion-2\/","twitter_misc":{"Escrito por":"","Tiempo de lectura":"1 minuto"},"schema":{"@context":"https:\/\/schema.org","@graph":[{"@type":"Article","@id":"https:\/\/vamosporlaliberacion.org\/crpmlm\/campamento-de-estudiantes-por-la-liberacion-2\/#article","isPartOf":{"@id":"https:\/\/vamosporlaliberacion.org\/crpmlm\/campamento-de-estudiantes-por-la-liberacion-2\/"},"author":{"name":"","@id":""},"headline":"Campamento de Estudiantes por la Liberaci\u00f3n","datePublished":"2018-02-23T13:53:44+00:00","dateModified":"2018-03-09T14:03:22+00:00","mainEntityOfPage":{"@id":"https:\/\/vamosporlaliberacion.org\/crpmlm\/campamento-de-estudiantes-por-la-liberacion-2\/"},"wordCount":252,"commentCount":0,"image":{"@id":"https:\/\/vamosporlaliberacion.org\/crpmlm\/campamento-de-estudiantes-por-la-liberacion-2\/#primaryimage"},"thumbnailUrl":"https:\/\/i0.wp.com\/vamosporlaliberacion.org\/crpmlm\/wp-content\/uploads\/2018\/03\/DSCN1110_5b1_5d.jpg?fit=800%2C600&ssl=1","keywords":["Estudiantes por la liberaci\u00f3n","vxl 113"],"articleSection":["Noticias"],"inLanguage":"es","potentialAction":[{"@type":"CommentAction","name":"Comment","target":["https:\/\/vamosporlaliberacion.org\/crpmlm\/campamento-de-estudiantes-por-la-liberacion-2\/#respond"]}]},{"@type":"WebPage","@id":"https:\/\/vamosporlaliberacion.org\/crpmlm\/campamento-de-estudiantes-por-la-liberacion-2\/","url":"https:\/\/vamosporlaliberacion.org\/crpmlm\/campamento-de-estudiantes-por-la-liberacion-2\/","name":"Campamento de Estudiantes por la Liberaci\u00f3n - Vamos por la Liberaci\u00f3n","isPartOf":{"@id":"https:\/\/vamosporlaliberacion.org\/crpmlm\/#website"},"primaryImageOfPage":{"@id":"https:\/\/vamosporlaliberacion.org\/crpmlm\/campamento-de-estudiantes-por-la-liberacion-2\/#primaryimage"},"image":{"@id":"https:\/\/vamosporlaliberacion.org\/crpmlm\/campamento-de-estudiantes-por-la-liberacion-2\/#primaryimage"},"thumbnailUrl":"https:\/\/i0.wp.com\/vamosporlaliberacion.org\/crpmlm\/wp-content\/uploads\/2018\/03\/DSCN1110_5b1_5d.jpg?fit=800%2C600&ssl=1","datePublished":"2018-02-23T13:53:44+00:00","dateModified":"2018-03-09T14:03:22+00:00","author":{"@id":""},"breadcrumb":{"@id":"https:\/\/vamosporlaliberacion.org\/crpmlm\/campamento-de-estudiantes-por-la-liberacion-2\/#breadcrumb"},"inLanguage":"es","potentialAction":[{"@type":"ReadAction","target":["https:\/\/vamosporlaliberacion.org\/crpmlm\/campamento-de-estudiantes-por-la-liberacion-2\/"]}]},{"@type":"ImageObject","inLanguage":"es","@id":"https:\/\/vamosporlaliberacion.org\/crpmlm\/campamento-de-estudiantes-por-la-liberacion-2\/#primaryimage","url":"https:\/\/i0.wp.com\/vamosporlaliberacion.org\/crpmlm\/wp-content\/uploads\/2018\/03\/DSCN1110_5b1_5d.jpg?fit=800%2C600&ssl=1","contentUrl":"https:\/\/i0.wp.com\/vamosporlaliberacion.org\/crpmlm\/wp-content\/uploads\/2018\/03\/DSCN1110_5b1_5d.jpg?fit=800%2C600&ssl=1","width":800,"height":600},{"@type":"BreadcrumbList","@id":"https:\/\/vamosporlaliberacion.org\/crpmlm\/campamento-de-estudiantes-por-la-liberacion-2\/#breadcrumb","itemListElement":[{"@type":"ListItem","position":1,"name":"Portada","item":"https:\/\/vamosporlaliberacion.org\/crpmlm\/"},{"@type":"ListItem","position":2,"name":"Campamento de Estudiantes por la Liberaci\u00f3n"}]},{"@type":"WebSite","@id":"https:\/\/vamosporlaliberacion.org\/crpmlm\/#website","url":"https:\/\/vamosporlaliberacion.org\/crpmlm\/","name":"Vamos por la Liberaci\u00f3n","description":"Prensa CR","potentialAction":[{"@type":"SearchAction","target":{"@type":"EntryPoint","urlTemplate":"https:\/\/vamosporlaliberacion.org\/crpmlm\/?s={search_term_string}"},"query-input":{"@type":"PropertyValueSpecification","valueRequired":true,"valueName":"search_term_string"}}],"inLanguage":"es"},{"@type":"Person","@id":"","url":"http:\/\/vamosporlaliberacion.org\/crpmlm\/author\/"}]}},"jetpack_featured_media_url":"https:\/\/i0.wp.com\/vamosporlaliberacion.org\/crpmlm\/wp-content\/uploads\/2018\/03\/DSCN1110_5b1_5d.jpg?fit=800%2C600&ssl=1","jetpack_sharing_enabled":true,"_links":{"self":[{"href":"http:\/\/vamosporlaliberacion.org\/crpmlm\/wp-json\/wp\/v2\/posts\/11166","targetHints":{"allow":["GET"]}}],"collection":[{"href":"http:\/\/vamosporlaliberacion.org\/crpmlm\/wp-json\/wp\/v2\/posts"}],"about":[{"href":"http:\/\/vamosporlaliberacion.org\/crpmlm\/wp-json\/wp\/v2\/types\/post"}],"author":[{"embeddable":true,"href":"http:\/\/vamosporlaliberacion.org\/crpmlm\/wp-json\/wp\/v2\/users\/5"}],"replies":[{"embeddable":true,"href":"http:\/\/vamosporlaliberacion.org\/crpmlm\/wp-json\/wp\/v2\/comments?post=11166"}],"version-history":[{"count":0,"href":"http:\/\/vamosporlaliberacion.org\/crpmlm\/wp-json\/wp\/v2\/posts\/11166\/revisions"}],"wp:featuredmedia":[{"embeddable":true,"href":"http:\/\/vamosporlaliberacion.org\/crpmlm\/wp-json\/wp\/v2\/media\/11168"}],"wp:attachment":[{"href":"http:\/\/vamosporlaliberacion.org\/crpmlm\/wp-json\/wp\/v2\/media?parent=11166"}],"wp:term":[{"taxonomy":"category","embeddable":true,"href":"http:\/\/vamosporlaliberacion.org\/crpmlm\/wp-json\/wp\/v2\/categories?post=11166"},{"taxonomy":"post_tag","embeddable":true,"href":"http:\/\/vamosporlaliberacion.org\/crpmlm\/wp-json\/wp\/v2\/tags?post=11166"}],"curies":[{"name":"wp","href":"https:\/\/api.w.org\/{rel}","templated":true}]}}