{"id":11060,"date":"2018-02-22T17:32:09","date_gmt":"2018-02-22T20:32:09","guid":{"rendered":"http:\/\/vamosporlaliberacion.org\/crpmlm\/?p=11060"},"modified":"2018-02-22T17:32:09","modified_gmt":"2018-02-22T20:32:09","slug":"6-anos-el-mismo-grito-justicia-por-las-victimas-de-once","status":"publish","type":"post","link":"http:\/\/vamosporlaliberacion.org\/crpmlm\/6-anos-el-mismo-grito-justicia-por-las-victimas-de-once\/","title":{"rendered":"6 a\u00f1os, el mismo grito: justicia por las v\u00edctimas de Once!"},"content":{"rendered":"<p>\u00abCada d\u00eda que pasa es una d\u00eda m\u00e1s sin justicia, cada d\u00eda sin confirmaci\u00f3n de la sentencia es un d\u00eda m\u00e1s que los condenados pasan sin cumplir su pena\u00bb, dice el documento que leyeron Mar\u00eda Lujan Rey y Pablo Menghini, padres de Lucas Menghini, por la ma\u00f1ana de hoy en la Estaci\u00f3n Once del Sarmiento al cumplirse seis a\u00f1os de la tragedia. Los familiares reclaman que la C\u00e1mara de Casaci\u00f3n confirme las condenas que fij\u00f3 el tribunal en \u00a1diciembre de 2015!<\/p>\n<p>Durante la conmemoraci\u00f3n fueron colgadas 52 estrellitas en la estaci\u00f3n recordando a las v\u00edctimas.<\/p>\n<p>Del acto particip\u00f3 adem\u00e1s Nora Corti\u00f1as, de Madres de Plaza de Mayo L\u00ednea Fundadora, que expres\u00f3 que \u00abLos 30 mil est\u00e1n con nosotros cuando acompa\u00f1amos este dolor de otras madres, otros padres, otras familias. Seguimos sintiendo lo mismo, esa ausencia pero que es presencia cuando nos encontramos todos\u00bb.<\/p>\n<!-- AddThis Advanced Settings generic via filter on the_content --><!-- AddThis Share Buttons generic via filter on the_content -->","protected":false},"excerpt":{"rendered":"<p>\u00abCada d\u00eda que pasa es una d\u00eda m\u00e1s sin justicia, cada d\u00eda sin confirmaci\u00f3n de la sentencia es un d\u00eda m\u00e1s que los condenados pasan sin cumplir su pena\u00bb, dice el documento que leyeron Mar\u00eda Lujan Rey y Pablo Menghini, padres de Lucas Menghini, por la ma\u00f1ana de hoy en la Estaci\u00f3n Once del Sarmiento [&hellip;]<!-- AddThis Advanced Settings generic via filter on get_the_excerpt --><!-- AddThis Share Buttons generic via filter on get_the_excerpt --><\/p>\n","protected":false},"author":5,"featured_media":11061,"comment_status":"open","ping_status":"open","sticky":false,"template":"","format":"standard","meta":{"_jetpack_memberships_contains_paid_content":false,"footnotes":""},"categories":[1699],"tags":[45],"class_list":{"0":"post-11060","1":"post","2":"type-post","3":"status-publish","4":"format-standard","5":"has-post-thumbnail","7":"category-noticias","8":"tag-caba"},"yoast_head":"<!-- This site is optimized with the Yoast SEO plugin v27.4 - https:\/\/yoast.com\/product\/yoast-seo-wordpress\/ -->\n<title>6 a\u00f1os, el mismo grito: justicia por las v\u00edctimas de Once! - Vamos por la Liberaci\u00f3n<\/title>\n<meta name=\"robots\" content=\"index, follow, max-snippet:-1, max-image-preview:large, max-video-preview:-1\" \/>\n<link rel=\"canonical\" href=\"http:\/\/vamosporlaliberacion.org\/crpmlm\/6-anos-el-mismo-grito-justicia-por-las-victimas-de-once\/\" \/>\n<meta name=\"twitter:label1\" content=\"Escrito por\" \/>\n\t<meta name=\"twitter:data1\" content=\"\" \/>\n\t<meta name=\"twitter:label2\" content=\"Tiempo de lectura\" \/>\n\t<meta name=\"twitter:data2\" content=\"1 minuto\" \/>\n<script type=\"application\/ld+json\" class=\"yoast-schema-graph\">{\"@context\":\"https:\\\/\\\/schema.org\",\"@graph\":[{\"@type\":\"Article\",\"@id\":\"http:\\\/\\\/vamosporlaliberacion.org\\\/crpmlm\\\/6-anos-el-mismo-grito-justicia-por-las-victimas-de-once\\\/#article\",\"isPartOf\":{\"@id\":\"http:\\\/\\\/vamosporlaliberacion.org\\\/crpmlm\\\/6-anos-el-mismo-grito-justicia-por-las-victimas-de-once\\\/\"},\"author\":{\"name\":\"\",\"@id\":\"\"},\"headline\":\"6 a\u00f1os, el mismo grito: justicia por las v\u00edctimas de Once!\",\"datePublished\":\"2018-02-22T20:32:09+00:00\",\"mainEntityOfPage\":{\"@id\":\"http:\\\/\\\/vamosporlaliberacion.org\\\/crpmlm\\\/6-anos-el-mismo-grito-justicia-por-las-victimas-de-once\\\/\"},\"wordCount\":173,\"commentCount\":0,\"image\":{\"@id\":\"http:\\\/\\\/vamosporlaliberacion.org\\\/crpmlm\\\/6-anos-el-mismo-grito-justicia-por-las-victimas-de-once\\\/#primaryimage\"},\"thumbnailUrl\":\"https:\\\/\\\/i0.wp.com\\\/vamosporlaliberacion.org\\\/crpmlm\\\/wp-content\\\/uploads\\\/2018\\\/02\\\/a-seis-anos-de-la-tragedia-de-once-06.jpg?fit=728%2C500&ssl=1\",\"keywords\":[\"CABA\"],\"articleSection\":[\"Noticias\"],\"inLanguage\":\"es\",\"potentialAction\":[{\"@type\":\"CommentAction\",\"name\":\"Comment\",\"target\":[\"http:\\\/\\\/vamosporlaliberacion.org\\\/crpmlm\\\/6-anos-el-mismo-grito-justicia-por-las-victimas-de-once\\\/#respond\"]}]},{\"@type\":\"WebPage\",\"@id\":\"http:\\\/\\\/vamosporlaliberacion.org\\\/crpmlm\\\/6-anos-el-mismo-grito-justicia-por-las-victimas-de-once\\\/\",\"url\":\"http:\\\/\\\/vamosporlaliberacion.org\\\/crpmlm\\\/6-anos-el-mismo-grito-justicia-por-las-victimas-de-once\\\/\",\"name\":\"6 a\u00f1os, el mismo grito: justicia por las v\u00edctimas de Once! - Vamos por la Liberaci\u00f3n\",\"isPartOf\":{\"@id\":\"https:\\\/\\\/vamosporlaliberacion.org\\\/crpmlm\\\/#website\"},\"primaryImageOfPage\":{\"@id\":\"http:\\\/\\\/vamosporlaliberacion.org\\\/crpmlm\\\/6-anos-el-mismo-grito-justicia-por-las-victimas-de-once\\\/#primaryimage\"},\"image\":{\"@id\":\"http:\\\/\\\/vamosporlaliberacion.org\\\/crpmlm\\\/6-anos-el-mismo-grito-justicia-por-las-victimas-de-once\\\/#primaryimage\"},\"thumbnailUrl\":\"https:\\\/\\\/i0.wp.com\\\/vamosporlaliberacion.org\\\/crpmlm\\\/wp-content\\\/uploads\\\/2018\\\/02\\\/a-seis-anos-de-la-tragedia-de-once-06.jpg?fit=728%2C500&ssl=1\",\"datePublished\":\"2018-02-22T20:32:09+00:00\",\"author\":{\"@id\":\"\"},\"breadcrumb\":{\"@id\":\"http:\\\/\\\/vamosporlaliberacion.org\\\/crpmlm\\\/6-anos-el-mismo-grito-justicia-por-las-victimas-de-once\\\/#breadcrumb\"},\"inLanguage\":\"es\",\"potentialAction\":[{\"@type\":\"ReadAction\",\"target\":[\"http:\\\/\\\/vamosporlaliberacion.org\\\/crpmlm\\\/6-anos-el-mismo-grito-justicia-por-las-victimas-de-once\\\/\"]}]},{\"@type\":\"ImageObject\",\"inLanguage\":\"es\",\"@id\":\"http:\\\/\\\/vamosporlaliberacion.org\\\/crpmlm\\\/6-anos-el-mismo-grito-justicia-por-las-victimas-de-once\\\/#primaryimage\",\"url\":\"https:\\\/\\\/i0.wp.com\\\/vamosporlaliberacion.org\\\/crpmlm\\\/wp-content\\\/uploads\\\/2018\\\/02\\\/a-seis-anos-de-la-tragedia-de-once-06.jpg?fit=728%2C500&ssl=1\",\"contentUrl\":\"https:\\\/\\\/i0.wp.com\\\/vamosporlaliberacion.org\\\/crpmlm\\\/wp-content\\\/uploads\\\/2018\\\/02\\\/a-seis-anos-de-la-tragedia-de-once-06.jpg?fit=728%2C500&ssl=1\",\"width\":728,\"height\":500},{\"@type\":\"BreadcrumbList\",\"@id\":\"http:\\\/\\\/vamosporlaliberacion.org\\\/crpmlm\\\/6-anos-el-mismo-grito-justicia-por-las-victimas-de-once\\\/#breadcrumb\",\"itemListElement\":[{\"@type\":\"ListItem\",\"position\":1,\"name\":\"Portada\",\"item\":\"https:\\\/\\\/vamosporlaliberacion.org\\\/crpmlm\\\/\"},{\"@type\":\"ListItem\",\"position\":2,\"name\":\"6 a\u00f1os, el mismo grito: justicia por las v\u00edctimas de Once!\"}]},{\"@type\":\"WebSite\",\"@id\":\"https:\\\/\\\/vamosporlaliberacion.org\\\/crpmlm\\\/#website\",\"url\":\"https:\\\/\\\/vamosporlaliberacion.org\\\/crpmlm\\\/\",\"name\":\"Vamos por la Liberaci\u00f3n\",\"description\":\"Prensa CR\",\"potentialAction\":[{\"@type\":\"SearchAction\",\"target\":{\"@type\":\"EntryPoint\",\"urlTemplate\":\"https:\\\/\\\/vamosporlaliberacion.org\\\/crpmlm\\\/?s={search_term_string}\"},\"query-input\":{\"@type\":\"PropertyValueSpecification\",\"valueRequired\":true,\"valueName\":\"search_term_string\"}}],\"inLanguage\":\"es\"},{\"@type\":\"Person\",\"@id\":\"\",\"url\":\"http:\\\/\\\/vamosporlaliberacion.org\\\/crpmlm\\\/author\\\/\"}]}<\/script>\n<!-- \/ Yoast SEO plugin. -->","yoast_head_json":{"title":"6 a\u00f1os, el mismo grito: justicia por las v\u00edctimas de Once! - Vamos por la Liberaci\u00f3n","robots":{"index":"index","follow":"follow","max-snippet":"max-snippet:-1","max-image-preview":"max-image-preview:large","max-video-preview":"max-video-preview:-1"},"canonical":"http:\/\/vamosporlaliberacion.org\/crpmlm\/6-anos-el-mismo-grito-justicia-por-las-victimas-de-once\/","twitter_misc":{"Escrito por":"","Tiempo de lectura":"1 minuto"},"schema":{"@context":"https:\/\/schema.org","@graph":[{"@type":"Article","@id":"http:\/\/vamosporlaliberacion.org\/crpmlm\/6-anos-el-mismo-grito-justicia-por-las-victimas-de-once\/#article","isPartOf":{"@id":"http:\/\/vamosporlaliberacion.org\/crpmlm\/6-anos-el-mismo-grito-justicia-por-las-victimas-de-once\/"},"author":{"name":"","@id":""},"headline":"6 a\u00f1os, el mismo grito: justicia por las v\u00edctimas de Once!","datePublished":"2018-02-22T20:32:09+00:00","mainEntityOfPage":{"@id":"http:\/\/vamosporlaliberacion.org\/crpmlm\/6-anos-el-mismo-grito-justicia-por-las-victimas-de-once\/"},"wordCount":173,"commentCount":0,"image":{"@id":"http:\/\/vamosporlaliberacion.org\/crpmlm\/6-anos-el-mismo-grito-justicia-por-las-victimas-de-once\/#primaryimage"},"thumbnailUrl":"https:\/\/i0.wp.com\/vamosporlaliberacion.org\/crpmlm\/wp-content\/uploads\/2018\/02\/a-seis-anos-de-la-tragedia-de-once-06.jpg?fit=728%2C500&ssl=1","keywords":["CABA"],"articleSection":["Noticias"],"inLanguage":"es","potentialAction":[{"@type":"CommentAction","name":"Comment","target":["http:\/\/vamosporlaliberacion.org\/crpmlm\/6-anos-el-mismo-grito-justicia-por-las-victimas-de-once\/#respond"]}]},{"@type":"WebPage","@id":"http:\/\/vamosporlaliberacion.org\/crpmlm\/6-anos-el-mismo-grito-justicia-por-las-victimas-de-once\/","url":"http:\/\/vamosporlaliberacion.org\/crpmlm\/6-anos-el-mismo-grito-justicia-por-las-victimas-de-once\/","name":"6 a\u00f1os, el mismo grito: justicia por las v\u00edctimas de Once! - Vamos por la Liberaci\u00f3n","isPartOf":{"@id":"https:\/\/vamosporlaliberacion.org\/crpmlm\/#website"},"primaryImageOfPage":{"@id":"http:\/\/vamosporlaliberacion.org\/crpmlm\/6-anos-el-mismo-grito-justicia-por-las-victimas-de-once\/#primaryimage"},"image":{"@id":"http:\/\/vamosporlaliberacion.org\/crpmlm\/6-anos-el-mismo-grito-justicia-por-las-victimas-de-once\/#primaryimage"},"thumbnailUrl":"https:\/\/i0.wp.com\/vamosporlaliberacion.org\/crpmlm\/wp-content\/uploads\/2018\/02\/a-seis-anos-de-la-tragedia-de-once-06.jpg?fit=728%2C500&ssl=1","datePublished":"2018-02-22T20:32:09+00:00","author":{"@id":""},"breadcrumb":{"@id":"http:\/\/vamosporlaliberacion.org\/crpmlm\/6-anos-el-mismo-grito-justicia-por-las-victimas-de-once\/#breadcrumb"},"inLanguage":"es","potentialAction":[{"@type":"ReadAction","target":["http:\/\/vamosporlaliberacion.org\/crpmlm\/6-anos-el-mismo-grito-justicia-por-las-victimas-de-once\/"]}]},{"@type":"ImageObject","inLanguage":"es","@id":"http:\/\/vamosporlaliberacion.org\/crpmlm\/6-anos-el-mismo-grito-justicia-por-las-victimas-de-once\/#primaryimage","url":"https:\/\/i0.wp.com\/vamosporlaliberacion.org\/crpmlm\/wp-content\/uploads\/2018\/02\/a-seis-anos-de-la-tragedia-de-once-06.jpg?fit=728%2C500&ssl=1","contentUrl":"https:\/\/i0.wp.com\/vamosporlaliberacion.org\/crpmlm\/wp-content\/uploads\/2018\/02\/a-seis-anos-de-la-tragedia-de-once-06.jpg?fit=728%2C500&ssl=1","width":728,"height":500},{"@type":"BreadcrumbList","@id":"http:\/\/vamosporlaliberacion.org\/crpmlm\/6-anos-el-mismo-grito-justicia-por-las-victimas-de-once\/#breadcrumb","itemListElement":[{"@type":"ListItem","position":1,"name":"Portada","item":"https:\/\/vamosporlaliberacion.org\/crpmlm\/"},{"@type":"ListItem","position":2,"name":"6 a\u00f1os, el mismo grito: justicia por las v\u00edctimas de Once!"}]},{"@type":"WebSite","@id":"https:\/\/vamosporlaliberacion.org\/crpmlm\/#website","url":"https:\/\/vamosporlaliberacion.org\/crpmlm\/","name":"Vamos por la Liberaci\u00f3n","description":"Prensa CR","potentialAction":[{"@type":"SearchAction","target":{"@type":"EntryPoint","urlTemplate":"https:\/\/vamosporlaliberacion.org\/crpmlm\/?s={search_term_string}"},"query-input":{"@type":"PropertyValueSpecification","valueRequired":true,"valueName":"search_term_string"}}],"inLanguage":"es"},{"@type":"Person","@id":"","url":"http:\/\/vamosporlaliberacion.org\/crpmlm\/author\/"}]}},"jetpack_featured_media_url":"https:\/\/i0.wp.com\/vamosporlaliberacion.org\/crpmlm\/wp-content\/uploads\/2018\/02\/a-seis-anos-de-la-tragedia-de-once-06.jpg?fit=728%2C500&ssl=1","jetpack_sharing_enabled":true,"_links":{"self":[{"href":"http:\/\/vamosporlaliberacion.org\/crpmlm\/wp-json\/wp\/v2\/posts\/11060","targetHints":{"allow":["GET"]}}],"collection":[{"href":"http:\/\/vamosporlaliberacion.org\/crpmlm\/wp-json\/wp\/v2\/posts"}],"about":[{"href":"http:\/\/vamosporlaliberacion.org\/crpmlm\/wp-json\/wp\/v2\/types\/post"}],"author":[{"embeddable":true,"href":"http:\/\/vamosporlaliberacion.org\/crpmlm\/wp-json\/wp\/v2\/users\/5"}],"replies":[{"embeddable":true,"href":"http:\/\/vamosporlaliberacion.org\/crpmlm\/wp-json\/wp\/v2\/comments?post=11060"}],"version-history":[{"count":0,"href":"http:\/\/vamosporlaliberacion.org\/crpmlm\/wp-json\/wp\/v2\/posts\/11060\/revisions"}],"wp:featuredmedia":[{"embeddable":true,"href":"http:\/\/vamosporlaliberacion.org\/crpmlm\/wp-json\/wp\/v2\/media\/11061"}],"wp:attachment":[{"href":"http:\/\/vamosporlaliberacion.org\/crpmlm\/wp-json\/wp\/v2\/media?parent=11060"}],"wp:term":[{"taxonomy":"category","embeddable":true,"href":"http:\/\/vamosporlaliberacion.org\/crpmlm\/wp-json\/wp\/v2\/categories?post=11060"},{"taxonomy":"post_tag","embeddable":true,"href":"http:\/\/vamosporlaliberacion.org\/crpmlm\/wp-json\/wp\/v2\/tags?post=11060"}],"curies":[{"name":"wp","href":"https:\/\/api.w.org\/{rel}","templated":true}]}}