{"id":10870,"date":"2018-01-08T17:06:13","date_gmt":"2018-01-08T20:06:13","guid":{"rendered":"http:\/\/vamosporlaliberacion.org\/crpmlm\/?p=10870"},"modified":"2018-02-07T15:45:45","modified_gmt":"2018-02-07T18:45:45","slug":"cual-violencia","status":"publish","type":"post","link":"http:\/\/vamosporlaliberacion.org\/crpmlm\/cual-violencia\/","title":{"rendered":"\u00bfCu\u00e1l violencia?"},"content":{"rendered":"<p>Despu\u00e9s de aprobarse el robo a los jubilados, el presidente Macri inici\u00f3 su conferencia de prensa expresando su congoja por los hechos de las jornadas previas a la sanci\u00f3n en el Congreso y repudiando \u201cla violencia\u201d. Intentaba as\u00ed poner el eje del debate en las formas de la protesta y no en el contenido de la ley canalla que acababa de aprobarse. Es evidente que el discurso estuvo planificado desde antes; como as\u00ed tambi\u00e9n el escenario de confrontaci\u00f3n callejera.<\/p>\n<p>Obviamente hubo infiltrados. Uno de ellos qued\u00f3 noqueado en el piso por un obrero y luego \u2013en una ef\u00edmera tregua\u2013 fue entregado a la polic\u00eda, que lo atendi\u00f3 inmediatamente. Pero los \u201chechos de violencia\u201d no se explican s\u00f3lo porque el gobierno los haya buscado. Toda confrontaci\u00f3n tiene dos polos. En esta ocasi\u00f3n, del otro lado estaba la bronca popular contra el ajuste perverso. Es cierto que las piedras proven\u00edan de una parte de la movilizaci\u00f3n. Pero \u201cno tan peque\u00f1a\u201d \u2013como acotar\u00eda incluso un analista pol\u00edtico en TN al d\u00eda siguiente\u2013. Y adem\u00e1s el conjunto de la movilizaci\u00f3n se mantuvo firme acompa\u00f1ando mientras escuchaba, a metros, los incesantes balazos de goma y pod\u00eda ver, m\u00e1s cerca o m\u00e1s lejos, c\u00f3mo volaban las piedras.<\/p>\n<p>El enfrentamiento tampoco fue improvisado de parte de quienes nos movilizamos ese d\u00eda. As\u00ed como el gobierno se prepar\u00f3 desde sus objetivos, pr\u00e1cticamente todas las organizaciones nos preparamos para la previsible trifulca. D\u00edas previos circularon masivamente por las redes sociales mensajes con instrucciones frente a los gases lacrim\u00f3genos y balas de goma. En diversos grupos abundaron opiniones y debates sobre si era m\u00e1s efectivo el lim\u00f3n o el bicarbonato. Y ese lunes pudimos ver hasta abuelos con su pa\u00f1uelo y antiparras. Todos los que nos concentramos all\u00ed fuimos con el objetivo de permanecer en la plaza todo lo que se pueda. A nadie pudo sorprender que la sesi\u00f3n haya sido acompa\u00f1ada por nuevos enfrentamientos entre la polic\u00eda y manifestantes, que fueron la continuaci\u00f3n de los choques del jueves previo.<\/p>\n<p>Ya desatada la bataola, se despleg\u00f3 por parte de varias organizaciones el dispositivo ya conocido: una parte rompiendo baldosas y otra parte tirando los pedazos de baldosas. Hubo tambi\u00e9n algunas bombas de pintura contra los hidrantes. Salvando las distancias, son todas ma\u00f1as que el pueblo hab\u00eda protagonizado masivamente 16 a\u00f1os atr\u00e1s, el 20 de diciembre. Y luego \u00a1siguieron los cacerolazos!<\/p>\n<p>El gobierno pudo mostrarse satisfecho por haber logrado aprobar el ajuste previsional. Pero no todo sali\u00f3 seg\u00fan sus planes.<\/p>\n<p><strong>El mensaje del pueblo<\/strong><\/p>\n<p>Hay un hecho que Macri omiti\u00f3 deliberadamente en su conferencia: los masivos cacerolazos del d\u00eda anterior. Es que los innumerables ruidosos puntos de encuentros volvieron a expresar que lo que indigna verdaderamente a la mayor\u00eda del pueblo es el robo a los jubilados. En los cacerolazos se mezclaron desde ni\u00f1os a abuelos, y muchos \u201cviolentos\u201d que hab\u00edan estado tirando piedras a la polic\u00eda esa misma tarde. As\u00ed, de distintas formas se repudi\u00f3 la violencia del Estado porque condena a la pobreza a los jubilados. El gobierno no hab\u00eda logrado imponer su eje propagand\u00edstico.<\/p>\n<p>Por esto mismo, el presidente s\u00ed dedic\u00f3 tiempo a criticar a una diputada que hab\u00eda citado a Nelson Mandela. Bordeando el rid\u00edculo, Macri termin\u00f3 criticando a \u201cla etapa inicial\u201d de Mandela. Todo para esquivar el repudio o mensaje que de distintas formas hab\u00eda expresado el pueblo. \u00bfQu\u00e9 hab\u00eda dicho el Mandela \u201cinicial\u201d? Que \u201cun gobierno que emplea la fuerza para imponer su dominio ense\u00f1a a los oprimidos a usar la fuerza para defenderse\u201d. De hecho, la represi\u00f3n del mi\u00e9rcoles 13 y jueves 14 m\u00e1s que amedrentar al pueblo termin\u00f3 por convencerlo de que hab\u00eda que prepararse a resistir los gases y balas de goma.<\/p>\n<p>La otra ridiculez oficial fue plantear que la movilizaci\u00f3n pretend\u00eda romper el cerco policial para entrar al Congreso y bloquear la sesi\u00f3n. Pero en verdad el significado de aquel lunes 18 fue m\u00e1s simple: que el pueblo no va a aceptar mansamente que lo estafen. Por eso insistieron luego desde los medios oficiales (y hasta C5N) que \u201cel pueblo no delibera ni resuelve sino a trav\u00e9s de sus representantes\u201d\u2026 Es que, precisamente, ning\u00fan \u201crepresentante\u201d hab\u00eda dicho en la campa\u00f1a de unos d\u00edas previos que iban a recortarles el sueldo a los jubilados. Y entonces volvi\u00f3 a escucharse por momentos el tan temido \u201c\u00a1que se vayan todos!\u201d.<\/p>\n<p>El gobierno se hab\u00eda ensoberbecido con su triunfo en las elecciones. Se apresur\u00f3 a aprobar las reformas previsional, fiscal y laboral. De paso quiso validar su descomunal operativo represivo comandado por la ministra Bullrich el jueves 14. Pero su propia torpeza lo oblig\u00f3 a postergar la sesi\u00f3n e intent\u00f3 victimizar a las fuerzas represivas. Al fin de cuentas logr\u00f3 dificultosamente aprobar el ajuste previsional y fiscal, posterg\u00f3 la reforma laboral y no logr\u00f3 legitimar la violencia represiva del Estado. Y las perspectivas son que el pueblo va a seguir desafiando no s\u00f3lo el ajuste antipopular sino tambi\u00e9n la represi\u00f3n con que el gobierno pretende imponerlo.<\/p>\n<!-- AddThis Advanced Settings generic via filter on the_content --><!-- AddThis Share Buttons generic via filter on the_content -->","protected":false},"excerpt":{"rendered":"<p>Despu\u00e9s de aprobarse el robo a los jubilados, el presidente Macri inici\u00f3 su conferencia de prensa expresando su congoja por los hechos de las jornadas previas a la sanci\u00f3n en el Congreso y repudiando \u201cla violencia\u201d. Intentaba as\u00ed poner el eje del debate en las formas de la protesta y no en el contenido de [&hellip;]<!-- AddThis Advanced Settings generic via filter on get_the_excerpt --><!-- AddThis Share Buttons generic via filter on get_the_excerpt --><\/p>\n","protected":false},"author":5,"featured_media":10871,"comment_status":"open","ping_status":"open","sticky":false,"template":"","format":"standard","meta":{"_jetpack_memberships_contains_paid_content":false,"footnotes":""},"categories":[1699],"tags":[1126,537,1121,216,1136],"class_list":{"0":"post-10870","1":"post","2":"type-post","3":"status-publish","4":"format-standard","5":"has-post-thumbnail","7":"category-noticias","8":"tag-desacado-2","9":"tag-libertades-democraticas","10":"tag-reforma-jubilatoria","11":"tag-represion","12":"tag-vxl-112"},"yoast_head":"<!-- This site is optimized with the Yoast SEO plugin v27.4 - https:\/\/yoast.com\/product\/yoast-seo-wordpress\/ -->\n<title>\u00bfCu\u00e1l violencia? - Vamos por la Liberaci\u00f3n<\/title>\n<meta name=\"robots\" content=\"index, follow, max-snippet:-1, max-image-preview:large, max-video-preview:-1\" \/>\n<link rel=\"canonical\" href=\"https:\/\/vamosporlaliberacion.org\/crpmlm\/cual-violencia\/\" \/>\n<meta name=\"twitter:label1\" content=\"Escrito por\" \/>\n\t<meta name=\"twitter:data1\" content=\"\" \/>\n\t<meta name=\"twitter:label2\" content=\"Tiempo de lectura\" \/>\n\t<meta name=\"twitter:data2\" content=\"4 minutos\" \/>\n<script type=\"application\/ld+json\" class=\"yoast-schema-graph\">{\"@context\":\"https:\\\/\\\/schema.org\",\"@graph\":[{\"@type\":\"Article\",\"@id\":\"https:\\\/\\\/vamosporlaliberacion.org\\\/crpmlm\\\/cual-violencia\\\/#article\",\"isPartOf\":{\"@id\":\"https:\\\/\\\/vamosporlaliberacion.org\\\/crpmlm\\\/cual-violencia\\\/\"},\"author\":{\"name\":\"\",\"@id\":\"\"},\"headline\":\"\u00bfCu\u00e1l violencia?\",\"datePublished\":\"2018-01-08T20:06:13+00:00\",\"dateModified\":\"2018-02-07T18:45:45+00:00\",\"mainEntityOfPage\":{\"@id\":\"https:\\\/\\\/vamosporlaliberacion.org\\\/crpmlm\\\/cual-violencia\\\/\"},\"wordCount\":888,\"commentCount\":0,\"image\":{\"@id\":\"https:\\\/\\\/vamosporlaliberacion.org\\\/crpmlm\\\/cual-violencia\\\/#primaryimage\"},\"thumbnailUrl\":\"https:\\\/\\\/i0.wp.com\\\/vamosporlaliberacion.org\\\/crpmlm\\\/wp-content\\\/uploads\\\/2018\\\/01\\\/arton92509.jpg?fit=800%2C450&ssl=1\",\"keywords\":[\"desacado 2\",\"Libertades democr\u00e1ticas\",\"reforma jubilatoria\",\"Represi\u00f3n\",\"vxl 112\"],\"articleSection\":[\"Noticias\"],\"inLanguage\":\"es\",\"potentialAction\":[{\"@type\":\"CommentAction\",\"name\":\"Comment\",\"target\":[\"https:\\\/\\\/vamosporlaliberacion.org\\\/crpmlm\\\/cual-violencia\\\/#respond\"]}]},{\"@type\":\"WebPage\",\"@id\":\"https:\\\/\\\/vamosporlaliberacion.org\\\/crpmlm\\\/cual-violencia\\\/\",\"url\":\"https:\\\/\\\/vamosporlaliberacion.org\\\/crpmlm\\\/cual-violencia\\\/\",\"name\":\"\u00bfCu\u00e1l violencia? - Vamos por la Liberaci\u00f3n\",\"isPartOf\":{\"@id\":\"https:\\\/\\\/vamosporlaliberacion.org\\\/crpmlm\\\/#website\"},\"primaryImageOfPage\":{\"@id\":\"https:\\\/\\\/vamosporlaliberacion.org\\\/crpmlm\\\/cual-violencia\\\/#primaryimage\"},\"image\":{\"@id\":\"https:\\\/\\\/vamosporlaliberacion.org\\\/crpmlm\\\/cual-violencia\\\/#primaryimage\"},\"thumbnailUrl\":\"https:\\\/\\\/i0.wp.com\\\/vamosporlaliberacion.org\\\/crpmlm\\\/wp-content\\\/uploads\\\/2018\\\/01\\\/arton92509.jpg?fit=800%2C450&ssl=1\",\"datePublished\":\"2018-01-08T20:06:13+00:00\",\"dateModified\":\"2018-02-07T18:45:45+00:00\",\"author\":{\"@id\":\"\"},\"breadcrumb\":{\"@id\":\"https:\\\/\\\/vamosporlaliberacion.org\\\/crpmlm\\\/cual-violencia\\\/#breadcrumb\"},\"inLanguage\":\"es\",\"potentialAction\":[{\"@type\":\"ReadAction\",\"target\":[\"https:\\\/\\\/vamosporlaliberacion.org\\\/crpmlm\\\/cual-violencia\\\/\"]}]},{\"@type\":\"ImageObject\",\"inLanguage\":\"es\",\"@id\":\"https:\\\/\\\/vamosporlaliberacion.org\\\/crpmlm\\\/cual-violencia\\\/#primaryimage\",\"url\":\"https:\\\/\\\/i0.wp.com\\\/vamosporlaliberacion.org\\\/crpmlm\\\/wp-content\\\/uploads\\\/2018\\\/01\\\/arton92509.jpg?fit=800%2C450&ssl=1\",\"contentUrl\":\"https:\\\/\\\/i0.wp.com\\\/vamosporlaliberacion.org\\\/crpmlm\\\/wp-content\\\/uploads\\\/2018\\\/01\\\/arton92509.jpg?fit=800%2C450&ssl=1\",\"width\":800,\"height\":450},{\"@type\":\"BreadcrumbList\",\"@id\":\"https:\\\/\\\/vamosporlaliberacion.org\\\/crpmlm\\\/cual-violencia\\\/#breadcrumb\",\"itemListElement\":[{\"@type\":\"ListItem\",\"position\":1,\"name\":\"Portada\",\"item\":\"https:\\\/\\\/vamosporlaliberacion.org\\\/crpmlm\\\/\"},{\"@type\":\"ListItem\",\"position\":2,\"name\":\"\u00bfCu\u00e1l violencia?\"}]},{\"@type\":\"WebSite\",\"@id\":\"https:\\\/\\\/vamosporlaliberacion.org\\\/crpmlm\\\/#website\",\"url\":\"https:\\\/\\\/vamosporlaliberacion.org\\\/crpmlm\\\/\",\"name\":\"Vamos por la Liberaci\u00f3n\",\"description\":\"Prensa CR\",\"potentialAction\":[{\"@type\":\"SearchAction\",\"target\":{\"@type\":\"EntryPoint\",\"urlTemplate\":\"https:\\\/\\\/vamosporlaliberacion.org\\\/crpmlm\\\/?s={search_term_string}\"},\"query-input\":{\"@type\":\"PropertyValueSpecification\",\"valueRequired\":true,\"valueName\":\"search_term_string\"}}],\"inLanguage\":\"es\"},{\"@type\":\"Person\",\"@id\":\"\",\"url\":\"http:\\\/\\\/vamosporlaliberacion.org\\\/crpmlm\\\/author\\\/\"}]}<\/script>\n<!-- \/ Yoast SEO plugin. -->","yoast_head_json":{"title":"\u00bfCu\u00e1l violencia? - Vamos por la Liberaci\u00f3n","robots":{"index":"index","follow":"follow","max-snippet":"max-snippet:-1","max-image-preview":"max-image-preview:large","max-video-preview":"max-video-preview:-1"},"canonical":"https:\/\/vamosporlaliberacion.org\/crpmlm\/cual-violencia\/","twitter_misc":{"Escrito por":"","Tiempo de lectura":"4 minutos"},"schema":{"@context":"https:\/\/schema.org","@graph":[{"@type":"Article","@id":"https:\/\/vamosporlaliberacion.org\/crpmlm\/cual-violencia\/#article","isPartOf":{"@id":"https:\/\/vamosporlaliberacion.org\/crpmlm\/cual-violencia\/"},"author":{"name":"","@id":""},"headline":"\u00bfCu\u00e1l violencia?","datePublished":"2018-01-08T20:06:13+00:00","dateModified":"2018-02-07T18:45:45+00:00","mainEntityOfPage":{"@id":"https:\/\/vamosporlaliberacion.org\/crpmlm\/cual-violencia\/"},"wordCount":888,"commentCount":0,"image":{"@id":"https:\/\/vamosporlaliberacion.org\/crpmlm\/cual-violencia\/#primaryimage"},"thumbnailUrl":"https:\/\/i0.wp.com\/vamosporlaliberacion.org\/crpmlm\/wp-content\/uploads\/2018\/01\/arton92509.jpg?fit=800%2C450&ssl=1","keywords":["desacado 2","Libertades democr\u00e1ticas","reforma jubilatoria","Represi\u00f3n","vxl 112"],"articleSection":["Noticias"],"inLanguage":"es","potentialAction":[{"@type":"CommentAction","name":"Comment","target":["https:\/\/vamosporlaliberacion.org\/crpmlm\/cual-violencia\/#respond"]}]},{"@type":"WebPage","@id":"https:\/\/vamosporlaliberacion.org\/crpmlm\/cual-violencia\/","url":"https:\/\/vamosporlaliberacion.org\/crpmlm\/cual-violencia\/","name":"\u00bfCu\u00e1l violencia? - Vamos por la Liberaci\u00f3n","isPartOf":{"@id":"https:\/\/vamosporlaliberacion.org\/crpmlm\/#website"},"primaryImageOfPage":{"@id":"https:\/\/vamosporlaliberacion.org\/crpmlm\/cual-violencia\/#primaryimage"},"image":{"@id":"https:\/\/vamosporlaliberacion.org\/crpmlm\/cual-violencia\/#primaryimage"},"thumbnailUrl":"https:\/\/i0.wp.com\/vamosporlaliberacion.org\/crpmlm\/wp-content\/uploads\/2018\/01\/arton92509.jpg?fit=800%2C450&ssl=1","datePublished":"2018-01-08T20:06:13+00:00","dateModified":"2018-02-07T18:45:45+00:00","author":{"@id":""},"breadcrumb":{"@id":"https:\/\/vamosporlaliberacion.org\/crpmlm\/cual-violencia\/#breadcrumb"},"inLanguage":"es","potentialAction":[{"@type":"ReadAction","target":["https:\/\/vamosporlaliberacion.org\/crpmlm\/cual-violencia\/"]}]},{"@type":"ImageObject","inLanguage":"es","@id":"https:\/\/vamosporlaliberacion.org\/crpmlm\/cual-violencia\/#primaryimage","url":"https:\/\/i0.wp.com\/vamosporlaliberacion.org\/crpmlm\/wp-content\/uploads\/2018\/01\/arton92509.jpg?fit=800%2C450&ssl=1","contentUrl":"https:\/\/i0.wp.com\/vamosporlaliberacion.org\/crpmlm\/wp-content\/uploads\/2018\/01\/arton92509.jpg?fit=800%2C450&ssl=1","width":800,"height":450},{"@type":"BreadcrumbList","@id":"https:\/\/vamosporlaliberacion.org\/crpmlm\/cual-violencia\/#breadcrumb","itemListElement":[{"@type":"ListItem","position":1,"name":"Portada","item":"https:\/\/vamosporlaliberacion.org\/crpmlm\/"},{"@type":"ListItem","position":2,"name":"\u00bfCu\u00e1l violencia?"}]},{"@type":"WebSite","@id":"https:\/\/vamosporlaliberacion.org\/crpmlm\/#website","url":"https:\/\/vamosporlaliberacion.org\/crpmlm\/","name":"Vamos por la Liberaci\u00f3n","description":"Prensa CR","potentialAction":[{"@type":"SearchAction","target":{"@type":"EntryPoint","urlTemplate":"https:\/\/vamosporlaliberacion.org\/crpmlm\/?s={search_term_string}"},"query-input":{"@type":"PropertyValueSpecification","valueRequired":true,"valueName":"search_term_string"}}],"inLanguage":"es"},{"@type":"Person","@id":"","url":"http:\/\/vamosporlaliberacion.org\/crpmlm\/author\/"}]}},"jetpack_featured_media_url":"https:\/\/i0.wp.com\/vamosporlaliberacion.org\/crpmlm\/wp-content\/uploads\/2018\/01\/arton92509.jpg?fit=800%2C450&ssl=1","jetpack_sharing_enabled":true,"_links":{"self":[{"href":"http:\/\/vamosporlaliberacion.org\/crpmlm\/wp-json\/wp\/v2\/posts\/10870","targetHints":{"allow":["GET"]}}],"collection":[{"href":"http:\/\/vamosporlaliberacion.org\/crpmlm\/wp-json\/wp\/v2\/posts"}],"about":[{"href":"http:\/\/vamosporlaliberacion.org\/crpmlm\/wp-json\/wp\/v2\/types\/post"}],"author":[{"embeddable":true,"href":"http:\/\/vamosporlaliberacion.org\/crpmlm\/wp-json\/wp\/v2\/users\/5"}],"replies":[{"embeddable":true,"href":"http:\/\/vamosporlaliberacion.org\/crpmlm\/wp-json\/wp\/v2\/comments?post=10870"}],"version-history":[{"count":0,"href":"http:\/\/vamosporlaliberacion.org\/crpmlm\/wp-json\/wp\/v2\/posts\/10870\/revisions"}],"wp:featuredmedia":[{"embeddable":true,"href":"http:\/\/vamosporlaliberacion.org\/crpmlm\/wp-json\/wp\/v2\/media\/10871"}],"wp:attachment":[{"href":"http:\/\/vamosporlaliberacion.org\/crpmlm\/wp-json\/wp\/v2\/media?parent=10870"}],"wp:term":[{"taxonomy":"category","embeddable":true,"href":"http:\/\/vamosporlaliberacion.org\/crpmlm\/wp-json\/wp\/v2\/categories?post=10870"},{"taxonomy":"post_tag","embeddable":true,"href":"http:\/\/vamosporlaliberacion.org\/crpmlm\/wp-json\/wp\/v2\/tags?post=10870"}],"curies":[{"name":"wp","href":"https:\/\/api.w.org\/{rel}","templated":true}]}}