{"id":10853,"date":"2017-12-29T08:13:53","date_gmt":"2017-12-29T11:13:53","guid":{"rendered":"http:\/\/vamosporlaliberacion.org\/crpmlm\/?p=10853"},"modified":"2017-12-29T08:13:53","modified_gmt":"2017-12-29T11:13:53","slug":"movilizacion-de-investigadores-al-ministerio-de-cyt","status":"publish","type":"post","link":"http:\/\/vamosporlaliberacion.org\/crpmlm\/movilizacion-de-investigadores-al-ministerio-de-cyt\/","title":{"rendered":"Movilizaci\u00f3n de investigadores al Ministerio de CyT"},"content":{"rendered":"<p>Hab\u00eda pasado Navidad y el gobierno a\u00fan no hab\u00eda dado a conocer los resultados de las convocatorias a becas e ingreso a carrera de CONICET. Es de suponer que as\u00ed busc\u00f3 evitar que esta significativa fecha vuelva a ser te\u00f1ida por la movilizaci\u00f3n de investigadores como ocurri\u00f3 el a\u00f1o pasado. <\/p>\n<p>Finalmente, luego de dos movilizaciones de trabajadores del CONICET a las puertas del organismo exigiendo que informen los resultados de las convocatorias, el 27 de diciembre los dieron a conocer. Quedaron 1600 cient\u00edficos sin cargo y virtualmente en la calle, coagul\u00e1ndose el ajuste. A su vez, hubo una reducci\u00f3n en la cantidad de becas otorgadas. Vuelve a haber una cantidad importante de investigadores recomendados para entrar a Carrera pero excluidos por el ajuste presupuestario. <\/p>\n<p>Es un paso m\u00e1s en el ajuste tanto del organismo como del sistema cient\u00edfico tecnol\u00f3gico nacional. Debieron hacerlo durante las fiestas para aprovechar un momento en que muchos compa\u00f1eros viajan a reunirse con sus familias o est\u00e1n de vacaciones. Los afectados ya est\u00e1n organiz\u00e1ndose y se convoca una movilizaci\u00f3n para el 4 de enero al Polo Cient\u00edfico. <\/p>\n<!-- AddThis Advanced Settings generic via filter on the_content --><!-- AddThis Share Buttons generic via filter on the_content -->","protected":false},"excerpt":{"rendered":"<p>Hab\u00eda pasado Navidad y el gobierno a\u00fan no hab\u00eda dado a conocer los resultados de las convocatorias a becas e ingreso a carrera de CONICET. Es de suponer que as\u00ed busc\u00f3 evitar que esta significativa fecha vuelva a ser te\u00f1ida por la movilizaci\u00f3n de investigadores como ocurri\u00f3 el a\u00f1o pasado. Finalmente, luego de dos movilizaciones [&hellip;]<!-- AddThis Advanced Settings generic via filter on get_the_excerpt --><!-- AddThis Share Buttons generic via filter on get_the_excerpt --><\/p>\n","protected":false},"author":5,"featured_media":10854,"comment_status":"open","ping_status":"open","sticky":false,"template":"","format":"standard","meta":{"_jetpack_memberships_contains_paid_content":false,"footnotes":""},"categories":[1699],"tags":[830,854],"class_list":{"0":"post-10853","1":"post","2":"type-post","3":"status-publish","4":"format-standard","5":"has-post-thumbnail","7":"category-noticias","8":"tag-ciencia-y-tecnica","9":"tag-conicet"},"yoast_head":"<!-- This site is optimized with the Yoast SEO plugin v27.4 - https:\/\/yoast.com\/product\/yoast-seo-wordpress\/ -->\n<title>Movilizaci\u00f3n de investigadores al Ministerio de CyT - Vamos por la Liberaci\u00f3n<\/title>\n<meta name=\"robots\" content=\"index, follow, max-snippet:-1, max-image-preview:large, max-video-preview:-1\" \/>\n<link rel=\"canonical\" href=\"https:\/\/vamosporlaliberacion.org\/crpmlm\/movilizacion-de-investigadores-al-ministerio-de-cyt\/\" \/>\n<meta name=\"twitter:label1\" content=\"Escrito por\" \/>\n\t<meta name=\"twitter:data1\" content=\"\" \/>\n\t<meta name=\"twitter:label2\" content=\"Tiempo de lectura\" \/>\n\t<meta name=\"twitter:data2\" content=\"1 minuto\" \/>\n<script type=\"application\/ld+json\" class=\"yoast-schema-graph\">{\"@context\":\"https:\\\/\\\/schema.org\",\"@graph\":[{\"@type\":\"Article\",\"@id\":\"https:\\\/\\\/vamosporlaliberacion.org\\\/crpmlm\\\/movilizacion-de-investigadores-al-ministerio-de-cyt\\\/#article\",\"isPartOf\":{\"@id\":\"https:\\\/\\\/vamosporlaliberacion.org\\\/crpmlm\\\/movilizacion-de-investigadores-al-ministerio-de-cyt\\\/\"},\"author\":{\"name\":\"\",\"@id\":\"\"},\"headline\":\"Movilizaci\u00f3n de investigadores al Ministerio de CyT\",\"datePublished\":\"2017-12-29T11:13:53+00:00\",\"mainEntityOfPage\":{\"@id\":\"https:\\\/\\\/vamosporlaliberacion.org\\\/crpmlm\\\/movilizacion-de-investigadores-al-ministerio-de-cyt\\\/\"},\"wordCount\":204,\"commentCount\":0,\"image\":{\"@id\":\"https:\\\/\\\/vamosporlaliberacion.org\\\/crpmlm\\\/movilizacion-de-investigadores-al-ministerio-de-cyt\\\/#primaryimage\"},\"thumbnailUrl\":\"https:\\\/\\\/i0.wp.com\\\/vamosporlaliberacion.org\\\/crpmlm\\\/wp-content\\\/uploads\\\/2017\\\/12\\\/26166521_1736424029709247_3222305348554541628_n.jpg?fit=640%2C480&ssl=1\",\"keywords\":[\"Ciencia y T\u00e9cnica\",\"CONICET\"],\"articleSection\":[\"Noticias\"],\"inLanguage\":\"es\",\"potentialAction\":[{\"@type\":\"CommentAction\",\"name\":\"Comment\",\"target\":[\"https:\\\/\\\/vamosporlaliberacion.org\\\/crpmlm\\\/movilizacion-de-investigadores-al-ministerio-de-cyt\\\/#respond\"]}]},{\"@type\":\"WebPage\",\"@id\":\"https:\\\/\\\/vamosporlaliberacion.org\\\/crpmlm\\\/movilizacion-de-investigadores-al-ministerio-de-cyt\\\/\",\"url\":\"https:\\\/\\\/vamosporlaliberacion.org\\\/crpmlm\\\/movilizacion-de-investigadores-al-ministerio-de-cyt\\\/\",\"name\":\"Movilizaci\u00f3n de investigadores al Ministerio de CyT - Vamos por la Liberaci\u00f3n\",\"isPartOf\":{\"@id\":\"https:\\\/\\\/vamosporlaliberacion.org\\\/crpmlm\\\/#website\"},\"primaryImageOfPage\":{\"@id\":\"https:\\\/\\\/vamosporlaliberacion.org\\\/crpmlm\\\/movilizacion-de-investigadores-al-ministerio-de-cyt\\\/#primaryimage\"},\"image\":{\"@id\":\"https:\\\/\\\/vamosporlaliberacion.org\\\/crpmlm\\\/movilizacion-de-investigadores-al-ministerio-de-cyt\\\/#primaryimage\"},\"thumbnailUrl\":\"https:\\\/\\\/i0.wp.com\\\/vamosporlaliberacion.org\\\/crpmlm\\\/wp-content\\\/uploads\\\/2017\\\/12\\\/26166521_1736424029709247_3222305348554541628_n.jpg?fit=640%2C480&ssl=1\",\"datePublished\":\"2017-12-29T11:13:53+00:00\",\"author\":{\"@id\":\"\"},\"breadcrumb\":{\"@id\":\"https:\\\/\\\/vamosporlaliberacion.org\\\/crpmlm\\\/movilizacion-de-investigadores-al-ministerio-de-cyt\\\/#breadcrumb\"},\"inLanguage\":\"es\",\"potentialAction\":[{\"@type\":\"ReadAction\",\"target\":[\"https:\\\/\\\/vamosporlaliberacion.org\\\/crpmlm\\\/movilizacion-de-investigadores-al-ministerio-de-cyt\\\/\"]}]},{\"@type\":\"ImageObject\",\"inLanguage\":\"es\",\"@id\":\"https:\\\/\\\/vamosporlaliberacion.org\\\/crpmlm\\\/movilizacion-de-investigadores-al-ministerio-de-cyt\\\/#primaryimage\",\"url\":\"https:\\\/\\\/i0.wp.com\\\/vamosporlaliberacion.org\\\/crpmlm\\\/wp-content\\\/uploads\\\/2017\\\/12\\\/26166521_1736424029709247_3222305348554541628_n.jpg?fit=640%2C480&ssl=1\",\"contentUrl\":\"https:\\\/\\\/i0.wp.com\\\/vamosporlaliberacion.org\\\/crpmlm\\\/wp-content\\\/uploads\\\/2017\\\/12\\\/26166521_1736424029709247_3222305348554541628_n.jpg?fit=640%2C480&ssl=1\",\"width\":640,\"height\":480},{\"@type\":\"BreadcrumbList\",\"@id\":\"https:\\\/\\\/vamosporlaliberacion.org\\\/crpmlm\\\/movilizacion-de-investigadores-al-ministerio-de-cyt\\\/#breadcrumb\",\"itemListElement\":[{\"@type\":\"ListItem\",\"position\":1,\"name\":\"Portada\",\"item\":\"https:\\\/\\\/vamosporlaliberacion.org\\\/crpmlm\\\/\"},{\"@type\":\"ListItem\",\"position\":2,\"name\":\"Movilizaci\u00f3n de investigadores al Ministerio de CyT\"}]},{\"@type\":\"WebSite\",\"@id\":\"https:\\\/\\\/vamosporlaliberacion.org\\\/crpmlm\\\/#website\",\"url\":\"https:\\\/\\\/vamosporlaliberacion.org\\\/crpmlm\\\/\",\"name\":\"Vamos por la Liberaci\u00f3n\",\"description\":\"Prensa CR\",\"potentialAction\":[{\"@type\":\"SearchAction\",\"target\":{\"@type\":\"EntryPoint\",\"urlTemplate\":\"https:\\\/\\\/vamosporlaliberacion.org\\\/crpmlm\\\/?s={search_term_string}\"},\"query-input\":{\"@type\":\"PropertyValueSpecification\",\"valueRequired\":true,\"valueName\":\"search_term_string\"}}],\"inLanguage\":\"es\"},{\"@type\":\"Person\",\"@id\":\"\",\"url\":\"http:\\\/\\\/vamosporlaliberacion.org\\\/crpmlm\\\/author\\\/\"}]}<\/script>\n<!-- \/ Yoast SEO plugin. -->","yoast_head_json":{"title":"Movilizaci\u00f3n de investigadores al Ministerio de CyT - Vamos por la Liberaci\u00f3n","robots":{"index":"index","follow":"follow","max-snippet":"max-snippet:-1","max-image-preview":"max-image-preview:large","max-video-preview":"max-video-preview:-1"},"canonical":"https:\/\/vamosporlaliberacion.org\/crpmlm\/movilizacion-de-investigadores-al-ministerio-de-cyt\/","twitter_misc":{"Escrito por":"","Tiempo de lectura":"1 minuto"},"schema":{"@context":"https:\/\/schema.org","@graph":[{"@type":"Article","@id":"https:\/\/vamosporlaliberacion.org\/crpmlm\/movilizacion-de-investigadores-al-ministerio-de-cyt\/#article","isPartOf":{"@id":"https:\/\/vamosporlaliberacion.org\/crpmlm\/movilizacion-de-investigadores-al-ministerio-de-cyt\/"},"author":{"name":"","@id":""},"headline":"Movilizaci\u00f3n de investigadores al Ministerio de CyT","datePublished":"2017-12-29T11:13:53+00:00","mainEntityOfPage":{"@id":"https:\/\/vamosporlaliberacion.org\/crpmlm\/movilizacion-de-investigadores-al-ministerio-de-cyt\/"},"wordCount":204,"commentCount":0,"image":{"@id":"https:\/\/vamosporlaliberacion.org\/crpmlm\/movilizacion-de-investigadores-al-ministerio-de-cyt\/#primaryimage"},"thumbnailUrl":"https:\/\/i0.wp.com\/vamosporlaliberacion.org\/crpmlm\/wp-content\/uploads\/2017\/12\/26166521_1736424029709247_3222305348554541628_n.jpg?fit=640%2C480&ssl=1","keywords":["Ciencia y T\u00e9cnica","CONICET"],"articleSection":["Noticias"],"inLanguage":"es","potentialAction":[{"@type":"CommentAction","name":"Comment","target":["https:\/\/vamosporlaliberacion.org\/crpmlm\/movilizacion-de-investigadores-al-ministerio-de-cyt\/#respond"]}]},{"@type":"WebPage","@id":"https:\/\/vamosporlaliberacion.org\/crpmlm\/movilizacion-de-investigadores-al-ministerio-de-cyt\/","url":"https:\/\/vamosporlaliberacion.org\/crpmlm\/movilizacion-de-investigadores-al-ministerio-de-cyt\/","name":"Movilizaci\u00f3n de investigadores al Ministerio de CyT - Vamos por la Liberaci\u00f3n","isPartOf":{"@id":"https:\/\/vamosporlaliberacion.org\/crpmlm\/#website"},"primaryImageOfPage":{"@id":"https:\/\/vamosporlaliberacion.org\/crpmlm\/movilizacion-de-investigadores-al-ministerio-de-cyt\/#primaryimage"},"image":{"@id":"https:\/\/vamosporlaliberacion.org\/crpmlm\/movilizacion-de-investigadores-al-ministerio-de-cyt\/#primaryimage"},"thumbnailUrl":"https:\/\/i0.wp.com\/vamosporlaliberacion.org\/crpmlm\/wp-content\/uploads\/2017\/12\/26166521_1736424029709247_3222305348554541628_n.jpg?fit=640%2C480&ssl=1","datePublished":"2017-12-29T11:13:53+00:00","author":{"@id":""},"breadcrumb":{"@id":"https:\/\/vamosporlaliberacion.org\/crpmlm\/movilizacion-de-investigadores-al-ministerio-de-cyt\/#breadcrumb"},"inLanguage":"es","potentialAction":[{"@type":"ReadAction","target":["https:\/\/vamosporlaliberacion.org\/crpmlm\/movilizacion-de-investigadores-al-ministerio-de-cyt\/"]}]},{"@type":"ImageObject","inLanguage":"es","@id":"https:\/\/vamosporlaliberacion.org\/crpmlm\/movilizacion-de-investigadores-al-ministerio-de-cyt\/#primaryimage","url":"https:\/\/i0.wp.com\/vamosporlaliberacion.org\/crpmlm\/wp-content\/uploads\/2017\/12\/26166521_1736424029709247_3222305348554541628_n.jpg?fit=640%2C480&ssl=1","contentUrl":"https:\/\/i0.wp.com\/vamosporlaliberacion.org\/crpmlm\/wp-content\/uploads\/2017\/12\/26166521_1736424029709247_3222305348554541628_n.jpg?fit=640%2C480&ssl=1","width":640,"height":480},{"@type":"BreadcrumbList","@id":"https:\/\/vamosporlaliberacion.org\/crpmlm\/movilizacion-de-investigadores-al-ministerio-de-cyt\/#breadcrumb","itemListElement":[{"@type":"ListItem","position":1,"name":"Portada","item":"https:\/\/vamosporlaliberacion.org\/crpmlm\/"},{"@type":"ListItem","position":2,"name":"Movilizaci\u00f3n de investigadores al Ministerio de CyT"}]},{"@type":"WebSite","@id":"https:\/\/vamosporlaliberacion.org\/crpmlm\/#website","url":"https:\/\/vamosporlaliberacion.org\/crpmlm\/","name":"Vamos por la Liberaci\u00f3n","description":"Prensa CR","potentialAction":[{"@type":"SearchAction","target":{"@type":"EntryPoint","urlTemplate":"https:\/\/vamosporlaliberacion.org\/crpmlm\/?s={search_term_string}"},"query-input":{"@type":"PropertyValueSpecification","valueRequired":true,"valueName":"search_term_string"}}],"inLanguage":"es"},{"@type":"Person","@id":"","url":"http:\/\/vamosporlaliberacion.org\/crpmlm\/author\/"}]}},"jetpack_featured_media_url":"https:\/\/i0.wp.com\/vamosporlaliberacion.org\/crpmlm\/wp-content\/uploads\/2017\/12\/26166521_1736424029709247_3222305348554541628_n.jpg?fit=640%2C480&ssl=1","jetpack_sharing_enabled":true,"_links":{"self":[{"href":"http:\/\/vamosporlaliberacion.org\/crpmlm\/wp-json\/wp\/v2\/posts\/10853","targetHints":{"allow":["GET"]}}],"collection":[{"href":"http:\/\/vamosporlaliberacion.org\/crpmlm\/wp-json\/wp\/v2\/posts"}],"about":[{"href":"http:\/\/vamosporlaliberacion.org\/crpmlm\/wp-json\/wp\/v2\/types\/post"}],"author":[{"embeddable":true,"href":"http:\/\/vamosporlaliberacion.org\/crpmlm\/wp-json\/wp\/v2\/users\/5"}],"replies":[{"embeddable":true,"href":"http:\/\/vamosporlaliberacion.org\/crpmlm\/wp-json\/wp\/v2\/comments?post=10853"}],"version-history":[{"count":0,"href":"http:\/\/vamosporlaliberacion.org\/crpmlm\/wp-json\/wp\/v2\/posts\/10853\/revisions"}],"wp:featuredmedia":[{"embeddable":true,"href":"http:\/\/vamosporlaliberacion.org\/crpmlm\/wp-json\/wp\/v2\/media\/10854"}],"wp:attachment":[{"href":"http:\/\/vamosporlaliberacion.org\/crpmlm\/wp-json\/wp\/v2\/media?parent=10853"}],"wp:term":[{"taxonomy":"category","embeddable":true,"href":"http:\/\/vamosporlaliberacion.org\/crpmlm\/wp-json\/wp\/v2\/categories?post=10853"},{"taxonomy":"post_tag","embeddable":true,"href":"http:\/\/vamosporlaliberacion.org\/crpmlm\/wp-json\/wp\/v2\/tags?post=10853"}],"curies":[{"name":"wp","href":"https:\/\/api.w.org\/{rel}","templated":true}]}}