{"id":10661,"date":"2017-11-24T13:19:21","date_gmt":"2017-11-24T16:19:21","guid":{"rendered":"http:\/\/vamosporlaliberacion.org\/crpmlm\/?p=10661"},"modified":"2017-11-28T13:19:48","modified_gmt":"2017-11-28T16:19:48","slug":"sobre-el-esfuerzo-que-pidio-macri-a-las-universidades","status":"publish","type":"post","link":"http:\/\/vamosporlaliberacion.org\/crpmlm\/sobre-el-esfuerzo-que-pidio-macri-a-las-universidades\/","title":{"rendered":"Sobre el \u201cesfuerzo\u201d que pidi\u00f3 Macri a las universidades"},"content":{"rendered":"<p>El 30 de octubre el presidente, en su discurso en el CCK donde present\u00f3 su programa de reformas basado centralmente en la \u201creducci\u00f3n del gasto p\u00fablico\u201d, le dedic\u00f3 un pasaje especial a la universidad p\u00fablica al afirmar que <strong>\u201cse requiere el esfuerzo de las universidades para que asignen de formas m\u00e1s eficientes los recursos, para mejorar su desempe\u00f1o y contribuir entre todos a reducir el gasto p\u00fablico\u201d. A<\/strong>rgument\u00f3 que la tasa de graduaci\u00f3n no tuvo relaci\u00f3n con el crecimiento del plantel docente, no docente y el n\u00famero de universidades.<\/p>\n<p><strong>As\u00ed el presidente reafirma y redobla la pol\u00edtica de ajuste presupuestario sobre las universidades y la educaci\u00f3n p\u00fablica que venimos enfrentando<\/strong> tanto en las paritarias en relaci\u00f3n con la p\u00e9rdida de poder adquisitivo de nuestros salarios como en el presupuesto asignado a educaci\u00f3n dentro del presupuesto nacional.<\/p>\n<p>Del total del presupuesto universitario, los salarios ocupan m\u00e1s del 90% del presupuesto universitario, dejando para investigaci\u00f3n, creaci\u00f3n, ciencia, salud, extensi\u00f3n, becas, infraestructura y mantenimiento menos de un 10% del mismo. Por lo tanto, una baja del \u201cgasto p\u00fablico\u201d en las universidades implicar\u00e1 producir menos conocimiento, menos investigaci\u00f3n, menos extensi\u00f3n y menos graduados.<\/p>\n<p>Si hoy s\u00f3lo se otorgan 19 mil becas para quienes se \u201ccompruebe\u201d que tienen bajos recursos. Es decir que solo el 1% de los estudiantes tiene acceso a becas (sobre 1.600.000 estudiantes en todo el pa\u00eds). Mientras tanto se anuncian tarifazos que van del 40% al 100% en el transporte y los servicios p\u00fablicos. El ajuste no s\u00f3lo buscar\u00e1 reducir los planteles docentes, no docentes y nuestros salarios sino que dejar\u00e1 a las universidades con menos recursos operativos y sin lugar a dudas expulsar\u00e1 a miles de estudiantes.<\/p>\n<p><strong>Porque nuestro pueblo necesita m\u00e1s graduados universitarios, m\u00e1s investigaci\u00f3n y extensi\u00f3n para poner estos conocimientos al servicio de un pa\u00eds soberano e independiente, repudiamos los dichos del presidente y el ajuste que plantea para la universidad. <\/strong><\/p>\n<p>Para enfrentar esta embestida, la Conadu Hist\u00f3rica y la Conadu hemos dado un paso el 9\/11 en una conferencia de prensa conjunta en una carpa frente al Congreso Nacional; y est\u00e1 planteada una jornada nacional de protesta para este jueves 23\/11 convocada por la ConaduH con clases p\u00fablicas, radios abiertas, cortes de calle y actos en todo el pa\u00eds.<\/p>\n<p><strong>Corresponsal<\/strong><\/p>\n<!-- AddThis Advanced Settings generic via filter on the_content --><!-- AddThis Share Buttons generic via filter on the_content -->","protected":false},"excerpt":{"rendered":"<p>El 30 de octubre el presidente, en su discurso en el CCK donde present\u00f3 su programa de reformas basado centralmente en la \u201creducci\u00f3n del gasto p\u00fablico\u201d, le dedic\u00f3 un pasaje especial a la universidad p\u00fablica al afirmar que \u201cse requiere el esfuerzo de las universidades para que asignen de formas m\u00e1s eficientes los recursos, para [&hellip;]<!-- AddThis Advanced Settings generic via filter on get_the_excerpt --><!-- AddThis Share Buttons generic via filter on get_the_excerpt --><\/p>\n","protected":false},"author":5,"featured_media":10662,"comment_status":"open","ping_status":"open","sticky":false,"template":"","format":"standard","meta":{"_jetpack_memberships_contains_paid_content":false,"footnotes":""},"categories":[1699],"tags":[102,591,258,1105],"class_list":{"0":"post-10661","1":"post","2":"type-post","3":"status-publish","4":"format-standard","5":"has-post-thumbnail","7":"category-noticias","8":"tag-educacion","9":"tag-mauricio-macri","10":"tag-universidad","11":"tag-vxl-110"},"yoast_head":"<!-- This site is optimized with the Yoast SEO plugin v27.4 - https:\/\/yoast.com\/product\/yoast-seo-wordpress\/ -->\n<title>Sobre el \u201cesfuerzo\u201d que pidi\u00f3 Macri a las universidades - Vamos por la Liberaci\u00f3n<\/title>\n<meta name=\"robots\" content=\"index, follow, max-snippet:-1, max-image-preview:large, max-video-preview:-1\" \/>\n<link rel=\"canonical\" href=\"https:\/\/vamosporlaliberacion.org\/crpmlm\/sobre-el-esfuerzo-que-pidio-macri-a-las-universidades\/\" \/>\n<meta name=\"twitter:label1\" content=\"Escrito por\" \/>\n\t<meta name=\"twitter:data1\" content=\"\" \/>\n\t<meta name=\"twitter:label2\" content=\"Tiempo de lectura\" \/>\n\t<meta name=\"twitter:data2\" content=\"2 minutos\" \/>\n<script type=\"application\/ld+json\" class=\"yoast-schema-graph\">{\"@context\":\"https:\\\/\\\/schema.org\",\"@graph\":[{\"@type\":\"Article\",\"@id\":\"https:\\\/\\\/vamosporlaliberacion.org\\\/crpmlm\\\/sobre-el-esfuerzo-que-pidio-macri-a-las-universidades\\\/#article\",\"isPartOf\":{\"@id\":\"https:\\\/\\\/vamosporlaliberacion.org\\\/crpmlm\\\/sobre-el-esfuerzo-que-pidio-macri-a-las-universidades\\\/\"},\"author\":{\"name\":\"\",\"@id\":\"\"},\"headline\":\"Sobre el \u201cesfuerzo\u201d que pidi\u00f3 Macri a las universidades\",\"datePublished\":\"2017-11-24T16:19:21+00:00\",\"dateModified\":\"2017-11-28T16:19:48+00:00\",\"mainEntityOfPage\":{\"@id\":\"https:\\\/\\\/vamosporlaliberacion.org\\\/crpmlm\\\/sobre-el-esfuerzo-que-pidio-macri-a-las-universidades\\\/\"},\"wordCount\":406,\"commentCount\":0,\"image\":{\"@id\":\"https:\\\/\\\/vamosporlaliberacion.org\\\/crpmlm\\\/sobre-el-esfuerzo-que-pidio-macri-a-las-universidades\\\/#primaryimage\"},\"thumbnailUrl\":\"https:\\\/\\\/i0.wp.com\\\/vamosporlaliberacion.org\\\/crpmlm\\\/wp-content\\\/uploads\\\/2017\\\/11\\\/2017.11.09-carpa-conadus.jpg?fit=2048%2C1536&ssl=1\",\"keywords\":[\"Educaci\u00f3n\",\"Mauricio Macri\",\"Universidad\",\"vxl 110\"],\"articleSection\":[\"Noticias\"],\"inLanguage\":\"es\",\"potentialAction\":[{\"@type\":\"CommentAction\",\"name\":\"Comment\",\"target\":[\"https:\\\/\\\/vamosporlaliberacion.org\\\/crpmlm\\\/sobre-el-esfuerzo-que-pidio-macri-a-las-universidades\\\/#respond\"]}]},{\"@type\":\"WebPage\",\"@id\":\"https:\\\/\\\/vamosporlaliberacion.org\\\/crpmlm\\\/sobre-el-esfuerzo-que-pidio-macri-a-las-universidades\\\/\",\"url\":\"https:\\\/\\\/vamosporlaliberacion.org\\\/crpmlm\\\/sobre-el-esfuerzo-que-pidio-macri-a-las-universidades\\\/\",\"name\":\"Sobre el \u201cesfuerzo\u201d que pidi\u00f3 Macri a las universidades - Vamos por la Liberaci\u00f3n\",\"isPartOf\":{\"@id\":\"https:\\\/\\\/vamosporlaliberacion.org\\\/crpmlm\\\/#website\"},\"primaryImageOfPage\":{\"@id\":\"https:\\\/\\\/vamosporlaliberacion.org\\\/crpmlm\\\/sobre-el-esfuerzo-que-pidio-macri-a-las-universidades\\\/#primaryimage\"},\"image\":{\"@id\":\"https:\\\/\\\/vamosporlaliberacion.org\\\/crpmlm\\\/sobre-el-esfuerzo-que-pidio-macri-a-las-universidades\\\/#primaryimage\"},\"thumbnailUrl\":\"https:\\\/\\\/i0.wp.com\\\/vamosporlaliberacion.org\\\/crpmlm\\\/wp-content\\\/uploads\\\/2017\\\/11\\\/2017.11.09-carpa-conadus.jpg?fit=2048%2C1536&ssl=1\",\"datePublished\":\"2017-11-24T16:19:21+00:00\",\"dateModified\":\"2017-11-28T16:19:48+00:00\",\"author\":{\"@id\":\"\"},\"breadcrumb\":{\"@id\":\"https:\\\/\\\/vamosporlaliberacion.org\\\/crpmlm\\\/sobre-el-esfuerzo-que-pidio-macri-a-las-universidades\\\/#breadcrumb\"},\"inLanguage\":\"es\",\"potentialAction\":[{\"@type\":\"ReadAction\",\"target\":[\"https:\\\/\\\/vamosporlaliberacion.org\\\/crpmlm\\\/sobre-el-esfuerzo-que-pidio-macri-a-las-universidades\\\/\"]}]},{\"@type\":\"ImageObject\",\"inLanguage\":\"es\",\"@id\":\"https:\\\/\\\/vamosporlaliberacion.org\\\/crpmlm\\\/sobre-el-esfuerzo-que-pidio-macri-a-las-universidades\\\/#primaryimage\",\"url\":\"https:\\\/\\\/i0.wp.com\\\/vamosporlaliberacion.org\\\/crpmlm\\\/wp-content\\\/uploads\\\/2017\\\/11\\\/2017.11.09-carpa-conadus.jpg?fit=2048%2C1536&ssl=1\",\"contentUrl\":\"https:\\\/\\\/i0.wp.com\\\/vamosporlaliberacion.org\\\/crpmlm\\\/wp-content\\\/uploads\\\/2017\\\/11\\\/2017.11.09-carpa-conadus.jpg?fit=2048%2C1536&ssl=1\",\"width\":2048,\"height\":1536,\"caption\":\"Conadu Hist\u00f3rica y la Conadu el 9\\\/11 en una conferencia de prensa conjunta en una carpa frente al Congreso.\"},{\"@type\":\"BreadcrumbList\",\"@id\":\"https:\\\/\\\/vamosporlaliberacion.org\\\/crpmlm\\\/sobre-el-esfuerzo-que-pidio-macri-a-las-universidades\\\/#breadcrumb\",\"itemListElement\":[{\"@type\":\"ListItem\",\"position\":1,\"name\":\"Portada\",\"item\":\"https:\\\/\\\/vamosporlaliberacion.org\\\/crpmlm\\\/\"},{\"@type\":\"ListItem\",\"position\":2,\"name\":\"Sobre el \u201cesfuerzo\u201d que pidi\u00f3 Macri a las universidades\"}]},{\"@type\":\"WebSite\",\"@id\":\"https:\\\/\\\/vamosporlaliberacion.org\\\/crpmlm\\\/#website\",\"url\":\"https:\\\/\\\/vamosporlaliberacion.org\\\/crpmlm\\\/\",\"name\":\"Vamos por la Liberaci\u00f3n\",\"description\":\"Prensa CR\",\"potentialAction\":[{\"@type\":\"SearchAction\",\"target\":{\"@type\":\"EntryPoint\",\"urlTemplate\":\"https:\\\/\\\/vamosporlaliberacion.org\\\/crpmlm\\\/?s={search_term_string}\"},\"query-input\":{\"@type\":\"PropertyValueSpecification\",\"valueRequired\":true,\"valueName\":\"search_term_string\"}}],\"inLanguage\":\"es\"},{\"@type\":\"Person\",\"@id\":\"\",\"url\":\"http:\\\/\\\/vamosporlaliberacion.org\\\/crpmlm\\\/author\\\/\"}]}<\/script>\n<!-- \/ Yoast SEO plugin. -->","yoast_head_json":{"title":"Sobre el \u201cesfuerzo\u201d que pidi\u00f3 Macri a las universidades - Vamos por la Liberaci\u00f3n","robots":{"index":"index","follow":"follow","max-snippet":"max-snippet:-1","max-image-preview":"max-image-preview:large","max-video-preview":"max-video-preview:-1"},"canonical":"https:\/\/vamosporlaliberacion.org\/crpmlm\/sobre-el-esfuerzo-que-pidio-macri-a-las-universidades\/","twitter_misc":{"Escrito por":"","Tiempo de lectura":"2 minutos"},"schema":{"@context":"https:\/\/schema.org","@graph":[{"@type":"Article","@id":"https:\/\/vamosporlaliberacion.org\/crpmlm\/sobre-el-esfuerzo-que-pidio-macri-a-las-universidades\/#article","isPartOf":{"@id":"https:\/\/vamosporlaliberacion.org\/crpmlm\/sobre-el-esfuerzo-que-pidio-macri-a-las-universidades\/"},"author":{"name":"","@id":""},"headline":"Sobre el \u201cesfuerzo\u201d que pidi\u00f3 Macri a las universidades","datePublished":"2017-11-24T16:19:21+00:00","dateModified":"2017-11-28T16:19:48+00:00","mainEntityOfPage":{"@id":"https:\/\/vamosporlaliberacion.org\/crpmlm\/sobre-el-esfuerzo-que-pidio-macri-a-las-universidades\/"},"wordCount":406,"commentCount":0,"image":{"@id":"https:\/\/vamosporlaliberacion.org\/crpmlm\/sobre-el-esfuerzo-que-pidio-macri-a-las-universidades\/#primaryimage"},"thumbnailUrl":"https:\/\/i0.wp.com\/vamosporlaliberacion.org\/crpmlm\/wp-content\/uploads\/2017\/11\/2017.11.09-carpa-conadus.jpg?fit=2048%2C1536&ssl=1","keywords":["Educaci\u00f3n","Mauricio Macri","Universidad","vxl 110"],"articleSection":["Noticias"],"inLanguage":"es","potentialAction":[{"@type":"CommentAction","name":"Comment","target":["https:\/\/vamosporlaliberacion.org\/crpmlm\/sobre-el-esfuerzo-que-pidio-macri-a-las-universidades\/#respond"]}]},{"@type":"WebPage","@id":"https:\/\/vamosporlaliberacion.org\/crpmlm\/sobre-el-esfuerzo-que-pidio-macri-a-las-universidades\/","url":"https:\/\/vamosporlaliberacion.org\/crpmlm\/sobre-el-esfuerzo-que-pidio-macri-a-las-universidades\/","name":"Sobre el \u201cesfuerzo\u201d que pidi\u00f3 Macri a las universidades - Vamos por la Liberaci\u00f3n","isPartOf":{"@id":"https:\/\/vamosporlaliberacion.org\/crpmlm\/#website"},"primaryImageOfPage":{"@id":"https:\/\/vamosporlaliberacion.org\/crpmlm\/sobre-el-esfuerzo-que-pidio-macri-a-las-universidades\/#primaryimage"},"image":{"@id":"https:\/\/vamosporlaliberacion.org\/crpmlm\/sobre-el-esfuerzo-que-pidio-macri-a-las-universidades\/#primaryimage"},"thumbnailUrl":"https:\/\/i0.wp.com\/vamosporlaliberacion.org\/crpmlm\/wp-content\/uploads\/2017\/11\/2017.11.09-carpa-conadus.jpg?fit=2048%2C1536&ssl=1","datePublished":"2017-11-24T16:19:21+00:00","dateModified":"2017-11-28T16:19:48+00:00","author":{"@id":""},"breadcrumb":{"@id":"https:\/\/vamosporlaliberacion.org\/crpmlm\/sobre-el-esfuerzo-que-pidio-macri-a-las-universidades\/#breadcrumb"},"inLanguage":"es","potentialAction":[{"@type":"ReadAction","target":["https:\/\/vamosporlaliberacion.org\/crpmlm\/sobre-el-esfuerzo-que-pidio-macri-a-las-universidades\/"]}]},{"@type":"ImageObject","inLanguage":"es","@id":"https:\/\/vamosporlaliberacion.org\/crpmlm\/sobre-el-esfuerzo-que-pidio-macri-a-las-universidades\/#primaryimage","url":"https:\/\/i0.wp.com\/vamosporlaliberacion.org\/crpmlm\/wp-content\/uploads\/2017\/11\/2017.11.09-carpa-conadus.jpg?fit=2048%2C1536&ssl=1","contentUrl":"https:\/\/i0.wp.com\/vamosporlaliberacion.org\/crpmlm\/wp-content\/uploads\/2017\/11\/2017.11.09-carpa-conadus.jpg?fit=2048%2C1536&ssl=1","width":2048,"height":1536,"caption":"Conadu Hist\u00f3rica y la Conadu el 9\/11 en una conferencia de prensa conjunta en una carpa frente al Congreso."},{"@type":"BreadcrumbList","@id":"https:\/\/vamosporlaliberacion.org\/crpmlm\/sobre-el-esfuerzo-que-pidio-macri-a-las-universidades\/#breadcrumb","itemListElement":[{"@type":"ListItem","position":1,"name":"Portada","item":"https:\/\/vamosporlaliberacion.org\/crpmlm\/"},{"@type":"ListItem","position":2,"name":"Sobre el \u201cesfuerzo\u201d que pidi\u00f3 Macri a las universidades"}]},{"@type":"WebSite","@id":"https:\/\/vamosporlaliberacion.org\/crpmlm\/#website","url":"https:\/\/vamosporlaliberacion.org\/crpmlm\/","name":"Vamos por la Liberaci\u00f3n","description":"Prensa CR","potentialAction":[{"@type":"SearchAction","target":{"@type":"EntryPoint","urlTemplate":"https:\/\/vamosporlaliberacion.org\/crpmlm\/?s={search_term_string}"},"query-input":{"@type":"PropertyValueSpecification","valueRequired":true,"valueName":"search_term_string"}}],"inLanguage":"es"},{"@type":"Person","@id":"","url":"http:\/\/vamosporlaliberacion.org\/crpmlm\/author\/"}]}},"jetpack_featured_media_url":"https:\/\/i0.wp.com\/vamosporlaliberacion.org\/crpmlm\/wp-content\/uploads\/2017\/11\/2017.11.09-carpa-conadus.jpg?fit=2048%2C1536&ssl=1","jetpack_sharing_enabled":true,"_links":{"self":[{"href":"http:\/\/vamosporlaliberacion.org\/crpmlm\/wp-json\/wp\/v2\/posts\/10661","targetHints":{"allow":["GET"]}}],"collection":[{"href":"http:\/\/vamosporlaliberacion.org\/crpmlm\/wp-json\/wp\/v2\/posts"}],"about":[{"href":"http:\/\/vamosporlaliberacion.org\/crpmlm\/wp-json\/wp\/v2\/types\/post"}],"author":[{"embeddable":true,"href":"http:\/\/vamosporlaliberacion.org\/crpmlm\/wp-json\/wp\/v2\/users\/5"}],"replies":[{"embeddable":true,"href":"http:\/\/vamosporlaliberacion.org\/crpmlm\/wp-json\/wp\/v2\/comments?post=10661"}],"version-history":[{"count":0,"href":"http:\/\/vamosporlaliberacion.org\/crpmlm\/wp-json\/wp\/v2\/posts\/10661\/revisions"}],"wp:featuredmedia":[{"embeddable":true,"href":"http:\/\/vamosporlaliberacion.org\/crpmlm\/wp-json\/wp\/v2\/media\/10662"}],"wp:attachment":[{"href":"http:\/\/vamosporlaliberacion.org\/crpmlm\/wp-json\/wp\/v2\/media?parent=10661"}],"wp:term":[{"taxonomy":"category","embeddable":true,"href":"http:\/\/vamosporlaliberacion.org\/crpmlm\/wp-json\/wp\/v2\/categories?post=10661"},{"taxonomy":"post_tag","embeddable":true,"href":"http:\/\/vamosporlaliberacion.org\/crpmlm\/wp-json\/wp\/v2\/tags?post=10661"}],"curies":[{"name":"wp","href":"https:\/\/api.w.org\/{rel}","templated":true}]}}