{"id":10606,"date":"2017-11-23T21:27:38","date_gmt":"2017-11-24T00:27:38","guid":{"rendered":"http:\/\/vamosporlaliberacion.org\/crpmlm\/?p=10606"},"modified":"2017-11-23T21:27:38","modified_gmt":"2017-11-24T00:27:38","slug":"no-al-ajuste-en-la-justicia","status":"publish","type":"post","link":"http:\/\/vamosporlaliberacion.org\/crpmlm\/no-al-ajuste-en-la-justicia\/","title":{"rendered":"No al ajuste en la Justicia"},"content":{"rendered":"<p>M\u00e1s de 1500 judiciales nos movilizamos el mi\u00e9rcoles 15\/11 al Palacio de Justicia rechazando las afirmaciones vertidas por el presidente Macri el 30 de octubre, las cuales se encuentran a todas luces cargadas de una intencionalidad pol\u00edtica y un desconocimiento may\u00fasculo respecto al funcionamiento interno del Poder Judicial en general y del Fuero del Trabajo en particular, afirmando gen\u00e9ricamente que existen en la Justicia personal que sirve caf\u00e9 con cien mil pesos de sueldo, que podemos tomarnos licencia de hasta dos a\u00f1os con goce de haberes, que trabajamos hasta las 13:30 horas.<\/p>\n<p>Las declaraciones del presidente Macri se enmarcan dentro de una ofensiva general hacia los trabajadores asalariados. Los judiciales no escapamos a esa l\u00f3gica de ajuste. Los cambios al funcionamiento de la Justicia nacional afectan directamente a las condiciones de trabajo y operan como cortina de humo que busca tapar el proceso de ajuste salarial que estamos viviendo con una p\u00e9rdida del salario real del orden del 11% al 1\u00ba de octubre pasado. Para los judiciales resulta insultante el trato dado por el presidente cuyo desconocimiento real sobre c\u00f3mo se trabaja en la Justicia ha quedado al desnudo en sus propias palabras.<\/p>\n<p>Arranc\u00f3 la lucha. Unos 1500 trabajadores judiciales gritamos No a la reforma!, Basta de ataques y mentiras! Lo que iba a ser solo una movilizaci\u00f3n, termin\u00f3 siendo un paro y movilizaci\u00f3n arrancado desde abajo por la bronca que se viene acumulando mentira tras mentira. Ahora queda por delante ver c\u00f3mo se sigue, discutiendo desde abajo en los juzgados, confluyendo con todos los sectores que hoy vienen enfrentando esta reforma y el ajuste del gobierno.<\/p>\n<p>Corresponsal<\/p>\n<!-- AddThis Advanced Settings generic via filter on the_content --><!-- AddThis Share Buttons generic via filter on the_content -->","protected":false},"excerpt":{"rendered":"<p>M\u00e1s de 1500 judiciales nos movilizamos el mi\u00e9rcoles 15\/11 al Palacio de Justicia rechazando las afirmaciones vertidas por el presidente Macri el 30 de octubre, las cuales se encuentran a todas luces cargadas de una intencionalidad pol\u00edtica y un desconocimiento may\u00fasculo respecto al funcionamiento interno del Poder Judicial en general y del Fuero del Trabajo [&hellip;]<!-- AddThis Advanced Settings generic via filter on get_the_excerpt --><!-- AddThis Share Buttons generic via filter on get_the_excerpt --><\/p>\n","protected":false},"author":5,"featured_media":10607,"comment_status":"open","ping_status":"open","sticky":false,"template":"","format":"standard","meta":{"_jetpack_memberships_contains_paid_content":false,"footnotes":""},"categories":[1699],"tags":[45,710,1105],"class_list":{"0":"post-10606","1":"post","2":"type-post","3":"status-publish","4":"format-standard","5":"has-post-thumbnail","7":"category-noticias","8":"tag-caba","9":"tag-reforma-laboral","10":"tag-vxl-110"},"yoast_head":"<!-- This site is optimized with the Yoast SEO plugin v27.4 - https:\/\/yoast.com\/product\/yoast-seo-wordpress\/ -->\n<title>No al ajuste en la Justicia - Vamos por la Liberaci\u00f3n<\/title>\n<meta name=\"robots\" content=\"index, follow, max-snippet:-1, max-image-preview:large, max-video-preview:-1\" \/>\n<link rel=\"canonical\" href=\"http:\/\/vamosporlaliberacion.org\/crpmlm\/no-al-ajuste-en-la-justicia\/\" \/>\n<meta name=\"twitter:label1\" content=\"Escrito por\" \/>\n\t<meta name=\"twitter:data1\" content=\"\" \/>\n\t<meta name=\"twitter:label2\" content=\"Tiempo de lectura\" \/>\n\t<meta name=\"twitter:data2\" content=\"1 minuto\" \/>\n<script type=\"application\/ld+json\" class=\"yoast-schema-graph\">{\"@context\":\"https:\\\/\\\/schema.org\",\"@graph\":[{\"@type\":\"Article\",\"@id\":\"http:\\\/\\\/vamosporlaliberacion.org\\\/crpmlm\\\/no-al-ajuste-en-la-justicia\\\/#article\",\"isPartOf\":{\"@id\":\"http:\\\/\\\/vamosporlaliberacion.org\\\/crpmlm\\\/no-al-ajuste-en-la-justicia\\\/\"},\"author\":{\"name\":\"\",\"@id\":\"\"},\"headline\":\"No al ajuste en la Justicia\",\"datePublished\":\"2017-11-24T00:27:38+00:00\",\"mainEntityOfPage\":{\"@id\":\"http:\\\/\\\/vamosporlaliberacion.org\\\/crpmlm\\\/no-al-ajuste-en-la-justicia\\\/\"},\"wordCount\":279,\"commentCount\":0,\"image\":{\"@id\":\"http:\\\/\\\/vamosporlaliberacion.org\\\/crpmlm\\\/no-al-ajuste-en-la-justicia\\\/#primaryimage\"},\"thumbnailUrl\":\"https:\\\/\\\/i0.wp.com\\\/vamosporlaliberacion.org\\\/crpmlm\\\/wp-content\\\/uploads\\\/2017\\\/11\\\/judiciales1.jpg?fit=1280%2C696&ssl=1\",\"keywords\":[\"CABA\",\"reforma laboral\",\"vxl 110\"],\"articleSection\":[\"Noticias\"],\"inLanguage\":\"es\",\"potentialAction\":[{\"@type\":\"CommentAction\",\"name\":\"Comment\",\"target\":[\"http:\\\/\\\/vamosporlaliberacion.org\\\/crpmlm\\\/no-al-ajuste-en-la-justicia\\\/#respond\"]}]},{\"@type\":\"WebPage\",\"@id\":\"http:\\\/\\\/vamosporlaliberacion.org\\\/crpmlm\\\/no-al-ajuste-en-la-justicia\\\/\",\"url\":\"http:\\\/\\\/vamosporlaliberacion.org\\\/crpmlm\\\/no-al-ajuste-en-la-justicia\\\/\",\"name\":\"No al ajuste en la Justicia - Vamos por la Liberaci\u00f3n\",\"isPartOf\":{\"@id\":\"https:\\\/\\\/vamosporlaliberacion.org\\\/crpmlm\\\/#website\"},\"primaryImageOfPage\":{\"@id\":\"http:\\\/\\\/vamosporlaliberacion.org\\\/crpmlm\\\/no-al-ajuste-en-la-justicia\\\/#primaryimage\"},\"image\":{\"@id\":\"http:\\\/\\\/vamosporlaliberacion.org\\\/crpmlm\\\/no-al-ajuste-en-la-justicia\\\/#primaryimage\"},\"thumbnailUrl\":\"https:\\\/\\\/i0.wp.com\\\/vamosporlaliberacion.org\\\/crpmlm\\\/wp-content\\\/uploads\\\/2017\\\/11\\\/judiciales1.jpg?fit=1280%2C696&ssl=1\",\"datePublished\":\"2017-11-24T00:27:38+00:00\",\"author\":{\"@id\":\"\"},\"breadcrumb\":{\"@id\":\"http:\\\/\\\/vamosporlaliberacion.org\\\/crpmlm\\\/no-al-ajuste-en-la-justicia\\\/#breadcrumb\"},\"inLanguage\":\"es\",\"potentialAction\":[{\"@type\":\"ReadAction\",\"target\":[\"http:\\\/\\\/vamosporlaliberacion.org\\\/crpmlm\\\/no-al-ajuste-en-la-justicia\\\/\"]}]},{\"@type\":\"ImageObject\",\"inLanguage\":\"es\",\"@id\":\"http:\\\/\\\/vamosporlaliberacion.org\\\/crpmlm\\\/no-al-ajuste-en-la-justicia\\\/#primaryimage\",\"url\":\"https:\\\/\\\/i0.wp.com\\\/vamosporlaliberacion.org\\\/crpmlm\\\/wp-content\\\/uploads\\\/2017\\\/11\\\/judiciales1.jpg?fit=1280%2C696&ssl=1\",\"contentUrl\":\"https:\\\/\\\/i0.wp.com\\\/vamosporlaliberacion.org\\\/crpmlm\\\/wp-content\\\/uploads\\\/2017\\\/11\\\/judiciales1.jpg?fit=1280%2C696&ssl=1\",\"width\":1280,\"height\":696},{\"@type\":\"BreadcrumbList\",\"@id\":\"http:\\\/\\\/vamosporlaliberacion.org\\\/crpmlm\\\/no-al-ajuste-en-la-justicia\\\/#breadcrumb\",\"itemListElement\":[{\"@type\":\"ListItem\",\"position\":1,\"name\":\"Portada\",\"item\":\"https:\\\/\\\/vamosporlaliberacion.org\\\/crpmlm\\\/\"},{\"@type\":\"ListItem\",\"position\":2,\"name\":\"No al ajuste en la Justicia\"}]},{\"@type\":\"WebSite\",\"@id\":\"https:\\\/\\\/vamosporlaliberacion.org\\\/crpmlm\\\/#website\",\"url\":\"https:\\\/\\\/vamosporlaliberacion.org\\\/crpmlm\\\/\",\"name\":\"Vamos por la Liberaci\u00f3n\",\"description\":\"Prensa CR\",\"potentialAction\":[{\"@type\":\"SearchAction\",\"target\":{\"@type\":\"EntryPoint\",\"urlTemplate\":\"https:\\\/\\\/vamosporlaliberacion.org\\\/crpmlm\\\/?s={search_term_string}\"},\"query-input\":{\"@type\":\"PropertyValueSpecification\",\"valueRequired\":true,\"valueName\":\"search_term_string\"}}],\"inLanguage\":\"es\"},{\"@type\":\"Person\",\"@id\":\"\",\"url\":\"http:\\\/\\\/vamosporlaliberacion.org\\\/crpmlm\\\/author\\\/\"}]}<\/script>\n<!-- \/ Yoast SEO plugin. -->","yoast_head_json":{"title":"No al ajuste en la Justicia - Vamos por la Liberaci\u00f3n","robots":{"index":"index","follow":"follow","max-snippet":"max-snippet:-1","max-image-preview":"max-image-preview:large","max-video-preview":"max-video-preview:-1"},"canonical":"http:\/\/vamosporlaliberacion.org\/crpmlm\/no-al-ajuste-en-la-justicia\/","twitter_misc":{"Escrito por":"","Tiempo de lectura":"1 minuto"},"schema":{"@context":"https:\/\/schema.org","@graph":[{"@type":"Article","@id":"http:\/\/vamosporlaliberacion.org\/crpmlm\/no-al-ajuste-en-la-justicia\/#article","isPartOf":{"@id":"http:\/\/vamosporlaliberacion.org\/crpmlm\/no-al-ajuste-en-la-justicia\/"},"author":{"name":"","@id":""},"headline":"No al ajuste en la Justicia","datePublished":"2017-11-24T00:27:38+00:00","mainEntityOfPage":{"@id":"http:\/\/vamosporlaliberacion.org\/crpmlm\/no-al-ajuste-en-la-justicia\/"},"wordCount":279,"commentCount":0,"image":{"@id":"http:\/\/vamosporlaliberacion.org\/crpmlm\/no-al-ajuste-en-la-justicia\/#primaryimage"},"thumbnailUrl":"https:\/\/i0.wp.com\/vamosporlaliberacion.org\/crpmlm\/wp-content\/uploads\/2017\/11\/judiciales1.jpg?fit=1280%2C696&ssl=1","keywords":["CABA","reforma laboral","vxl 110"],"articleSection":["Noticias"],"inLanguage":"es","potentialAction":[{"@type":"CommentAction","name":"Comment","target":["http:\/\/vamosporlaliberacion.org\/crpmlm\/no-al-ajuste-en-la-justicia\/#respond"]}]},{"@type":"WebPage","@id":"http:\/\/vamosporlaliberacion.org\/crpmlm\/no-al-ajuste-en-la-justicia\/","url":"http:\/\/vamosporlaliberacion.org\/crpmlm\/no-al-ajuste-en-la-justicia\/","name":"No al ajuste en la Justicia - Vamos por la Liberaci\u00f3n","isPartOf":{"@id":"https:\/\/vamosporlaliberacion.org\/crpmlm\/#website"},"primaryImageOfPage":{"@id":"http:\/\/vamosporlaliberacion.org\/crpmlm\/no-al-ajuste-en-la-justicia\/#primaryimage"},"image":{"@id":"http:\/\/vamosporlaliberacion.org\/crpmlm\/no-al-ajuste-en-la-justicia\/#primaryimage"},"thumbnailUrl":"https:\/\/i0.wp.com\/vamosporlaliberacion.org\/crpmlm\/wp-content\/uploads\/2017\/11\/judiciales1.jpg?fit=1280%2C696&ssl=1","datePublished":"2017-11-24T00:27:38+00:00","author":{"@id":""},"breadcrumb":{"@id":"http:\/\/vamosporlaliberacion.org\/crpmlm\/no-al-ajuste-en-la-justicia\/#breadcrumb"},"inLanguage":"es","potentialAction":[{"@type":"ReadAction","target":["http:\/\/vamosporlaliberacion.org\/crpmlm\/no-al-ajuste-en-la-justicia\/"]}]},{"@type":"ImageObject","inLanguage":"es","@id":"http:\/\/vamosporlaliberacion.org\/crpmlm\/no-al-ajuste-en-la-justicia\/#primaryimage","url":"https:\/\/i0.wp.com\/vamosporlaliberacion.org\/crpmlm\/wp-content\/uploads\/2017\/11\/judiciales1.jpg?fit=1280%2C696&ssl=1","contentUrl":"https:\/\/i0.wp.com\/vamosporlaliberacion.org\/crpmlm\/wp-content\/uploads\/2017\/11\/judiciales1.jpg?fit=1280%2C696&ssl=1","width":1280,"height":696},{"@type":"BreadcrumbList","@id":"http:\/\/vamosporlaliberacion.org\/crpmlm\/no-al-ajuste-en-la-justicia\/#breadcrumb","itemListElement":[{"@type":"ListItem","position":1,"name":"Portada","item":"https:\/\/vamosporlaliberacion.org\/crpmlm\/"},{"@type":"ListItem","position":2,"name":"No al ajuste en la Justicia"}]},{"@type":"WebSite","@id":"https:\/\/vamosporlaliberacion.org\/crpmlm\/#website","url":"https:\/\/vamosporlaliberacion.org\/crpmlm\/","name":"Vamos por la Liberaci\u00f3n","description":"Prensa CR","potentialAction":[{"@type":"SearchAction","target":{"@type":"EntryPoint","urlTemplate":"https:\/\/vamosporlaliberacion.org\/crpmlm\/?s={search_term_string}"},"query-input":{"@type":"PropertyValueSpecification","valueRequired":true,"valueName":"search_term_string"}}],"inLanguage":"es"},{"@type":"Person","@id":"","url":"http:\/\/vamosporlaliberacion.org\/crpmlm\/author\/"}]}},"jetpack_featured_media_url":"https:\/\/i0.wp.com\/vamosporlaliberacion.org\/crpmlm\/wp-content\/uploads\/2017\/11\/judiciales1.jpg?fit=1280%2C696&ssl=1","jetpack_sharing_enabled":true,"_links":{"self":[{"href":"http:\/\/vamosporlaliberacion.org\/crpmlm\/wp-json\/wp\/v2\/posts\/10606","targetHints":{"allow":["GET"]}}],"collection":[{"href":"http:\/\/vamosporlaliberacion.org\/crpmlm\/wp-json\/wp\/v2\/posts"}],"about":[{"href":"http:\/\/vamosporlaliberacion.org\/crpmlm\/wp-json\/wp\/v2\/types\/post"}],"author":[{"embeddable":true,"href":"http:\/\/vamosporlaliberacion.org\/crpmlm\/wp-json\/wp\/v2\/users\/5"}],"replies":[{"embeddable":true,"href":"http:\/\/vamosporlaliberacion.org\/crpmlm\/wp-json\/wp\/v2\/comments?post=10606"}],"version-history":[{"count":0,"href":"http:\/\/vamosporlaliberacion.org\/crpmlm\/wp-json\/wp\/v2\/posts\/10606\/revisions"}],"wp:featuredmedia":[{"embeddable":true,"href":"http:\/\/vamosporlaliberacion.org\/crpmlm\/wp-json\/wp\/v2\/media\/10607"}],"wp:attachment":[{"href":"http:\/\/vamosporlaliberacion.org\/crpmlm\/wp-json\/wp\/v2\/media?parent=10606"}],"wp:term":[{"taxonomy":"category","embeddable":true,"href":"http:\/\/vamosporlaliberacion.org\/crpmlm\/wp-json\/wp\/v2\/categories?post=10606"},{"taxonomy":"post_tag","embeddable":true,"href":"http:\/\/vamosporlaliberacion.org\/crpmlm\/wp-json\/wp\/v2\/tags?post=10606"}],"curies":[{"name":"wp","href":"https:\/\/api.w.org\/{rel}","templated":true}]}}