{"id":10600,"date":"2017-11-24T21:13:54","date_gmt":"2017-11-25T00:13:54","guid":{"rendered":"http:\/\/vamosporlaliberacion.org\/crpmlm\/?p=10600"},"modified":"2017-11-27T11:23:00","modified_gmt":"2017-11-27T14:23:00","slug":"en-defensa-de-la-soberania-la-industria-y-el-pueblo-fueguino","status":"publish","type":"post","link":"http:\/\/vamosporlaliberacion.org\/crpmlm\/en-defensa-de-la-soberania-la-industria-y-el-pueblo-fueguino\/","title":{"rendered":"En defensa de la soberan\u00eda, la industria y el pueblo fueguino"},"content":{"rendered":"<p>El lunes 20 de noviembre, en el marco del D\u00eda de la Soberan\u00eda Nacional, m\u00e1s de mil fueguinos se movilizaron en la ciudad de R\u00edo Grande en rechazo de las reformas laboral, tributaria y previsional del Gobierno Nacional, avaladas por el Gobierno Provincial de Rosana Bertone, y en defensa de la soberan\u00eda nacional y el derecho a vivir en Tierra del Fuego.<\/p>\n<p>La concentraci\u00f3n en la Plaza de las Am\u00e9ricas fue convocada por la Mesa Multisectorial por la Soberan\u00eda, compuesta por distintas organizaciones gremiales, pol\u00edticos, sociales, estudiantiles y barriales, y tomaron la palabra Yolanda Dips del sindicato de prensa, Yamila Prinos desde trabajadores del Estado Provincial, Ver\u00f3nica Andino del SUTEF y Pablo Ib\u00e1\u00f1ez de la UOM.<\/p>\n<p>Se present\u00f3 un documento consensuado denunciando las \u201cpol\u00edticas extorsivas que son parte de un plan para despoblar la isla\u201d, donde se expres\u00f3: \u201cLa Patagonia toda est\u00e1 en riesgo y la intenci\u00f3n es despoblarla. Tierra del Fuego no est\u00e1 exenta, siendo m\u00e1s grave aun teniendo en cuenta que es la provincia que acuna a nuestras islas Malvinas y su posici\u00f3n geopol\u00edtica es clave al ser la puerta de entrada a la reserva natural de agua dulce m\u00e1s grande del mundo, la Ant\u00e1rtida\u201d. Y afirmaron que \u201cel gobierno nacional que le perdon\u00f3 las retenciones a la oligarqu\u00eda sojera y las explotadoras mineras por el doble de lo que representa el costo fiscal que ellos dicen sobre Tierra del Fuego, es el responsable a trav\u00e9s del proyecto de reforma tributaria \u2013acordado entre Bertone y Macri- de que la extorsi\u00f3n contin\u00fae agravando la econom\u00eda local a tal punto que nos dejar\u00e1 el desolador panorama de los a\u00f1os 90, donde la cantidad de operarios industriales super\u00f3 apenas los 600\u201d.<\/p>\n<p>Tambi\u00e9n se exigi\u00f3 que \u201cque el Estado cese en la persecuci\u00f3n contra dirigentes sindicales como represalia por el ejercicio de su funci\u00f3n de representantes de los trabajadores y en particular por el desarrollo de acciones como la huelga y la protesta\u201d y se reclam\u00f3 \u201cel mantenimiento de todas aquellas pol\u00edticas p\u00fablicas que garanticen el proceso de poblamiento y la puesta en marcha de todas aquellas que las profundicen, ya que cualquier acci\u00f3n en contrario, corre a favor de los intereses coloniales de los brit\u00e1nicos y en detrimento de generaciones de argentinos que han invertido en un proyecto de Naci\u00f3n que se extiende y se ocupa de su destino de Pa\u00eds bicontinental y bi-oce\u00e1nico\u201d.<\/p>\n<p>Finalmente, las organizaciones se comprometieron a seguir trabajando \u201cen la m\u00e1xima unidad a trav\u00e9s de una sola consigna: la continuidad de todos los puestos de trabajo para conservar nuestro derecho a vivir en la Tierra del Fuego con dignidad, haciendo patria, defendiendo nuestra Soberan\u00eda con la experiencia de nuestros trabajadores, la energ\u00eda de nuestros j\u00f3venes y estudiantes, la creatividad de nuestros artistas y con la fortaleza de nuestros combatientes hasta lograr la victoria siempre\u201d.<\/p>\n<!-- AddThis Advanced Settings generic via filter on the_content --><!-- AddThis Share Buttons generic via filter on the_content -->","protected":false},"excerpt":{"rendered":"<p>El lunes 20 de noviembre, en el marco del D\u00eda de la Soberan\u00eda Nacional, m\u00e1s de mil fueguinos se movilizaron en la ciudad de R\u00edo Grande en rechazo de las reformas laboral, tributaria y previsional del Gobierno Nacional, avaladas por el Gobierno Provincial de Rosana Bertone, y en defensa de la soberan\u00eda nacional y el [&hellip;]<!-- AddThis Advanced Settings generic via filter on get_the_excerpt --><!-- AddThis Share Buttons generic via filter on get_the_excerpt --><\/p>\n","protected":false},"author":5,"featured_media":10601,"comment_status":"open","ping_status":"open","sticky":false,"template":"","format":"standard","meta":{"_jetpack_memberships_contains_paid_content":false,"footnotes":""},"categories":[1699],"tags":[521,238,251,1105],"class_list":{"0":"post-10600","1":"post","2":"type-post","3":"status-publish","4":"format-standard","5":"has-post-thumbnail","7":"category-noticias","8":"tag-destacado-1","9":"tag-soberania","10":"tag-tierra-del-fuego","11":"tag-vxl-110"},"yoast_head":"<!-- This site is optimized with the Yoast SEO plugin v27.4 - https:\/\/yoast.com\/product\/yoast-seo-wordpress\/ -->\n<title>En defensa de la soberan\u00eda, la industria y el pueblo fueguino - Vamos por la Liberaci\u00f3n<\/title>\n<meta name=\"robots\" content=\"index, follow, max-snippet:-1, max-image-preview:large, max-video-preview:-1\" \/>\n<link rel=\"canonical\" href=\"https:\/\/vamosporlaliberacion.org\/crpmlm\/en-defensa-de-la-soberania-la-industria-y-el-pueblo-fueguino\/\" \/>\n<meta name=\"twitter:label1\" content=\"Escrito por\" \/>\n\t<meta name=\"twitter:data1\" content=\"\" \/>\n\t<meta name=\"twitter:label2\" content=\"Tiempo de lectura\" \/>\n\t<meta name=\"twitter:data2\" content=\"3 minutos\" \/>\n<script type=\"application\/ld+json\" class=\"yoast-schema-graph\">{\"@context\":\"https:\\\/\\\/schema.org\",\"@graph\":[{\"@type\":\"Article\",\"@id\":\"https:\\\/\\\/vamosporlaliberacion.org\\\/crpmlm\\\/en-defensa-de-la-soberania-la-industria-y-el-pueblo-fueguino\\\/#article\",\"isPartOf\":{\"@id\":\"https:\\\/\\\/vamosporlaliberacion.org\\\/crpmlm\\\/en-defensa-de-la-soberania-la-industria-y-el-pueblo-fueguino\\\/\"},\"author\":{\"name\":\"\",\"@id\":\"\"},\"headline\":\"En defensa de la soberan\u00eda, la industria y el pueblo fueguino\",\"datePublished\":\"2017-11-25T00:13:54+00:00\",\"dateModified\":\"2017-11-27T14:23:00+00:00\",\"mainEntityOfPage\":{\"@id\":\"https:\\\/\\\/vamosporlaliberacion.org\\\/crpmlm\\\/en-defensa-de-la-soberania-la-industria-y-el-pueblo-fueguino\\\/\"},\"wordCount\":515,\"commentCount\":0,\"image\":{\"@id\":\"https:\\\/\\\/vamosporlaliberacion.org\\\/crpmlm\\\/en-defensa-de-la-soberania-la-industria-y-el-pueblo-fueguino\\\/#primaryimage\"},\"thumbnailUrl\":\"https:\\\/\\\/i0.wp.com\\\/vamosporlaliberacion.org\\\/crpmlm\\\/wp-content\\\/uploads\\\/2017\\\/11\\\/marcha1.jpg?fit=1024%2C576&ssl=1\",\"keywords\":[\"destacado 1\",\"Soberania\",\"Tierra del Fuego\",\"vxl 110\"],\"articleSection\":[\"Noticias\"],\"inLanguage\":\"es\",\"potentialAction\":[{\"@type\":\"CommentAction\",\"name\":\"Comment\",\"target\":[\"https:\\\/\\\/vamosporlaliberacion.org\\\/crpmlm\\\/en-defensa-de-la-soberania-la-industria-y-el-pueblo-fueguino\\\/#respond\"]}]},{\"@type\":\"WebPage\",\"@id\":\"https:\\\/\\\/vamosporlaliberacion.org\\\/crpmlm\\\/en-defensa-de-la-soberania-la-industria-y-el-pueblo-fueguino\\\/\",\"url\":\"https:\\\/\\\/vamosporlaliberacion.org\\\/crpmlm\\\/en-defensa-de-la-soberania-la-industria-y-el-pueblo-fueguino\\\/\",\"name\":\"En defensa de la soberan\u00eda, la industria y el pueblo fueguino - Vamos por la Liberaci\u00f3n\",\"isPartOf\":{\"@id\":\"https:\\\/\\\/vamosporlaliberacion.org\\\/crpmlm\\\/#website\"},\"primaryImageOfPage\":{\"@id\":\"https:\\\/\\\/vamosporlaliberacion.org\\\/crpmlm\\\/en-defensa-de-la-soberania-la-industria-y-el-pueblo-fueguino\\\/#primaryimage\"},\"image\":{\"@id\":\"https:\\\/\\\/vamosporlaliberacion.org\\\/crpmlm\\\/en-defensa-de-la-soberania-la-industria-y-el-pueblo-fueguino\\\/#primaryimage\"},\"thumbnailUrl\":\"https:\\\/\\\/i0.wp.com\\\/vamosporlaliberacion.org\\\/crpmlm\\\/wp-content\\\/uploads\\\/2017\\\/11\\\/marcha1.jpg?fit=1024%2C576&ssl=1\",\"datePublished\":\"2017-11-25T00:13:54+00:00\",\"dateModified\":\"2017-11-27T14:23:00+00:00\",\"author\":{\"@id\":\"\"},\"breadcrumb\":{\"@id\":\"https:\\\/\\\/vamosporlaliberacion.org\\\/crpmlm\\\/en-defensa-de-la-soberania-la-industria-y-el-pueblo-fueguino\\\/#breadcrumb\"},\"inLanguage\":\"es\",\"potentialAction\":[{\"@type\":\"ReadAction\",\"target\":[\"https:\\\/\\\/vamosporlaliberacion.org\\\/crpmlm\\\/en-defensa-de-la-soberania-la-industria-y-el-pueblo-fueguino\\\/\"]}]},{\"@type\":\"ImageObject\",\"inLanguage\":\"es\",\"@id\":\"https:\\\/\\\/vamosporlaliberacion.org\\\/crpmlm\\\/en-defensa-de-la-soberania-la-industria-y-el-pueblo-fueguino\\\/#primaryimage\",\"url\":\"https:\\\/\\\/i0.wp.com\\\/vamosporlaliberacion.org\\\/crpmlm\\\/wp-content\\\/uploads\\\/2017\\\/11\\\/marcha1.jpg?fit=1024%2C576&ssl=1\",\"contentUrl\":\"https:\\\/\\\/i0.wp.com\\\/vamosporlaliberacion.org\\\/crpmlm\\\/wp-content\\\/uploads\\\/2017\\\/11\\\/marcha1.jpg?fit=1024%2C576&ssl=1\",\"width\":1024,\"height\":576},{\"@type\":\"BreadcrumbList\",\"@id\":\"https:\\\/\\\/vamosporlaliberacion.org\\\/crpmlm\\\/en-defensa-de-la-soberania-la-industria-y-el-pueblo-fueguino\\\/#breadcrumb\",\"itemListElement\":[{\"@type\":\"ListItem\",\"position\":1,\"name\":\"Portada\",\"item\":\"https:\\\/\\\/vamosporlaliberacion.org\\\/crpmlm\\\/\"},{\"@type\":\"ListItem\",\"position\":2,\"name\":\"En defensa de la soberan\u00eda, la industria y el pueblo fueguino\"}]},{\"@type\":\"WebSite\",\"@id\":\"https:\\\/\\\/vamosporlaliberacion.org\\\/crpmlm\\\/#website\",\"url\":\"https:\\\/\\\/vamosporlaliberacion.org\\\/crpmlm\\\/\",\"name\":\"Vamos por la Liberaci\u00f3n\",\"description\":\"Prensa CR\",\"potentialAction\":[{\"@type\":\"SearchAction\",\"target\":{\"@type\":\"EntryPoint\",\"urlTemplate\":\"https:\\\/\\\/vamosporlaliberacion.org\\\/crpmlm\\\/?s={search_term_string}\"},\"query-input\":{\"@type\":\"PropertyValueSpecification\",\"valueRequired\":true,\"valueName\":\"search_term_string\"}}],\"inLanguage\":\"es\"},{\"@type\":\"Person\",\"@id\":\"\",\"url\":\"http:\\\/\\\/vamosporlaliberacion.org\\\/crpmlm\\\/author\\\/\"}]}<\/script>\n<!-- \/ Yoast SEO plugin. -->","yoast_head_json":{"title":"En defensa de la soberan\u00eda, la industria y el pueblo fueguino - Vamos por la Liberaci\u00f3n","robots":{"index":"index","follow":"follow","max-snippet":"max-snippet:-1","max-image-preview":"max-image-preview:large","max-video-preview":"max-video-preview:-1"},"canonical":"https:\/\/vamosporlaliberacion.org\/crpmlm\/en-defensa-de-la-soberania-la-industria-y-el-pueblo-fueguino\/","twitter_misc":{"Escrito por":"","Tiempo de lectura":"3 minutos"},"schema":{"@context":"https:\/\/schema.org","@graph":[{"@type":"Article","@id":"https:\/\/vamosporlaliberacion.org\/crpmlm\/en-defensa-de-la-soberania-la-industria-y-el-pueblo-fueguino\/#article","isPartOf":{"@id":"https:\/\/vamosporlaliberacion.org\/crpmlm\/en-defensa-de-la-soberania-la-industria-y-el-pueblo-fueguino\/"},"author":{"name":"","@id":""},"headline":"En defensa de la soberan\u00eda, la industria y el pueblo fueguino","datePublished":"2017-11-25T00:13:54+00:00","dateModified":"2017-11-27T14:23:00+00:00","mainEntityOfPage":{"@id":"https:\/\/vamosporlaliberacion.org\/crpmlm\/en-defensa-de-la-soberania-la-industria-y-el-pueblo-fueguino\/"},"wordCount":515,"commentCount":0,"image":{"@id":"https:\/\/vamosporlaliberacion.org\/crpmlm\/en-defensa-de-la-soberania-la-industria-y-el-pueblo-fueguino\/#primaryimage"},"thumbnailUrl":"https:\/\/i0.wp.com\/vamosporlaliberacion.org\/crpmlm\/wp-content\/uploads\/2017\/11\/marcha1.jpg?fit=1024%2C576&ssl=1","keywords":["destacado 1","Soberania","Tierra del Fuego","vxl 110"],"articleSection":["Noticias"],"inLanguage":"es","potentialAction":[{"@type":"CommentAction","name":"Comment","target":["https:\/\/vamosporlaliberacion.org\/crpmlm\/en-defensa-de-la-soberania-la-industria-y-el-pueblo-fueguino\/#respond"]}]},{"@type":"WebPage","@id":"https:\/\/vamosporlaliberacion.org\/crpmlm\/en-defensa-de-la-soberania-la-industria-y-el-pueblo-fueguino\/","url":"https:\/\/vamosporlaliberacion.org\/crpmlm\/en-defensa-de-la-soberania-la-industria-y-el-pueblo-fueguino\/","name":"En defensa de la soberan\u00eda, la industria y el pueblo fueguino - Vamos por la Liberaci\u00f3n","isPartOf":{"@id":"https:\/\/vamosporlaliberacion.org\/crpmlm\/#website"},"primaryImageOfPage":{"@id":"https:\/\/vamosporlaliberacion.org\/crpmlm\/en-defensa-de-la-soberania-la-industria-y-el-pueblo-fueguino\/#primaryimage"},"image":{"@id":"https:\/\/vamosporlaliberacion.org\/crpmlm\/en-defensa-de-la-soberania-la-industria-y-el-pueblo-fueguino\/#primaryimage"},"thumbnailUrl":"https:\/\/i0.wp.com\/vamosporlaliberacion.org\/crpmlm\/wp-content\/uploads\/2017\/11\/marcha1.jpg?fit=1024%2C576&ssl=1","datePublished":"2017-11-25T00:13:54+00:00","dateModified":"2017-11-27T14:23:00+00:00","author":{"@id":""},"breadcrumb":{"@id":"https:\/\/vamosporlaliberacion.org\/crpmlm\/en-defensa-de-la-soberania-la-industria-y-el-pueblo-fueguino\/#breadcrumb"},"inLanguage":"es","potentialAction":[{"@type":"ReadAction","target":["https:\/\/vamosporlaliberacion.org\/crpmlm\/en-defensa-de-la-soberania-la-industria-y-el-pueblo-fueguino\/"]}]},{"@type":"ImageObject","inLanguage":"es","@id":"https:\/\/vamosporlaliberacion.org\/crpmlm\/en-defensa-de-la-soberania-la-industria-y-el-pueblo-fueguino\/#primaryimage","url":"https:\/\/i0.wp.com\/vamosporlaliberacion.org\/crpmlm\/wp-content\/uploads\/2017\/11\/marcha1.jpg?fit=1024%2C576&ssl=1","contentUrl":"https:\/\/i0.wp.com\/vamosporlaliberacion.org\/crpmlm\/wp-content\/uploads\/2017\/11\/marcha1.jpg?fit=1024%2C576&ssl=1","width":1024,"height":576},{"@type":"BreadcrumbList","@id":"https:\/\/vamosporlaliberacion.org\/crpmlm\/en-defensa-de-la-soberania-la-industria-y-el-pueblo-fueguino\/#breadcrumb","itemListElement":[{"@type":"ListItem","position":1,"name":"Portada","item":"https:\/\/vamosporlaliberacion.org\/crpmlm\/"},{"@type":"ListItem","position":2,"name":"En defensa de la soberan\u00eda, la industria y el pueblo fueguino"}]},{"@type":"WebSite","@id":"https:\/\/vamosporlaliberacion.org\/crpmlm\/#website","url":"https:\/\/vamosporlaliberacion.org\/crpmlm\/","name":"Vamos por la Liberaci\u00f3n","description":"Prensa CR","potentialAction":[{"@type":"SearchAction","target":{"@type":"EntryPoint","urlTemplate":"https:\/\/vamosporlaliberacion.org\/crpmlm\/?s={search_term_string}"},"query-input":{"@type":"PropertyValueSpecification","valueRequired":true,"valueName":"search_term_string"}}],"inLanguage":"es"},{"@type":"Person","@id":"","url":"http:\/\/vamosporlaliberacion.org\/crpmlm\/author\/"}]}},"jetpack_featured_media_url":"https:\/\/i0.wp.com\/vamosporlaliberacion.org\/crpmlm\/wp-content\/uploads\/2017\/11\/marcha1.jpg?fit=1024%2C576&ssl=1","jetpack_sharing_enabled":true,"_links":{"self":[{"href":"http:\/\/vamosporlaliberacion.org\/crpmlm\/wp-json\/wp\/v2\/posts\/10600","targetHints":{"allow":["GET"]}}],"collection":[{"href":"http:\/\/vamosporlaliberacion.org\/crpmlm\/wp-json\/wp\/v2\/posts"}],"about":[{"href":"http:\/\/vamosporlaliberacion.org\/crpmlm\/wp-json\/wp\/v2\/types\/post"}],"author":[{"embeddable":true,"href":"http:\/\/vamosporlaliberacion.org\/crpmlm\/wp-json\/wp\/v2\/users\/5"}],"replies":[{"embeddable":true,"href":"http:\/\/vamosporlaliberacion.org\/crpmlm\/wp-json\/wp\/v2\/comments?post=10600"}],"version-history":[{"count":0,"href":"http:\/\/vamosporlaliberacion.org\/crpmlm\/wp-json\/wp\/v2\/posts\/10600\/revisions"}],"wp:featuredmedia":[{"embeddable":true,"href":"http:\/\/vamosporlaliberacion.org\/crpmlm\/wp-json\/wp\/v2\/media\/10601"}],"wp:attachment":[{"href":"http:\/\/vamosporlaliberacion.org\/crpmlm\/wp-json\/wp\/v2\/media?parent=10600"}],"wp:term":[{"taxonomy":"category","embeddable":true,"href":"http:\/\/vamosporlaliberacion.org\/crpmlm\/wp-json\/wp\/v2\/categories?post=10600"},{"taxonomy":"post_tag","embeddable":true,"href":"http:\/\/vamosporlaliberacion.org\/crpmlm\/wp-json\/wp\/v2\/tags?post=10600"}],"curies":[{"name":"wp","href":"https:\/\/api.w.org\/{rel}","templated":true}]}}