{"id":10595,"date":"2017-11-25T21:07:33","date_gmt":"2017-11-26T00:07:33","guid":{"rendered":"http:\/\/vamosporlaliberacion.org\/crpmlm\/?p=10595"},"modified":"2017-11-27T11:24:55","modified_gmt":"2017-11-27T14:24:55","slug":"reforma-laboral-sigue-siendo-un-retroceso","status":"publish","type":"post","link":"http:\/\/vamosporlaliberacion.org\/crpmlm\/reforma-laboral-sigue-siendo-un-retroceso\/","title":{"rendered":"Reforma laboral: Sigue siendo un retroceso"},"content":{"rendered":"<p>El gobierno hab\u00eda lanzado un borrador de proyecto que se\u00f1alaba obscenamente hacia d\u00f3nde quiere ir. El proyecto acordado con el Triunvirato de la CGT enviado al Congreso deja algunas cuestiones en suspenso o para discutir por convenio. Pero sigue siendo un claro retroceso. Sintetizamos algunos de estos puntos, que necesitan ser enfrentados con el agrupamiento m\u00e1s amplio posible.<\/p>\n<p>\u2022 <strong>Mesa de di\u00e1logo tripartita<\/strong>. Se acord\u00f3 la conformaci\u00f3n de una Mesa de Di\u00e1logo permanente conformada por representantes del Estado, el empresariado y los sindicatos, en donde se ir\u00e1n evaluando nuevas modificaciones al marco laboral, entre ellas muchas de las que se omiten del proyecto enviado al Congreso.<\/p>\n<p>\u2022 <strong>\u201cBlanqueo\u201d.<\/strong> Se mantiene la obscena eximici\u00f3n de multas a los empresarios que mantuvieron por a\u00f1os a sus empleados en negro. Parte de estas multas deb\u00edan pagarlas a los sistemas de previsi\u00f3n y seguridad social estatales y parte directamente a los trabajadores, por lo que constituye una gran transferencia de ingresos directos e indirectos de los trabajadores al capital. Quienes blanqueen en los primeros 180 d\u00edas gozar\u00e1n de una condonaci\u00f3n del 100% de las multas, y en los 180 d\u00edas posteriores un 70%. A los trabajadores efectivizados se les computar\u00e1 hasta un m\u00e1ximo de 5 a\u00f1os de aportes jubilatorios, aunque hayan estado en negro mucho m\u00e1s, y quedan inhabilitados de efectuar acciones penales.<\/p>\n<p>\u2022 <strong>Enfoque sobre trabajo-capital.<\/strong> Se quit\u00f3 el art\u00edculo del borrador que modificaba la definici\u00f3n de la relaci\u00f3n entre capitalista y trabajador, que buscaba pasar a presentarla como una relaci\u00f3n de \u201ccooperaci\u00f3n\u201d entre iguales. Se mantiene el planteo de que existe una relaci\u00f3n desigual, situaci\u00f3n que fundamenta la existencia misma del Derecho Laboral.<\/p>\n<p>\u2022 <strong>\u00a1Renunciabilidad!<\/strong> Hasta ahora si un trabajador obten\u00eda mejores condiciones que las establecidas en la Ley de Contrato de Trabajo o los convenios, \u00e9stas no pod\u00edan ser modificadas a la baja, eran \u201cirrenunciables\u201d. Se part\u00eda de que el trabajador est\u00e1 en inferioridad de condiciones frente al empleador, y por lo tanto que dicha \u201crenuncia\u201d ser\u00eda contra su voluntad. El proyecto original del gobierno plante\u00f3 que s\u00ed se pod\u00eda efectuar esta \u201crenuncia\u201d; ahora lo \u00fanico que se incorpor\u00f3 fue que esta sea v\u00e1lida solo si se hace en el Ministerio con la participaci\u00f3n de los abogados del sindicato y se homologa.<\/p>\n<p>\u2022 <strong>Tercerizaci\u00f3n y subcontrataci\u00f3n<\/strong>. Se favorece la tercerizaci\u00f3n de tareas, excluyendo de la \u201cresponsabilidad solidaria\u201d de la empresa principal a las tareas de limpieza y seguridad, y agregando ahora el montaje de instalaciones y maquinarias, servicios m\u00e9dicos de \u201cemergencias\u201d, gastronom\u00eda, inform\u00e1tica y transporte del personal. Para el resto, la empresa principal podr\u00e1 desligarse de toda responsabilidad si, en caso de incumplimientos de la normativa laboral, demuestra que cumplieron con las tareas de control sobre las tercerizadas.<\/p>\n<p>\u2022 <strong>Banco de horas.<\/strong> Se quit\u00f3 del proyecto el \u201cbanco de horas\u201d, que establec\u00eda jornadas el\u00e1sticas de hasta 10 horas que pod\u00edan \u201cdevolverse\u201d en el transcurso de un a\u00f1o. Esto evitaba a las empresas pagar horas extras en los momentos estacionales de mayor producci\u00f3n. Y de hecho pone la vida del trabajador a disposici\u00f3n de las conveniencias del empresario. Si bien ahora no est\u00e1 en el proyecto, se acord\u00f3 discutirlo convenio por convenio.<\/p>\n<p>\u2022 <strong>Indemnizaciones<\/strong>. El proyecto original pretend\u00eda calcular las indemnizaciones sin causa excluyendo aguinaldo, horas extras, comisiones, premios, bonos, compensaci\u00f3n de gastos, etc. En el nuevo proyecto se excluye del c\u00e1lculo a aguinaldo, bonos sin periodicidad mensual, premios y compensaci\u00f3n de gastos (esto \u00faltimo muchas veces es utilizado como pago de una parte salarial en negro). Adem\u00e1s, se abre la puerta a la creaci\u00f3n de los \u201cFondos de Cese Laboral\u201d por sector, con representaci\u00f3n empresarial y sindical, facilitando enormemente los despidos, lo que se negociar\u00e1 en cada convenio por sector a voluntad de los empresarios.<\/p>\n<p>\u2022 <strong>Pasant\u00edas.<\/strong> Se establece el \u201cSistema de Pr\u00e1cticas Formativas\u201d para estudiantes y j\u00f3venes, por los que estos ir\u00e1n a trabajar a empresas p\u00fablicas o privadas fuera de todo convenio y derechos, a cambio de una \u201casignaci\u00f3n est\u00edmulo\u201d que no contempla aportes jubilatorios ni obra social. El \u00fanico cambio respecto del borrador es que de 1 a\u00f1o y medio como m\u00e1ximo se pas\u00f3 a 1 a\u00f1o. Se basa en la idea de que la funci\u00f3n del sistema educativo ser\u00eda formar trabajadores para responder a los requerimientos de los empresarios.<\/p>\n<p>\u2022 <strong>Nuevas figuras laborales<\/strong>. Se mantiene como en el borrador la figura del \u201ctrabajador profesional aut\u00f3nomo econ\u00f3micamente vinculado\u201d para quienes presten un servicio \u201cespecializado\u201d aunque dependan de un mismo empleador hasta el 80% de sus ingresos. Quedan as\u00ed por fuera de la Ley de Contrato de Trabajo (LCT) y pasan a regirse por una regulaci\u00f3n especial. La nueva figura del \u201ctrabajador independiente con colaboradores\u201d por fuera de la LCT se sac\u00f3 del proyecto, pero se deriv\u00f3 a la Mesa Tripartita.<\/p>\n<p>\u2022 <strong>Modificaci\u00f3n unilateral de las condiciones de trabajo<\/strong>. Se mantiene la modificaci\u00f3n del \u201cIus variandi\u201d, que ante una modificaci\u00f3n unilateral de las condiciones de trabajo por parte del empleador otorgaba derecho al trabajador a accionar judicialmente contra el empleador para reestablecer la situaci\u00f3n anterior. Ahora solo podr\u00e1 darse por despedido o quedar a la espera de un largo juicio, facilitando los cambios arbitrarios en las condiciones y dando a la patronal una nueva herramienta para efectuar despidos.<\/p>\n<p>\u2022<strong> Reducci\u00f3n del tiempo para demandas<\/strong>. Se mantiene la reducci\u00f3n del plazo de prescripci\u00f3n para presentar reclamos laborales de dos a\u00f1os a uno (la dictadura la hab\u00eda acotado de cuatro a dos).<\/p>\n<p>\u2022 <strong>Capacitaci\u00f3n laboral continua<\/strong>. Presentado como un derecho de los trabajadores y no como una necesidad empresarial, se instituye un programa de capacitaci\u00f3n laboral permanente, dirigido por el capital, que favorezca la polifuncionalidad y la flexibilidad de los sistemas productivos. Adem\u00e1s, se crear\u00e1n una \u201cCredencial de Registro Ocupacional\u201d y una \u201cRed Federal de Servicios de Empleo\u201d, que permitir\u00e1 a los empleadores conocer los antecedentes, calificaciones y actividades gremiales de cada trabajador, brind\u00e1ndoles una herramienta de control y disciplinamiento sobre los trabajadores.<\/p>\n<p>&nbsp;<\/p>\n<!-- AddThis Advanced Settings generic via filter on the_content --><!-- AddThis Share Buttons generic via filter on the_content -->","protected":false},"excerpt":{"rendered":"<p>El gobierno hab\u00eda lanzado un borrador de proyecto que se\u00f1alaba obscenamente hacia d\u00f3nde quiere ir. El proyecto acordado con el Triunvirato de la CGT enviado al Congreso deja algunas cuestiones en suspenso o para discutir por convenio. Pero sigue siendo un claro retroceso. Sintetizamos algunos de estos puntos, que necesitan ser enfrentados con el agrupamiento [&hellip;]<!-- AddThis Advanced Settings generic via filter on get_the_excerpt --><!-- AddThis Share Buttons generic via filter on get_the_excerpt --><\/p>\n","protected":false},"author":5,"featured_media":10535,"comment_status":"open","ping_status":"open","sticky":false,"template":"","format":"standard","meta":{"_jetpack_memberships_contains_paid_content":false,"footnotes":""},"categories":[1699],"tags":[521,710,1105],"class_list":{"0":"post-10595","1":"post","2":"type-post","3":"status-publish","4":"format-standard","5":"has-post-thumbnail","7":"category-noticias","8":"tag-destacado-1","9":"tag-reforma-laboral","10":"tag-vxl-110"},"yoast_head":"<!-- This site is optimized with the Yoast SEO plugin v27.4 - https:\/\/yoast.com\/product\/yoast-seo-wordpress\/ -->\n<title>Reforma laboral: Sigue siendo un retroceso - Vamos por la Liberaci\u00f3n<\/title>\n<meta name=\"robots\" content=\"index, follow, max-snippet:-1, max-image-preview:large, max-video-preview:-1\" \/>\n<link rel=\"canonical\" href=\"https:\/\/vamosporlaliberacion.org\/crpmlm\/reforma-laboral-sigue-siendo-un-retroceso\/\" \/>\n<meta name=\"twitter:label1\" content=\"Escrito por\" \/>\n\t<meta name=\"twitter:data1\" content=\"\" \/>\n\t<meta name=\"twitter:label2\" content=\"Tiempo de lectura\" \/>\n\t<meta name=\"twitter:data2\" content=\"5 minutos\" \/>\n<script type=\"application\/ld+json\" class=\"yoast-schema-graph\">{\"@context\":\"https:\\\/\\\/schema.org\",\"@graph\":[{\"@type\":\"Article\",\"@id\":\"https:\\\/\\\/vamosporlaliberacion.org\\\/crpmlm\\\/reforma-laboral-sigue-siendo-un-retroceso\\\/#article\",\"isPartOf\":{\"@id\":\"https:\\\/\\\/vamosporlaliberacion.org\\\/crpmlm\\\/reforma-laboral-sigue-siendo-un-retroceso\\\/\"},\"author\":{\"name\":\"\",\"@id\":\"\"},\"headline\":\"Reforma laboral: Sigue siendo un retroceso\",\"datePublished\":\"2017-11-26T00:07:33+00:00\",\"dateModified\":\"2017-11-27T14:24:55+00:00\",\"mainEntityOfPage\":{\"@id\":\"https:\\\/\\\/vamosporlaliberacion.org\\\/crpmlm\\\/reforma-laboral-sigue-siendo-un-retroceso\\\/\"},\"wordCount\":1039,\"commentCount\":0,\"image\":{\"@id\":\"https:\\\/\\\/vamosporlaliberacion.org\\\/crpmlm\\\/reforma-laboral-sigue-siendo-un-retroceso\\\/#primaryimage\"},\"thumbnailUrl\":\"https:\\\/\\\/i0.wp.com\\\/vamosporlaliberacion.org\\\/crpmlm\\\/wp-content\\\/uploads\\\/2017\\\/11\\\/23641-711-550.jpg?fit=711%2C550&ssl=1\",\"keywords\":[\"destacado 1\",\"reforma laboral\",\"vxl 110\"],\"articleSection\":[\"Noticias\"],\"inLanguage\":\"es\",\"potentialAction\":[{\"@type\":\"CommentAction\",\"name\":\"Comment\",\"target\":[\"https:\\\/\\\/vamosporlaliberacion.org\\\/crpmlm\\\/reforma-laboral-sigue-siendo-un-retroceso\\\/#respond\"]}]},{\"@type\":\"WebPage\",\"@id\":\"https:\\\/\\\/vamosporlaliberacion.org\\\/crpmlm\\\/reforma-laboral-sigue-siendo-un-retroceso\\\/\",\"url\":\"https:\\\/\\\/vamosporlaliberacion.org\\\/crpmlm\\\/reforma-laboral-sigue-siendo-un-retroceso\\\/\",\"name\":\"Reforma laboral: Sigue siendo un retroceso - Vamos por la Liberaci\u00f3n\",\"isPartOf\":{\"@id\":\"https:\\\/\\\/vamosporlaliberacion.org\\\/crpmlm\\\/#website\"},\"primaryImageOfPage\":{\"@id\":\"https:\\\/\\\/vamosporlaliberacion.org\\\/crpmlm\\\/reforma-laboral-sigue-siendo-un-retroceso\\\/#primaryimage\"},\"image\":{\"@id\":\"https:\\\/\\\/vamosporlaliberacion.org\\\/crpmlm\\\/reforma-laboral-sigue-siendo-un-retroceso\\\/#primaryimage\"},\"thumbnailUrl\":\"https:\\\/\\\/i0.wp.com\\\/vamosporlaliberacion.org\\\/crpmlm\\\/wp-content\\\/uploads\\\/2017\\\/11\\\/23641-711-550.jpg?fit=711%2C550&ssl=1\",\"datePublished\":\"2017-11-26T00:07:33+00:00\",\"dateModified\":\"2017-11-27T14:24:55+00:00\",\"author\":{\"@id\":\"\"},\"breadcrumb\":{\"@id\":\"https:\\\/\\\/vamosporlaliberacion.org\\\/crpmlm\\\/reforma-laboral-sigue-siendo-un-retroceso\\\/#breadcrumb\"},\"inLanguage\":\"es\",\"potentialAction\":[{\"@type\":\"ReadAction\",\"target\":[\"https:\\\/\\\/vamosporlaliberacion.org\\\/crpmlm\\\/reforma-laboral-sigue-siendo-un-retroceso\\\/\"]}]},{\"@type\":\"ImageObject\",\"inLanguage\":\"es\",\"@id\":\"https:\\\/\\\/vamosporlaliberacion.org\\\/crpmlm\\\/reforma-laboral-sigue-siendo-un-retroceso\\\/#primaryimage\",\"url\":\"https:\\\/\\\/i0.wp.com\\\/vamosporlaliberacion.org\\\/crpmlm\\\/wp-content\\\/uploads\\\/2017\\\/11\\\/23641-711-550.jpg?fit=711%2C550&ssl=1\",\"contentUrl\":\"https:\\\/\\\/i0.wp.com\\\/vamosporlaliberacion.org\\\/crpmlm\\\/wp-content\\\/uploads\\\/2017\\\/11\\\/23641-711-550.jpg?fit=711%2C550&ssl=1\",\"width\":711,\"height\":550},{\"@type\":\"BreadcrumbList\",\"@id\":\"https:\\\/\\\/vamosporlaliberacion.org\\\/crpmlm\\\/reforma-laboral-sigue-siendo-un-retroceso\\\/#breadcrumb\",\"itemListElement\":[{\"@type\":\"ListItem\",\"position\":1,\"name\":\"Portada\",\"item\":\"https:\\\/\\\/vamosporlaliberacion.org\\\/crpmlm\\\/\"},{\"@type\":\"ListItem\",\"position\":2,\"name\":\"Reforma laboral: Sigue siendo un retroceso\"}]},{\"@type\":\"WebSite\",\"@id\":\"https:\\\/\\\/vamosporlaliberacion.org\\\/crpmlm\\\/#website\",\"url\":\"https:\\\/\\\/vamosporlaliberacion.org\\\/crpmlm\\\/\",\"name\":\"Vamos por la Liberaci\u00f3n\",\"description\":\"Prensa CR\",\"potentialAction\":[{\"@type\":\"SearchAction\",\"target\":{\"@type\":\"EntryPoint\",\"urlTemplate\":\"https:\\\/\\\/vamosporlaliberacion.org\\\/crpmlm\\\/?s={search_term_string}\"},\"query-input\":{\"@type\":\"PropertyValueSpecification\",\"valueRequired\":true,\"valueName\":\"search_term_string\"}}],\"inLanguage\":\"es\"},{\"@type\":\"Person\",\"@id\":\"\",\"url\":\"http:\\\/\\\/vamosporlaliberacion.org\\\/crpmlm\\\/author\\\/\"}]}<\/script>\n<!-- \/ Yoast SEO plugin. -->","yoast_head_json":{"title":"Reforma laboral: Sigue siendo un retroceso - Vamos por la Liberaci\u00f3n","robots":{"index":"index","follow":"follow","max-snippet":"max-snippet:-1","max-image-preview":"max-image-preview:large","max-video-preview":"max-video-preview:-1"},"canonical":"https:\/\/vamosporlaliberacion.org\/crpmlm\/reforma-laboral-sigue-siendo-un-retroceso\/","twitter_misc":{"Escrito por":"","Tiempo de lectura":"5 minutos"},"schema":{"@context":"https:\/\/schema.org","@graph":[{"@type":"Article","@id":"https:\/\/vamosporlaliberacion.org\/crpmlm\/reforma-laboral-sigue-siendo-un-retroceso\/#article","isPartOf":{"@id":"https:\/\/vamosporlaliberacion.org\/crpmlm\/reforma-laboral-sigue-siendo-un-retroceso\/"},"author":{"name":"","@id":""},"headline":"Reforma laboral: Sigue siendo un retroceso","datePublished":"2017-11-26T00:07:33+00:00","dateModified":"2017-11-27T14:24:55+00:00","mainEntityOfPage":{"@id":"https:\/\/vamosporlaliberacion.org\/crpmlm\/reforma-laboral-sigue-siendo-un-retroceso\/"},"wordCount":1039,"commentCount":0,"image":{"@id":"https:\/\/vamosporlaliberacion.org\/crpmlm\/reforma-laboral-sigue-siendo-un-retroceso\/#primaryimage"},"thumbnailUrl":"https:\/\/i0.wp.com\/vamosporlaliberacion.org\/crpmlm\/wp-content\/uploads\/2017\/11\/23641-711-550.jpg?fit=711%2C550&ssl=1","keywords":["destacado 1","reforma laboral","vxl 110"],"articleSection":["Noticias"],"inLanguage":"es","potentialAction":[{"@type":"CommentAction","name":"Comment","target":["https:\/\/vamosporlaliberacion.org\/crpmlm\/reforma-laboral-sigue-siendo-un-retroceso\/#respond"]}]},{"@type":"WebPage","@id":"https:\/\/vamosporlaliberacion.org\/crpmlm\/reforma-laboral-sigue-siendo-un-retroceso\/","url":"https:\/\/vamosporlaliberacion.org\/crpmlm\/reforma-laboral-sigue-siendo-un-retroceso\/","name":"Reforma laboral: Sigue siendo un retroceso - Vamos por la Liberaci\u00f3n","isPartOf":{"@id":"https:\/\/vamosporlaliberacion.org\/crpmlm\/#website"},"primaryImageOfPage":{"@id":"https:\/\/vamosporlaliberacion.org\/crpmlm\/reforma-laboral-sigue-siendo-un-retroceso\/#primaryimage"},"image":{"@id":"https:\/\/vamosporlaliberacion.org\/crpmlm\/reforma-laboral-sigue-siendo-un-retroceso\/#primaryimage"},"thumbnailUrl":"https:\/\/i0.wp.com\/vamosporlaliberacion.org\/crpmlm\/wp-content\/uploads\/2017\/11\/23641-711-550.jpg?fit=711%2C550&ssl=1","datePublished":"2017-11-26T00:07:33+00:00","dateModified":"2017-11-27T14:24:55+00:00","author":{"@id":""},"breadcrumb":{"@id":"https:\/\/vamosporlaliberacion.org\/crpmlm\/reforma-laboral-sigue-siendo-un-retroceso\/#breadcrumb"},"inLanguage":"es","potentialAction":[{"@type":"ReadAction","target":["https:\/\/vamosporlaliberacion.org\/crpmlm\/reforma-laboral-sigue-siendo-un-retroceso\/"]}]},{"@type":"ImageObject","inLanguage":"es","@id":"https:\/\/vamosporlaliberacion.org\/crpmlm\/reforma-laboral-sigue-siendo-un-retroceso\/#primaryimage","url":"https:\/\/i0.wp.com\/vamosporlaliberacion.org\/crpmlm\/wp-content\/uploads\/2017\/11\/23641-711-550.jpg?fit=711%2C550&ssl=1","contentUrl":"https:\/\/i0.wp.com\/vamosporlaliberacion.org\/crpmlm\/wp-content\/uploads\/2017\/11\/23641-711-550.jpg?fit=711%2C550&ssl=1","width":711,"height":550},{"@type":"BreadcrumbList","@id":"https:\/\/vamosporlaliberacion.org\/crpmlm\/reforma-laboral-sigue-siendo-un-retroceso\/#breadcrumb","itemListElement":[{"@type":"ListItem","position":1,"name":"Portada","item":"https:\/\/vamosporlaliberacion.org\/crpmlm\/"},{"@type":"ListItem","position":2,"name":"Reforma laboral: Sigue siendo un retroceso"}]},{"@type":"WebSite","@id":"https:\/\/vamosporlaliberacion.org\/crpmlm\/#website","url":"https:\/\/vamosporlaliberacion.org\/crpmlm\/","name":"Vamos por la Liberaci\u00f3n","description":"Prensa CR","potentialAction":[{"@type":"SearchAction","target":{"@type":"EntryPoint","urlTemplate":"https:\/\/vamosporlaliberacion.org\/crpmlm\/?s={search_term_string}"},"query-input":{"@type":"PropertyValueSpecification","valueRequired":true,"valueName":"search_term_string"}}],"inLanguage":"es"},{"@type":"Person","@id":"","url":"http:\/\/vamosporlaliberacion.org\/crpmlm\/author\/"}]}},"jetpack_featured_media_url":"https:\/\/i0.wp.com\/vamosporlaliberacion.org\/crpmlm\/wp-content\/uploads\/2017\/11\/23641-711-550.jpg?fit=711%2C550&ssl=1","jetpack_sharing_enabled":true,"_links":{"self":[{"href":"http:\/\/vamosporlaliberacion.org\/crpmlm\/wp-json\/wp\/v2\/posts\/10595","targetHints":{"allow":["GET"]}}],"collection":[{"href":"http:\/\/vamosporlaliberacion.org\/crpmlm\/wp-json\/wp\/v2\/posts"}],"about":[{"href":"http:\/\/vamosporlaliberacion.org\/crpmlm\/wp-json\/wp\/v2\/types\/post"}],"author":[{"embeddable":true,"href":"http:\/\/vamosporlaliberacion.org\/crpmlm\/wp-json\/wp\/v2\/users\/5"}],"replies":[{"embeddable":true,"href":"http:\/\/vamosporlaliberacion.org\/crpmlm\/wp-json\/wp\/v2\/comments?post=10595"}],"version-history":[{"count":0,"href":"http:\/\/vamosporlaliberacion.org\/crpmlm\/wp-json\/wp\/v2\/posts\/10595\/revisions"}],"wp:featuredmedia":[{"embeddable":true,"href":"http:\/\/vamosporlaliberacion.org\/crpmlm\/wp-json\/wp\/v2\/media\/10535"}],"wp:attachment":[{"href":"http:\/\/vamosporlaliberacion.org\/crpmlm\/wp-json\/wp\/v2\/media?parent=10595"}],"wp:term":[{"taxonomy":"category","embeddable":true,"href":"http:\/\/vamosporlaliberacion.org\/crpmlm\/wp-json\/wp\/v2\/categories?post=10595"},{"taxonomy":"post_tag","embeddable":true,"href":"http:\/\/vamosporlaliberacion.org\/crpmlm\/wp-json\/wp\/v2\/tags?post=10595"}],"curies":[{"name":"wp","href":"https:\/\/api.w.org\/{rel}","templated":true}]}}