{"id":10593,"date":"2017-11-23T21:04:11","date_gmt":"2017-11-24T00:04:11","guid":{"rendered":"http:\/\/vamosporlaliberacion.org\/crpmlm\/?p=10593"},"modified":"2017-11-23T21:04:11","modified_gmt":"2017-11-24T00:04:11","slug":"el-proyecto-de-ajuste-previsional","status":"publish","type":"post","link":"http:\/\/vamosporlaliberacion.org\/crpmlm\/el-proyecto-de-ajuste-previsional\/","title":{"rendered":"El proyecto de ajuste previsional"},"content":{"rendered":"<p>\u2022 <strong>Actualizaci\u00f3n<\/strong>. Hasta el momento la actualizaci\u00f3n de los haberes ten\u00eda en cuenta \u2013entre otras cosas\u2013 los aumentos de la recaudaci\u00f3n, lo que apuntaba a que los jubilados vayan recuperando su poder adquisitivo. Ahora pasar\u00edan a actualizarse casi exclusivamente seg\u00fan la inflaci\u00f3n. Es decir: las jubilaciones de hambre seguir\u00e1n siendo siempre de hambre. A esto se agreg\u00f3 un miserable aumento extra vinculado al PBI: un aumento porcentual igual a un veinteavo del aumento porcentual del PBI. Es decir: si la Argentina crece un 3% en 2017, el haber jubilatorio crecer\u00e1 un 0,15% extra por sobre la inflaci\u00f3n oficial (por ejemplo para un haber de $10.000, esto ser\u00edan $15 extras).<\/p>\n<p>\u2022 <strong>\u00bf\u201c82% m\u00f3vil\u201d?<\/strong> La promesa oficial es en realidad s\u00f3lo para la jubilaci\u00f3n m\u00ednima, contabilizado sobre el Salario M\u00ednimo Vital y M\u00f3vil (SMVM) y para quienes tengan 30 a\u00f1os de aportes. Hoy la jubilaci\u00f3n m\u00ednima es $7.246; el SMVM es $8.860. Entonces su 82% es $7.265, con lo que bastan tan s\u00f3lo $19 para llegar a este evidentemente m\u00edsero objetivo.<\/p>\n<p>\u2022 <strong>Edad jubilatoria<\/strong>. La otra parte es el aumento de hecho de la edad jubilatoria. Ahora pasar\u00eda a ser optativo seguir trabajando hasta los 70 a\u00f1os, en el \u00e1mbito privado. Como las condiciones de jubilaci\u00f3n no mejoran, se promueve as\u00ed un aumento de 5 a\u00f1os en la edad jubilatoria para hombres y de 10 a\u00f1os para mujeres. Esta opci\u00f3n no existe para estatales. A este sector se le propone programas de retiro y\/o jubilaci\u00f3n anticipada.<\/p>\n<p><strong>PUNTOS PRINCIPALES<\/strong><\/p>\n<p>\u2022 Apoyo a la Reforma Previsional y a la Reforma Tributaria enviadas al Congreso.<\/p>\n<p>\u2022 Desistir de los juicios a Naci\u00f3n. Buenos Aires desiste de su demanda por y $400.000 millones de por desactualizaci\u00f3n del Fondo del Conurbano Bonaerense. Las dem\u00e1s provincias desisten de demandas por $340.000 millones. San Luis, con fallo de Corte Suprema con sentencia firme, no acord\u00f3.<\/p>\n<p>\u2022 Fondo del Conurbano Bonaerense. Se da de baja, significando un aumento de 20 mil millones de pesos al a\u00f1o para Buenos Aires. Sobre eso se transfieren especialmente a esta provincia 20 mil millones m\u00e1s en 2018 y 45 mil millones m\u00e1s en 2019.<\/p>\n<p>\u2022 Compensaci\u00f3n a dem\u00e1s provincias firmantes. Calculada a partir de lo que dejan de percibir por la eliminaci\u00f3n del Fondo del Conurbano Bonaerense. Ser\u00e1 autom\u00e1tica y se destinar\u00e1 exclusivamente a infraestructura. Se coparticipar\u00e1 la Ley de reval\u00fao impositivo.<\/p>\n<p>\u2022 Impuesto inmobiliario. Las provincias acordaron que las valuaciones fiscales de los inmuebles converjan con el tiempo a las de mercado.<\/p>\n<p>\u2022 Cajas previsionales no transferidas. El gobierno nacional se comprometi\u00f3 a financiar los d\u00e9ficit.<\/p>\n<p>\u2022 Ley de \u201cResponsabilidad Fiscal\u201d. Aprobar\u00e1n y adherir\u00e1n a la propuesta de mantener su gasto constante en t\u00e9rminos reales durante los pr\u00f3ximos a\u00f1os.<\/p>\n<p>\u2022 Ingresos Brutos y Sellos. Las provincias bajar\u00e1n estos impuestos en forma gradual en un per\u00edodo de 5 a\u00f1os. Significar\u00eda un recorte equivalente a 1,5% del PBI.<\/p>\n<!-- AddThis Advanced Settings generic via filter on the_content --><!-- AddThis Share Buttons generic via filter on the_content -->","protected":false},"excerpt":{"rendered":"<p>\u2022 Actualizaci\u00f3n. Hasta el momento la actualizaci\u00f3n de los haberes ten\u00eda en cuenta \u2013entre otras cosas\u2013 los aumentos de la recaudaci\u00f3n, lo que apuntaba a que los jubilados vayan recuperando su poder adquisitivo. Ahora pasar\u00edan a actualizarse casi exclusivamente seg\u00fan la inflaci\u00f3n. Es decir: las jubilaciones de hambre seguir\u00e1n siendo siempre de hambre. A esto [&hellip;]<!-- AddThis Advanced Settings generic via filter on get_the_excerpt --><!-- AddThis Share Buttons generic via filter on get_the_excerpt --><\/p>\n","protected":false},"author":5,"featured_media":10591,"comment_status":"open","ping_status":"open","sticky":false,"template":"","format":"standard","meta":{"_jetpack_memberships_contains_paid_content":false,"footnotes":""},"categories":[1699],"tags":[514,146,1105],"class_list":{"0":"post-10593","1":"post","2":"type-post","3":"status-publish","4":"format-standard","5":"has-post-thumbnail","7":"category-noticias","8":"tag-ajuste","9":"tag-jubilacion","10":"tag-vxl-110"},"yoast_head":"<!-- This site is optimized with the Yoast SEO plugin v27.4 - https:\/\/yoast.com\/product\/yoast-seo-wordpress\/ -->\n<title>El proyecto de ajuste previsional - Vamos por la Liberaci\u00f3n<\/title>\n<meta name=\"robots\" content=\"index, follow, max-snippet:-1, max-image-preview:large, max-video-preview:-1\" \/>\n<link rel=\"canonical\" href=\"https:\/\/vamosporlaliberacion.org\/crpmlm\/el-proyecto-de-ajuste-previsional\/\" \/>\n<meta name=\"twitter:label1\" content=\"Escrito por\" \/>\n\t<meta name=\"twitter:data1\" content=\"\" \/>\n\t<meta name=\"twitter:label2\" content=\"Tiempo de lectura\" \/>\n\t<meta name=\"twitter:data2\" content=\"2 minutos\" \/>\n<script type=\"application\/ld+json\" class=\"yoast-schema-graph\">{\"@context\":\"https:\\\/\\\/schema.org\",\"@graph\":[{\"@type\":\"Article\",\"@id\":\"https:\\\/\\\/vamosporlaliberacion.org\\\/crpmlm\\\/el-proyecto-de-ajuste-previsional\\\/#article\",\"isPartOf\":{\"@id\":\"https:\\\/\\\/vamosporlaliberacion.org\\\/crpmlm\\\/el-proyecto-de-ajuste-previsional\\\/\"},\"author\":{\"name\":\"\",\"@id\":\"\"},\"headline\":\"El proyecto de ajuste previsional\",\"datePublished\":\"2017-11-24T00:04:11+00:00\",\"mainEntityOfPage\":{\"@id\":\"https:\\\/\\\/vamosporlaliberacion.org\\\/crpmlm\\\/el-proyecto-de-ajuste-previsional\\\/\"},\"wordCount\":493,\"commentCount\":0,\"image\":{\"@id\":\"https:\\\/\\\/vamosporlaliberacion.org\\\/crpmlm\\\/el-proyecto-de-ajuste-previsional\\\/#primaryimage\"},\"thumbnailUrl\":\"https:\\\/\\\/i0.wp.com\\\/vamosporlaliberacion.org\\\/crpmlm\\\/wp-content\\\/uploads\\\/2017\\\/11\\\/gob.jpg?fit=960%2C540&ssl=1\",\"keywords\":[\"ajuste\",\"Jubilaci\u00f3n\",\"vxl 110\"],\"articleSection\":[\"Noticias\"],\"inLanguage\":\"es\",\"potentialAction\":[{\"@type\":\"CommentAction\",\"name\":\"Comment\",\"target\":[\"https:\\\/\\\/vamosporlaliberacion.org\\\/crpmlm\\\/el-proyecto-de-ajuste-previsional\\\/#respond\"]}]},{\"@type\":\"WebPage\",\"@id\":\"https:\\\/\\\/vamosporlaliberacion.org\\\/crpmlm\\\/el-proyecto-de-ajuste-previsional\\\/\",\"url\":\"https:\\\/\\\/vamosporlaliberacion.org\\\/crpmlm\\\/el-proyecto-de-ajuste-previsional\\\/\",\"name\":\"El proyecto de ajuste previsional - Vamos por la Liberaci\u00f3n\",\"isPartOf\":{\"@id\":\"https:\\\/\\\/vamosporlaliberacion.org\\\/crpmlm\\\/#website\"},\"primaryImageOfPage\":{\"@id\":\"https:\\\/\\\/vamosporlaliberacion.org\\\/crpmlm\\\/el-proyecto-de-ajuste-previsional\\\/#primaryimage\"},\"image\":{\"@id\":\"https:\\\/\\\/vamosporlaliberacion.org\\\/crpmlm\\\/el-proyecto-de-ajuste-previsional\\\/#primaryimage\"},\"thumbnailUrl\":\"https:\\\/\\\/i0.wp.com\\\/vamosporlaliberacion.org\\\/crpmlm\\\/wp-content\\\/uploads\\\/2017\\\/11\\\/gob.jpg?fit=960%2C540&ssl=1\",\"datePublished\":\"2017-11-24T00:04:11+00:00\",\"author\":{\"@id\":\"\"},\"breadcrumb\":{\"@id\":\"https:\\\/\\\/vamosporlaliberacion.org\\\/crpmlm\\\/el-proyecto-de-ajuste-previsional\\\/#breadcrumb\"},\"inLanguage\":\"es\",\"potentialAction\":[{\"@type\":\"ReadAction\",\"target\":[\"https:\\\/\\\/vamosporlaliberacion.org\\\/crpmlm\\\/el-proyecto-de-ajuste-previsional\\\/\"]}]},{\"@type\":\"ImageObject\",\"inLanguage\":\"es\",\"@id\":\"https:\\\/\\\/vamosporlaliberacion.org\\\/crpmlm\\\/el-proyecto-de-ajuste-previsional\\\/#primaryimage\",\"url\":\"https:\\\/\\\/i0.wp.com\\\/vamosporlaliberacion.org\\\/crpmlm\\\/wp-content\\\/uploads\\\/2017\\\/11\\\/gob.jpg?fit=960%2C540&ssl=1\",\"contentUrl\":\"https:\\\/\\\/i0.wp.com\\\/vamosporlaliberacion.org\\\/crpmlm\\\/wp-content\\\/uploads\\\/2017\\\/11\\\/gob.jpg?fit=960%2C540&ssl=1\",\"width\":960,\"height\":540},{\"@type\":\"BreadcrumbList\",\"@id\":\"https:\\\/\\\/vamosporlaliberacion.org\\\/crpmlm\\\/el-proyecto-de-ajuste-previsional\\\/#breadcrumb\",\"itemListElement\":[{\"@type\":\"ListItem\",\"position\":1,\"name\":\"Portada\",\"item\":\"https:\\\/\\\/vamosporlaliberacion.org\\\/crpmlm\\\/\"},{\"@type\":\"ListItem\",\"position\":2,\"name\":\"El proyecto de ajuste previsional\"}]},{\"@type\":\"WebSite\",\"@id\":\"https:\\\/\\\/vamosporlaliberacion.org\\\/crpmlm\\\/#website\",\"url\":\"https:\\\/\\\/vamosporlaliberacion.org\\\/crpmlm\\\/\",\"name\":\"Vamos por la Liberaci\u00f3n\",\"description\":\"Prensa CR\",\"potentialAction\":[{\"@type\":\"SearchAction\",\"target\":{\"@type\":\"EntryPoint\",\"urlTemplate\":\"https:\\\/\\\/vamosporlaliberacion.org\\\/crpmlm\\\/?s={search_term_string}\"},\"query-input\":{\"@type\":\"PropertyValueSpecification\",\"valueRequired\":true,\"valueName\":\"search_term_string\"}}],\"inLanguage\":\"es\"},{\"@type\":\"Person\",\"@id\":\"\",\"url\":\"http:\\\/\\\/vamosporlaliberacion.org\\\/crpmlm\\\/author\\\/\"}]}<\/script>\n<!-- \/ Yoast SEO plugin. -->","yoast_head_json":{"title":"El proyecto de ajuste previsional - Vamos por la Liberaci\u00f3n","robots":{"index":"index","follow":"follow","max-snippet":"max-snippet:-1","max-image-preview":"max-image-preview:large","max-video-preview":"max-video-preview:-1"},"canonical":"https:\/\/vamosporlaliberacion.org\/crpmlm\/el-proyecto-de-ajuste-previsional\/","twitter_misc":{"Escrito por":"","Tiempo de lectura":"2 minutos"},"schema":{"@context":"https:\/\/schema.org","@graph":[{"@type":"Article","@id":"https:\/\/vamosporlaliberacion.org\/crpmlm\/el-proyecto-de-ajuste-previsional\/#article","isPartOf":{"@id":"https:\/\/vamosporlaliberacion.org\/crpmlm\/el-proyecto-de-ajuste-previsional\/"},"author":{"name":"","@id":""},"headline":"El proyecto de ajuste previsional","datePublished":"2017-11-24T00:04:11+00:00","mainEntityOfPage":{"@id":"https:\/\/vamosporlaliberacion.org\/crpmlm\/el-proyecto-de-ajuste-previsional\/"},"wordCount":493,"commentCount":0,"image":{"@id":"https:\/\/vamosporlaliberacion.org\/crpmlm\/el-proyecto-de-ajuste-previsional\/#primaryimage"},"thumbnailUrl":"https:\/\/i0.wp.com\/vamosporlaliberacion.org\/crpmlm\/wp-content\/uploads\/2017\/11\/gob.jpg?fit=960%2C540&ssl=1","keywords":["ajuste","Jubilaci\u00f3n","vxl 110"],"articleSection":["Noticias"],"inLanguage":"es","potentialAction":[{"@type":"CommentAction","name":"Comment","target":["https:\/\/vamosporlaliberacion.org\/crpmlm\/el-proyecto-de-ajuste-previsional\/#respond"]}]},{"@type":"WebPage","@id":"https:\/\/vamosporlaliberacion.org\/crpmlm\/el-proyecto-de-ajuste-previsional\/","url":"https:\/\/vamosporlaliberacion.org\/crpmlm\/el-proyecto-de-ajuste-previsional\/","name":"El proyecto de ajuste previsional - Vamos por la Liberaci\u00f3n","isPartOf":{"@id":"https:\/\/vamosporlaliberacion.org\/crpmlm\/#website"},"primaryImageOfPage":{"@id":"https:\/\/vamosporlaliberacion.org\/crpmlm\/el-proyecto-de-ajuste-previsional\/#primaryimage"},"image":{"@id":"https:\/\/vamosporlaliberacion.org\/crpmlm\/el-proyecto-de-ajuste-previsional\/#primaryimage"},"thumbnailUrl":"https:\/\/i0.wp.com\/vamosporlaliberacion.org\/crpmlm\/wp-content\/uploads\/2017\/11\/gob.jpg?fit=960%2C540&ssl=1","datePublished":"2017-11-24T00:04:11+00:00","author":{"@id":""},"breadcrumb":{"@id":"https:\/\/vamosporlaliberacion.org\/crpmlm\/el-proyecto-de-ajuste-previsional\/#breadcrumb"},"inLanguage":"es","potentialAction":[{"@type":"ReadAction","target":["https:\/\/vamosporlaliberacion.org\/crpmlm\/el-proyecto-de-ajuste-previsional\/"]}]},{"@type":"ImageObject","inLanguage":"es","@id":"https:\/\/vamosporlaliberacion.org\/crpmlm\/el-proyecto-de-ajuste-previsional\/#primaryimage","url":"https:\/\/i0.wp.com\/vamosporlaliberacion.org\/crpmlm\/wp-content\/uploads\/2017\/11\/gob.jpg?fit=960%2C540&ssl=1","contentUrl":"https:\/\/i0.wp.com\/vamosporlaliberacion.org\/crpmlm\/wp-content\/uploads\/2017\/11\/gob.jpg?fit=960%2C540&ssl=1","width":960,"height":540},{"@type":"BreadcrumbList","@id":"https:\/\/vamosporlaliberacion.org\/crpmlm\/el-proyecto-de-ajuste-previsional\/#breadcrumb","itemListElement":[{"@type":"ListItem","position":1,"name":"Portada","item":"https:\/\/vamosporlaliberacion.org\/crpmlm\/"},{"@type":"ListItem","position":2,"name":"El proyecto de ajuste previsional"}]},{"@type":"WebSite","@id":"https:\/\/vamosporlaliberacion.org\/crpmlm\/#website","url":"https:\/\/vamosporlaliberacion.org\/crpmlm\/","name":"Vamos por la Liberaci\u00f3n","description":"Prensa CR","potentialAction":[{"@type":"SearchAction","target":{"@type":"EntryPoint","urlTemplate":"https:\/\/vamosporlaliberacion.org\/crpmlm\/?s={search_term_string}"},"query-input":{"@type":"PropertyValueSpecification","valueRequired":true,"valueName":"search_term_string"}}],"inLanguage":"es"},{"@type":"Person","@id":"","url":"http:\/\/vamosporlaliberacion.org\/crpmlm\/author\/"}]}},"jetpack_featured_media_url":"https:\/\/i0.wp.com\/vamosporlaliberacion.org\/crpmlm\/wp-content\/uploads\/2017\/11\/gob.jpg?fit=960%2C540&ssl=1","jetpack_sharing_enabled":true,"_links":{"self":[{"href":"http:\/\/vamosporlaliberacion.org\/crpmlm\/wp-json\/wp\/v2\/posts\/10593","targetHints":{"allow":["GET"]}}],"collection":[{"href":"http:\/\/vamosporlaliberacion.org\/crpmlm\/wp-json\/wp\/v2\/posts"}],"about":[{"href":"http:\/\/vamosporlaliberacion.org\/crpmlm\/wp-json\/wp\/v2\/types\/post"}],"author":[{"embeddable":true,"href":"http:\/\/vamosporlaliberacion.org\/crpmlm\/wp-json\/wp\/v2\/users\/5"}],"replies":[{"embeddable":true,"href":"http:\/\/vamosporlaliberacion.org\/crpmlm\/wp-json\/wp\/v2\/comments?post=10593"}],"version-history":[{"count":0,"href":"http:\/\/vamosporlaliberacion.org\/crpmlm\/wp-json\/wp\/v2\/posts\/10593\/revisions"}],"wp:featuredmedia":[{"embeddable":true,"href":"http:\/\/vamosporlaliberacion.org\/crpmlm\/wp-json\/wp\/v2\/media\/10591"}],"wp:attachment":[{"href":"http:\/\/vamosporlaliberacion.org\/crpmlm\/wp-json\/wp\/v2\/media?parent=10593"}],"wp:term":[{"taxonomy":"category","embeddable":true,"href":"http:\/\/vamosporlaliberacion.org\/crpmlm\/wp-json\/wp\/v2\/categories?post=10593"},{"taxonomy":"post_tag","embeddable":true,"href":"http:\/\/vamosporlaliberacion.org\/crpmlm\/wp-json\/wp\/v2\/tags?post=10593"}],"curies":[{"name":"wp","href":"https:\/\/api.w.org\/{rel}","templated":true}]}}