{"id":10590,"date":"2017-11-23T20:58:24","date_gmt":"2017-11-23T23:58:24","guid":{"rendered":"http:\/\/vamosporlaliberacion.org\/crpmlm\/?p=10590"},"modified":"2017-11-24T01:16:13","modified_gmt":"2017-11-24T04:16:13","slug":"negociando-con-la-plata-de-los-jubilados","status":"publish","type":"post","link":"http:\/\/vamosporlaliberacion.org\/crpmlm\/negociando-con-la-plata-de-los-jubilados\/","title":{"rendered":"Negociando con la plata de los jubilados"},"content":{"rendered":"<p>Aprovechando su fortalecimiento en las elecciones legislativas, el gobierno nacional logr\u00f3 el acuerdo de casi todos los gobernadores \u2013exceptuando San Luis\u2013 para un paquete de medidas fiscales, previsionales e impositivas. En paralelo, lograba tambi\u00e9n subordinar a la c\u00fapula de la CGT con la reforma laboral.<\/p>\n<p>Uno de los temas centrales del pacto fueron los fondos para la provincia de Buenos Aires. El macrismo se garantiz\u00f3 un aumento de las transferencias a esta provincia de 45 mil millones de pesos en 2018 y 65 mil millones en 2019. Parte de esta operaci\u00f3n es dar de baja el Fondo del Conurbano Bonaerense y establecer asignaciones especiales a esta provincia. Las dem\u00e1s provincias que firmaron recibir\u00edan tambi\u00e9n una compensaci\u00f3n, menos sustanciosa. Y se comprometen a un plan de \u201cresponsabilidad fiscal\u201d, que implica congelar los gastos provinciales y municipales.<\/p>\n<p>\u00bfDe d\u00f3nde saldr\u00edan los fondos para sostener este pacto? De los jubilados. El cambio de la f\u00f3rmula de actualizaci\u00f3n de los haberes jubilatorios significar\u00e1 un ajuste de 150 mil millones de pesos en 2018, incluyendo las AUH. Con este ajuste el gobierno logr\u00f3 el acuerdo. Claro que esto implica que los gobernadores apoyen las reformas previsional, tributaria y laboral.<\/p>\n<p>El acuerdo significa adem\u00e1s un nuevo ataque al federalismo. Esto es as\u00ed no s\u00f3lo porque los gobernadores aceptaron una importante centralizaci\u00f3n de fondos en la provincia de Buenos Aires, sino porque aceptaron resignar sus demandas judiciales contra Naci\u00f3n. San Luis, con un fallo firme en la Corte Suprema, es la \u00fanica provincia que no firm\u00f3.<\/p>\n<p><strong>Pierden los jubilados<\/strong><\/p>\n<p>Como explicamos en Vamos! N\u00ba109, la nueva f\u00f3rmula de actualizaci\u00f3n de haberes jubilatorios que present\u00f3 el gobierno para ser aprobada por el Congreso implica un ajuste de 100 mil millones de pesos. Esta precisa estimaci\u00f3n hab\u00eda sido ya publicada por el propio FMI \u2013que propuso el cambio\u2013 pero es reafirmado tambi\u00e9n por los medios oficialistas (Clar\u00edn, 20\/11). Como las AUH tambi\u00e9n dependen de este c\u00e1lculo, se agrega otro ajuste de 50 mil millones por este rubro. (Ver recuadro: Proyecto de ajuste previsional)<\/p>\n<p>As\u00ed se cubre la baja de ingresos a la ANSES producto de la baja de las contribuciones patronales establecida en la reforma tributaria. Lo otro que tambi\u00e9n se cubre de esta forma es la derogaci\u00f3n del art\u00edculo 104 de la Ley de Impuestos a las Ganancias, que destinaba a la ANSES el 20% de ese impuesto. Es cierto que el Impuesto al Cheque pasar\u00eda a ser destinado \u00edntegramente a la ANSES; pero esto es mucho menos que lo que se le quita por Ganancias.<\/p>\n<p><strong>M\u00e1s plata para Buenos Aires<\/strong><\/p>\n<p>El art\u00edculo 104 de la ley mencionada es el que hab\u00eda creado el Fondo del Conurbano Bonaerense con el 10% del Impuesto a las Ganancias. Sin embargo, establec\u00eda un tope de 650 millones de pesos, distribuy\u00e9ndose el resto de ese 10% entre las dem\u00e1s provincias. Como ese tope nunca fue actualizado, deriv\u00f3 en la demanda judicial de la provincia de Buenos Aires. La sola derogaci\u00f3n de este art\u00edculo significa entonces unos 20 mil millones de pesos m\u00e1s para esta provincia por a\u00f1o. A eso deben sumarse las transferencias especiales establecidas en los incisos e) y f) del t\u00edtulo \u201cCompensaciones a provincias\u201d del acuerdo firmado por presidente y gobernadores. De este modo se llegan a 45 mil millones extras en 2018 y 65 en 2019.<\/p>\n<p>Para que las provincias acompa\u00f1en \u2013y ante las inciertas perspectivas de sus demandas judiciales\u2013 el gobierno nacional se comprometi\u00f3 a compensarlas por esos 20 mil millones (que dejar\u00edan de distribuirse entre las mismas) con transferencias autom\u00e1ticas destinadas a infraestructura (inciso a) del t\u00edtulo mencionado). Adem\u00e1s se emitir\u00edan bonos a 11 a\u00f1os para ser distribuidos entre las provincias \u201cque aprueben el consenso\u201d (exceptuando provincia de Buenos Aires). Con este toma y daca \u2013basado en el salario diferido de los jubilados\u2013, las 23 provincias firmantes pactan desistir de sus demandas. Pero la entrega de los gobernadores no es s\u00f3lo esto.<\/p>\n<p><strong>Ajuste fiscal e impositivo<\/strong><\/p>\n<p>Adem\u00e1s de lograr el apoyo al ajuste previsional, el gobierno comprometi\u00f3 a los gobernadores para una \u201cLey de Responsabilidad Fiscal\u201d. Esto implica m\u00e1s ajuste en los estados provinciales, como comprometerse a no aumentar el gasto p\u00fablico en t\u00e9rminos reales (ver Puntos principales). Pero tambi\u00e9n los ha comprometido en acompa\u00f1ar la Reforma Tributaria. M\u00e1s all\u00e1 de lo complejo de esta reforma desarrollada en un proyecto de 220 p\u00e1ginas, significa importantes beneficios impositivos para los monopolios y terratenientes como la baja de las contribuciones patronales.<\/p>\n<!-- AddThis Advanced Settings generic via filter on the_content --><!-- AddThis Share Buttons generic via filter on the_content -->","protected":false},"excerpt":{"rendered":"<p>Aprovechando su fortalecimiento en las elecciones legislativas, el gobierno nacional logr\u00f3 el acuerdo de casi todos los gobernadores \u2013exceptuando San Luis\u2013 para un paquete de medidas fiscales, previsionales e impositivas. En paralelo, lograba tambi\u00e9n subordinar a la c\u00fapula de la CGT con la reforma laboral. Uno de los temas centrales del pacto fueron los fondos [&hellip;]<!-- AddThis Advanced Settings generic via filter on get_the_excerpt --><!-- AddThis Share Buttons generic via filter on get_the_excerpt --><\/p>\n","protected":false},"author":5,"featured_media":10591,"comment_status":"open","ping_status":"open","sticky":false,"template":"","format":"standard","meta":{"_jetpack_memberships_contains_paid_content":false,"footnotes":""},"categories":[1699],"tags":[514,520,146,1108,1105],"class_list":{"0":"post-10590","1":"post","2":"type-post","3":"status-publish","4":"format-standard","5":"has-post-thumbnail","7":"category-noticias","8":"tag-ajuste","9":"tag-destacado-2","10":"tag-jubilacion","11":"tag-pacto-fiscal","12":"tag-vxl-110"},"yoast_head":"<!-- This site is optimized with the Yoast SEO plugin v27.4 - https:\/\/yoast.com\/product\/yoast-seo-wordpress\/ -->\n<title>Negociando con la plata de los jubilados - Vamos por la Liberaci\u00f3n<\/title>\n<meta name=\"robots\" content=\"index, follow, max-snippet:-1, max-image-preview:large, max-video-preview:-1\" \/>\n<link rel=\"canonical\" href=\"https:\/\/vamosporlaliberacion.org\/crpmlm\/negociando-con-la-plata-de-los-jubilados\/\" \/>\n<meta name=\"twitter:label1\" content=\"Escrito por\" \/>\n\t<meta name=\"twitter:data1\" content=\"\" \/>\n\t<meta name=\"twitter:label2\" content=\"Tiempo de lectura\" \/>\n\t<meta name=\"twitter:data2\" content=\"4 minutos\" \/>\n<script type=\"application\/ld+json\" class=\"yoast-schema-graph\">{\"@context\":\"https:\\\/\\\/schema.org\",\"@graph\":[{\"@type\":\"Article\",\"@id\":\"https:\\\/\\\/vamosporlaliberacion.org\\\/crpmlm\\\/negociando-con-la-plata-de-los-jubilados\\\/#article\",\"isPartOf\":{\"@id\":\"https:\\\/\\\/vamosporlaliberacion.org\\\/crpmlm\\\/negociando-con-la-plata-de-los-jubilados\\\/\"},\"author\":{\"name\":\"\",\"@id\":\"\"},\"headline\":\"Negociando con la plata de los jubilados\",\"datePublished\":\"2017-11-23T23:58:24+00:00\",\"dateModified\":\"2017-11-24T04:16:13+00:00\",\"mainEntityOfPage\":{\"@id\":\"https:\\\/\\\/vamosporlaliberacion.org\\\/crpmlm\\\/negociando-con-la-plata-de-los-jubilados\\\/\"},\"wordCount\":769,\"commentCount\":0,\"image\":{\"@id\":\"https:\\\/\\\/vamosporlaliberacion.org\\\/crpmlm\\\/negociando-con-la-plata-de-los-jubilados\\\/#primaryimage\"},\"thumbnailUrl\":\"https:\\\/\\\/i0.wp.com\\\/vamosporlaliberacion.org\\\/crpmlm\\\/wp-content\\\/uploads\\\/2017\\\/11\\\/gob.jpg?fit=960%2C540&ssl=1\",\"keywords\":[\"ajuste\",\"destacado 2\",\"Jubilaci\u00f3n\",\"pacto fiscal\",\"vxl 110\"],\"articleSection\":[\"Noticias\"],\"inLanguage\":\"es\",\"potentialAction\":[{\"@type\":\"CommentAction\",\"name\":\"Comment\",\"target\":[\"https:\\\/\\\/vamosporlaliberacion.org\\\/crpmlm\\\/negociando-con-la-plata-de-los-jubilados\\\/#respond\"]}]},{\"@type\":\"WebPage\",\"@id\":\"https:\\\/\\\/vamosporlaliberacion.org\\\/crpmlm\\\/negociando-con-la-plata-de-los-jubilados\\\/\",\"url\":\"https:\\\/\\\/vamosporlaliberacion.org\\\/crpmlm\\\/negociando-con-la-plata-de-los-jubilados\\\/\",\"name\":\"Negociando con la plata de los jubilados - Vamos por la Liberaci\u00f3n\",\"isPartOf\":{\"@id\":\"https:\\\/\\\/vamosporlaliberacion.org\\\/crpmlm\\\/#website\"},\"primaryImageOfPage\":{\"@id\":\"https:\\\/\\\/vamosporlaliberacion.org\\\/crpmlm\\\/negociando-con-la-plata-de-los-jubilados\\\/#primaryimage\"},\"image\":{\"@id\":\"https:\\\/\\\/vamosporlaliberacion.org\\\/crpmlm\\\/negociando-con-la-plata-de-los-jubilados\\\/#primaryimage\"},\"thumbnailUrl\":\"https:\\\/\\\/i0.wp.com\\\/vamosporlaliberacion.org\\\/crpmlm\\\/wp-content\\\/uploads\\\/2017\\\/11\\\/gob.jpg?fit=960%2C540&ssl=1\",\"datePublished\":\"2017-11-23T23:58:24+00:00\",\"dateModified\":\"2017-11-24T04:16:13+00:00\",\"author\":{\"@id\":\"\"},\"breadcrumb\":{\"@id\":\"https:\\\/\\\/vamosporlaliberacion.org\\\/crpmlm\\\/negociando-con-la-plata-de-los-jubilados\\\/#breadcrumb\"},\"inLanguage\":\"es\",\"potentialAction\":[{\"@type\":\"ReadAction\",\"target\":[\"https:\\\/\\\/vamosporlaliberacion.org\\\/crpmlm\\\/negociando-con-la-plata-de-los-jubilados\\\/\"]}]},{\"@type\":\"ImageObject\",\"inLanguage\":\"es\",\"@id\":\"https:\\\/\\\/vamosporlaliberacion.org\\\/crpmlm\\\/negociando-con-la-plata-de-los-jubilados\\\/#primaryimage\",\"url\":\"https:\\\/\\\/i0.wp.com\\\/vamosporlaliberacion.org\\\/crpmlm\\\/wp-content\\\/uploads\\\/2017\\\/11\\\/gob.jpg?fit=960%2C540&ssl=1\",\"contentUrl\":\"https:\\\/\\\/i0.wp.com\\\/vamosporlaliberacion.org\\\/crpmlm\\\/wp-content\\\/uploads\\\/2017\\\/11\\\/gob.jpg?fit=960%2C540&ssl=1\",\"width\":960,\"height\":540},{\"@type\":\"BreadcrumbList\",\"@id\":\"https:\\\/\\\/vamosporlaliberacion.org\\\/crpmlm\\\/negociando-con-la-plata-de-los-jubilados\\\/#breadcrumb\",\"itemListElement\":[{\"@type\":\"ListItem\",\"position\":1,\"name\":\"Portada\",\"item\":\"https:\\\/\\\/vamosporlaliberacion.org\\\/crpmlm\\\/\"},{\"@type\":\"ListItem\",\"position\":2,\"name\":\"Negociando con la plata de los jubilados\"}]},{\"@type\":\"WebSite\",\"@id\":\"https:\\\/\\\/vamosporlaliberacion.org\\\/crpmlm\\\/#website\",\"url\":\"https:\\\/\\\/vamosporlaliberacion.org\\\/crpmlm\\\/\",\"name\":\"Vamos por la Liberaci\u00f3n\",\"description\":\"Prensa CR\",\"potentialAction\":[{\"@type\":\"SearchAction\",\"target\":{\"@type\":\"EntryPoint\",\"urlTemplate\":\"https:\\\/\\\/vamosporlaliberacion.org\\\/crpmlm\\\/?s={search_term_string}\"},\"query-input\":{\"@type\":\"PropertyValueSpecification\",\"valueRequired\":true,\"valueName\":\"search_term_string\"}}],\"inLanguage\":\"es\"},{\"@type\":\"Person\",\"@id\":\"\",\"url\":\"http:\\\/\\\/vamosporlaliberacion.org\\\/crpmlm\\\/author\\\/\"}]}<\/script>\n<!-- \/ Yoast SEO plugin. -->","yoast_head_json":{"title":"Negociando con la plata de los jubilados - Vamos por la Liberaci\u00f3n","robots":{"index":"index","follow":"follow","max-snippet":"max-snippet:-1","max-image-preview":"max-image-preview:large","max-video-preview":"max-video-preview:-1"},"canonical":"https:\/\/vamosporlaliberacion.org\/crpmlm\/negociando-con-la-plata-de-los-jubilados\/","twitter_misc":{"Escrito por":"","Tiempo de lectura":"4 minutos"},"schema":{"@context":"https:\/\/schema.org","@graph":[{"@type":"Article","@id":"https:\/\/vamosporlaliberacion.org\/crpmlm\/negociando-con-la-plata-de-los-jubilados\/#article","isPartOf":{"@id":"https:\/\/vamosporlaliberacion.org\/crpmlm\/negociando-con-la-plata-de-los-jubilados\/"},"author":{"name":"","@id":""},"headline":"Negociando con la plata de los jubilados","datePublished":"2017-11-23T23:58:24+00:00","dateModified":"2017-11-24T04:16:13+00:00","mainEntityOfPage":{"@id":"https:\/\/vamosporlaliberacion.org\/crpmlm\/negociando-con-la-plata-de-los-jubilados\/"},"wordCount":769,"commentCount":0,"image":{"@id":"https:\/\/vamosporlaliberacion.org\/crpmlm\/negociando-con-la-plata-de-los-jubilados\/#primaryimage"},"thumbnailUrl":"https:\/\/i0.wp.com\/vamosporlaliberacion.org\/crpmlm\/wp-content\/uploads\/2017\/11\/gob.jpg?fit=960%2C540&ssl=1","keywords":["ajuste","destacado 2","Jubilaci\u00f3n","pacto fiscal","vxl 110"],"articleSection":["Noticias"],"inLanguage":"es","potentialAction":[{"@type":"CommentAction","name":"Comment","target":["https:\/\/vamosporlaliberacion.org\/crpmlm\/negociando-con-la-plata-de-los-jubilados\/#respond"]}]},{"@type":"WebPage","@id":"https:\/\/vamosporlaliberacion.org\/crpmlm\/negociando-con-la-plata-de-los-jubilados\/","url":"https:\/\/vamosporlaliberacion.org\/crpmlm\/negociando-con-la-plata-de-los-jubilados\/","name":"Negociando con la plata de los jubilados - Vamos por la Liberaci\u00f3n","isPartOf":{"@id":"https:\/\/vamosporlaliberacion.org\/crpmlm\/#website"},"primaryImageOfPage":{"@id":"https:\/\/vamosporlaliberacion.org\/crpmlm\/negociando-con-la-plata-de-los-jubilados\/#primaryimage"},"image":{"@id":"https:\/\/vamosporlaliberacion.org\/crpmlm\/negociando-con-la-plata-de-los-jubilados\/#primaryimage"},"thumbnailUrl":"https:\/\/i0.wp.com\/vamosporlaliberacion.org\/crpmlm\/wp-content\/uploads\/2017\/11\/gob.jpg?fit=960%2C540&ssl=1","datePublished":"2017-11-23T23:58:24+00:00","dateModified":"2017-11-24T04:16:13+00:00","author":{"@id":""},"breadcrumb":{"@id":"https:\/\/vamosporlaliberacion.org\/crpmlm\/negociando-con-la-plata-de-los-jubilados\/#breadcrumb"},"inLanguage":"es","potentialAction":[{"@type":"ReadAction","target":["https:\/\/vamosporlaliberacion.org\/crpmlm\/negociando-con-la-plata-de-los-jubilados\/"]}]},{"@type":"ImageObject","inLanguage":"es","@id":"https:\/\/vamosporlaliberacion.org\/crpmlm\/negociando-con-la-plata-de-los-jubilados\/#primaryimage","url":"https:\/\/i0.wp.com\/vamosporlaliberacion.org\/crpmlm\/wp-content\/uploads\/2017\/11\/gob.jpg?fit=960%2C540&ssl=1","contentUrl":"https:\/\/i0.wp.com\/vamosporlaliberacion.org\/crpmlm\/wp-content\/uploads\/2017\/11\/gob.jpg?fit=960%2C540&ssl=1","width":960,"height":540},{"@type":"BreadcrumbList","@id":"https:\/\/vamosporlaliberacion.org\/crpmlm\/negociando-con-la-plata-de-los-jubilados\/#breadcrumb","itemListElement":[{"@type":"ListItem","position":1,"name":"Portada","item":"https:\/\/vamosporlaliberacion.org\/crpmlm\/"},{"@type":"ListItem","position":2,"name":"Negociando con la plata de los jubilados"}]},{"@type":"WebSite","@id":"https:\/\/vamosporlaliberacion.org\/crpmlm\/#website","url":"https:\/\/vamosporlaliberacion.org\/crpmlm\/","name":"Vamos por la Liberaci\u00f3n","description":"Prensa CR","potentialAction":[{"@type":"SearchAction","target":{"@type":"EntryPoint","urlTemplate":"https:\/\/vamosporlaliberacion.org\/crpmlm\/?s={search_term_string}"},"query-input":{"@type":"PropertyValueSpecification","valueRequired":true,"valueName":"search_term_string"}}],"inLanguage":"es"},{"@type":"Person","@id":"","url":"http:\/\/vamosporlaliberacion.org\/crpmlm\/author\/"}]}},"jetpack_featured_media_url":"https:\/\/i0.wp.com\/vamosporlaliberacion.org\/crpmlm\/wp-content\/uploads\/2017\/11\/gob.jpg?fit=960%2C540&ssl=1","jetpack_sharing_enabled":true,"_links":{"self":[{"href":"http:\/\/vamosporlaliberacion.org\/crpmlm\/wp-json\/wp\/v2\/posts\/10590","targetHints":{"allow":["GET"]}}],"collection":[{"href":"http:\/\/vamosporlaliberacion.org\/crpmlm\/wp-json\/wp\/v2\/posts"}],"about":[{"href":"http:\/\/vamosporlaliberacion.org\/crpmlm\/wp-json\/wp\/v2\/types\/post"}],"author":[{"embeddable":true,"href":"http:\/\/vamosporlaliberacion.org\/crpmlm\/wp-json\/wp\/v2\/users\/5"}],"replies":[{"embeddable":true,"href":"http:\/\/vamosporlaliberacion.org\/crpmlm\/wp-json\/wp\/v2\/comments?post=10590"}],"version-history":[{"count":0,"href":"http:\/\/vamosporlaliberacion.org\/crpmlm\/wp-json\/wp\/v2\/posts\/10590\/revisions"}],"wp:featuredmedia":[{"embeddable":true,"href":"http:\/\/vamosporlaliberacion.org\/crpmlm\/wp-json\/wp\/v2\/media\/10591"}],"wp:attachment":[{"href":"http:\/\/vamosporlaliberacion.org\/crpmlm\/wp-json\/wp\/v2\/media?parent=10590"}],"wp:term":[{"taxonomy":"category","embeddable":true,"href":"http:\/\/vamosporlaliberacion.org\/crpmlm\/wp-json\/wp\/v2\/categories?post=10590"},{"taxonomy":"post_tag","embeddable":true,"href":"http:\/\/vamosporlaliberacion.org\/crpmlm\/wp-json\/wp\/v2\/tags?post=10590"}],"curies":[{"name":"wp","href":"https:\/\/api.w.org\/{rel}","templated":true}]}}