{"id":10587,"date":"2017-11-23T20:54:04","date_gmt":"2017-11-23T23:54:04","guid":{"rendered":"http:\/\/vamosporlaliberacion.org\/crpmlm\/?p=10587"},"modified":"2017-11-23T20:54:04","modified_gmt":"2017-11-23T23:54:04","slug":"resistencia-y-lucha","status":"publish","type":"post","link":"http:\/\/vamosporlaliberacion.org\/crpmlm\/resistencia-y-lucha\/","title":{"rendered":"Resistencia y lucha"},"content":{"rendered":"<p>Las cartas est\u00e1n echadas para el movimiento obrero, los jubilados, pensionados y el resto del pueblo. Los proyectos de leyes que expresan acuerdos con los jerarcas sindicales y los gobernadores significar\u00e1n, en caso de aprobarse, un \u201cmazazo\u201d para los trabajadores, los jubilados y da\u00f1a a\u00fan m\u00e1s al federalismo.<\/p>\n<p>En cuanto a la reforma laboral, el proyecto de 145 puntos consensuado con el Triunvirato de la CGT avanza sobre la Ley de Contrato de Trabajo y los Convenios Colectivos de Trabajo. Y es all\u00ed donde est\u00e1 la pol\u00e9mica central con los colaboracionistas de la CGT que pactaron el acuerdo con el gobierno nacional y los monopolios. \u00bfPor qu\u00e9 desde la CGT hablan de que nada se ha tocado de los convenios cuando si fuera as\u00ed no tendr\u00edan raz\u00f3n de ser estas reformas?<\/p>\n<p>En la propia defensa est\u00e1 la trampa; ya que ellos hablan de que \u201cmejoraron\u201d la primera propuesta pero no pueden explicar, salvo una visi\u00f3n de defensiva y colaboraci\u00f3n pro-patronal, por qu\u00e9 aceptan siquiera sentarse a discutir alguna \u201creforma\u201d cuando lo primero que hizo el gobierno fue remachar las mega-ganancias de los monopolios, terratenientes y mineras en franco detrimento de los trabajadores. Por eso, el papel de la direcci\u00f3n de la CGT es una de las \u201cperlas\u201d que ha encontrado el gobierno de los ceo\u2019s que bien los conocen y saben de sus debilidades en cuanto a las carpetas que cargan de traiciones y corrupci\u00f3n. Para el Ejecutivo y los empresarios lleg\u00f3 el tiempo de cobrar. \u201cVos no hagas l\u00edo con el encuadramiento que vas a terminar como el del La Plata\u201d, amenaz\u00f3 Macri a Gerardo Mart\u00ednez de la UOCRA refiri\u00e9ndose al \u201cPata\u201d Medina cuando discut\u00edan con sindicatos y empresas mineras en Casa Rosada para debatir la modificaci\u00f3n de la Ley de Protecci\u00f3n de Glaciares entregando la soberan\u00eda sobre estos recursos estrat\u00e9gicos soberanos.<\/p>\n<p>La incomodidad de los que pretenden apoyar las leyes antiobreras la mostr\u00f3 el senador Picheto, presidente del bloque del PJ en esa c\u00e1mara, quien exigi\u00f3 que cuando se trate est\u00e9n presentes el Triunvirato de la CGT y el ministro Triaca. Incomodidad que no puede ocultar el retroceso en materia laboral principalmente en lo que hace la violaci\u00f3n del la Ley de Contrato de Trabajo. Por ejemplo, en relaci\u00f3n al principio de \u00abirrenunciabilidad\u00bb, como denuncia la Asociaci\u00f3n de Abogados Laboralistas, ya que esto significa que un trabajador puede v\u00e1lidamente renunciar a derechos adquiridos que se han incorporado a su contrato individual de trabajo cuando en realidad hoy la ley proh\u00edbe esa renuncia entendiendo que hay una relaci\u00f3n objetivamente desigual entre el empleador y el trabajador.<\/p>\n<p>Podemos seguir graficando este retroceso con la tercerizaci\u00f3n en cuanto a la eliminaci\u00f3n de la responsabilidad solidaria del empleador principal, dejando al trabajador a merced del subcontratista. O cuando se cambia el art\u00edculo 66 de la LCT, que se refiere a la posibilidad que tiene el empleador de modificar de manera unilateral las condiciones del trabajador. Cuando ocurre algo as\u00ed, hoy el trabajador puede recurrir a la Justicia y lograr una cautelar que d\u00e9 por inv\u00e1lida esa modificaci\u00f3n, hasta tanto no haya un fallo firme. Pero con la reforma laboral, esa medida cautelar se elimina. Porque si bien el trabajador podr\u00e1 recurrir a la Justicia, hasta tanto se resuelva en sede judicial deber\u00e1 acatar la modificaci\u00f3n de sus condiciones laborales.<\/p>\n<p>En cuanto al proyecto previsional, no solo se pretende avanzar en modificar la edad jubilatoria, propuesta retr\u00f3grada inclusive dentro de la l\u00f3gica capitalista, donde se destruye mano de obra ya que no se incorporan nuevos trabajadores creciendo la desocupaci\u00f3n. El proyecto de aumento atado a la inflaci\u00f3n trimestral garantiza limosna a la hora del aumento del b\u00e1sico, acrecentando la pobreza \u2013con el aumento de los medicamentos y la ca\u00edda de los programas para los jubilados y pensionados\u2013, la desesperanza y la muerte. Estamos asistiendo a situaciones similares o peores a las del 2001 cuando se les recortaba el 13% y se los condenaba al desamparo a los que dejaron una vida de trabajo.<\/p>\n<p><strong>Menos federalismo<\/strong><\/p>\n<p>El acuerdo con las provincias, al que llaman \u201chist\u00f3rico\u201d, lo ser\u00e1 en cuanto a que marca una nueva subordinaci\u00f3n que orada a\u00fan m\u00e1s el federalismo frente al poder central. El objetivo que traz\u00f3 el Ejecutivo nacional es el de lograr a futuro un equilibrio presupuestario (ajuste) y el \u201ccompromiso de buen comportamiento con la inversi\u00f3n privada\u201d (mantener negociados en la obra p\u00fablica). \u201cLes estamos pidiendo a las provincias que cierren el grifo de su propio gasto p\u00fablico y empiecen a alinear a los municipios (&#8230;)\u201d, se\u00f1alaban desde el gobierno (Infobae). El audio que se filtr\u00f3 de Macri pidi\u00e9ndoles congelamiento salarial en el Estado a los gobernadores es una muestra de esto.<\/p>\n<p>Pero sobre esto, el gobierno nacional logr\u00f3 que la mayor\u00eda de las provincias, salvo San Luis, desistan de los juicios al Estado a cambio de migajas a mediano y largo plazo que tratar\u00e1n que les alcance para ganar las elecciones del 2019, donde la mayor\u00eda de los gobernadores peronistas, golpeados en octubre pasado, se juegan su continuidad. Pero a cambio de esto cedieron 105 mil millones de pesos para la provincia de Buenos Aires (en 2018 y 2019), garantizando as\u00ed la \u201cpaz social\u201d y la campa\u00f1a de Vidal para el 2019. Este dinero lo pondr\u00e1n los jubilados y la AUH, que por el cambio de la formula de actualizaci\u00f3n dejaran de recibir 150 mil millones de pesos (ver nota).<\/p>\n<p>Junto con esto, el gobierno nacional asesta otro golpe al federalismo con la \u201carmonizaci\u00f3n\u201d de las cajas de las provincias con la ANSES, arrasando con la autonom\u00eda de las cajas previsionales concretando la rebaja de jubilaciones y la suba de la edad entre otras conquistas.<\/p>\n<p>Mientras tanto, son las provincias las que tambi\u00e9n cedieron en tomar medidas tributarias donde se ver\u00e1n beneficiados monopolios, bancos y terratenientes. Lejos, muy lejos de poner en discusi\u00f3n su tasa de ganancia de quienes nada ponen y todo se llevan.<\/p>\n<p><strong>Resistir y luchar<\/strong><\/p>\n<p>Genera gran preocupaci\u00f3n la ofensiva flexibilizadora que, mediante el chantaje del gobierno y los monopolios, avanz\u00f3 con el acuerdo que tom\u00f3 la UOM de R\u00edo Grande (aceptando renunciar a las paritarias por dos a\u00f1os a cambio de que no haya despidos). Pero es una gran noticia el acuerdo entre las dos CTA\u2019s, la Corriente Federal de Trabajadores y el gremio de camioneros encabezado por Pablo Moyano para enfrentar. El acuerdo se sell\u00f3 en el plenario nacional de la Corriente Federal de Trabajadores donde concurrieron gran cantidad de gremios y agrupaciones. Compa\u00f1eros de la CCRS estuvieron presentes en la delegaci\u00f3n del gremio de Municipales de San Miguel-Jos\u00e9 C Paz-Malvinas Argentinas y la Junta Interna del Fuero del Trabajo de Judiciales de Capital.<\/p>\n<p>Este acuerdo es fundacional en cuanto a la formaci\u00f3n de un reagrupamiento que regir\u00e1 desde organismos de masas del movimiento obrero, la coordinaci\u00f3n de las luchas para enfrentar al paquete de leyes antipopulares del macrismo y sus aliados. Muestra adem\u00e1s una fractura de hecho en la CGT, ya que Moyano ocupa la secretar\u00eda gremial de la central sindical y Palazzo dirige el gremio bancario tambi\u00e9n en esa central, as\u00ed como otros gremios nacionales del interior y Buenos Aires que confluyen en esta iniciativa.<\/p>\n<p>Esta coordinaci\u00f3n cuenta con un peso importante de los sectores kirchneristas en el movimiento obrero expresados en la CTA-T y la CFT, al que se le suma la CTA-A de Micheli y Pablo Moyano. Junto con estos tambi\u00e9n hay movimientos sociales y territoriales que tambi\u00e9n han expresado la necesidad de la unidad en la lucha. Es importante este reagrupamiento porque si bien se expresan corrientes de distinto origen y extracci\u00f3n pol\u00edtica, tiene un claro blanco en el macrismo. Por otra parte, ATE Nacional y otros gremios han lanzado un paro nacional el 6 de diciembre que tambi\u00e9n golpea esta reforma.<\/p>\n<p>Desde la Corriente Clasista Ren\u00e9 Salamanca sostuvimos en la reuni\u00f3n convocada por los trabajadores\/ras de Pepsico que no hay caminos intermedios frente a esta ofensiva y plante\u00e1bamos la necesidad de una gran unidad para la lucha que enfrente al macrismo y que inclu\u00eda tomar acuerdos con la CTA\u2019s y los gremios disidentes de la CGT. El camino de la resistencia obrera y popular tiene antecedente en la historia reciente en la Mesa de Enlace Sindical que fogone\u00f3 desde el interior profundo las dos marchas federales contra el menemismo.<\/p>\n<p>Nuestra tarea central en cada lugar de trabajo, estudio y territorio ser\u00e1 trabajar para la unidad del movimiento obrero y popular sumando a este reagrupamiento que frene en la calle la flexibilizaci\u00f3n y el ajuste macrista, y abra una situaci\u00f3n favorable al pueblo donde pugnaremos para fortalecer el clasismo antiimperialista en el movimiento obrero argentino y acumular fuerzas para la liberaci\u00f3n nacional y so<\/p>\n<!-- AddThis Advanced Settings generic via filter on the_content --><!-- AddThis Share Buttons generic via filter on the_content -->","protected":false},"excerpt":{"rendered":"<p>Las cartas est\u00e1n echadas para el movimiento obrero, los jubilados, pensionados y el resto del pueblo. Los proyectos de leyes que expresan acuerdos con los jerarcas sindicales y los gobernadores significar\u00e1n, en caso de aprobarse, un \u201cmazazo\u201d para los trabajadores, los jubilados y da\u00f1a a\u00fan m\u00e1s al federalismo. En cuanto a la reforma laboral, el [&hellip;]<!-- AddThis Advanced Settings generic via filter on get_the_excerpt --><!-- AddThis Share Buttons generic via filter on get_the_excerpt --><\/p>\n","protected":false},"author":5,"featured_media":10588,"comment_status":"open","ping_status":"open","sticky":false,"template":"","format":"standard","meta":{"_jetpack_memberships_contains_paid_content":false,"footnotes":""},"categories":[1699],"tags":[519,1107,1108,710,1109],"class_list":{"0":"post-10587","1":"post","2":"type-post","3":"status-publish","4":"format-standard","5":"has-post-thumbnail","7":"category-noticias","8":"tag-destacado","9":"tag-editorial-110","10":"tag-pacto-fiscal","11":"tag-reforma-laboral","12":"tag-reforma-previsional"},"yoast_head":"<!-- This site is optimized with the Yoast SEO plugin v27.4 - https:\/\/yoast.com\/product\/yoast-seo-wordpress\/ -->\n<title>Resistencia y lucha - Vamos por la Liberaci\u00f3n<\/title>\n<meta name=\"robots\" content=\"index, follow, max-snippet:-1, max-image-preview:large, max-video-preview:-1\" \/>\n<link rel=\"canonical\" href=\"https:\/\/vamosporlaliberacion.org\/crpmlm\/resistencia-y-lucha\/\" \/>\n<meta name=\"twitter:label1\" content=\"Escrito por\" \/>\n\t<meta name=\"twitter:data1\" content=\"\" \/>\n\t<meta name=\"twitter:label2\" content=\"Tiempo de lectura\" \/>\n\t<meta name=\"twitter:data2\" content=\"8 minutos\" \/>\n<script type=\"application\/ld+json\" class=\"yoast-schema-graph\">{\"@context\":\"https:\\\/\\\/schema.org\",\"@graph\":[{\"@type\":\"Article\",\"@id\":\"https:\\\/\\\/vamosporlaliberacion.org\\\/crpmlm\\\/resistencia-y-lucha\\\/#article\",\"isPartOf\":{\"@id\":\"https:\\\/\\\/vamosporlaliberacion.org\\\/crpmlm\\\/resistencia-y-lucha\\\/\"},\"author\":{\"name\":\"\",\"@id\":\"\"},\"headline\":\"Resistencia y lucha\",\"datePublished\":\"2017-11-23T23:54:04+00:00\",\"mainEntityOfPage\":{\"@id\":\"https:\\\/\\\/vamosporlaliberacion.org\\\/crpmlm\\\/resistencia-y-lucha\\\/\"},\"wordCount\":1513,\"commentCount\":0,\"image\":{\"@id\":\"https:\\\/\\\/vamosporlaliberacion.org\\\/crpmlm\\\/resistencia-y-lucha\\\/#primaryimage\"},\"thumbnailUrl\":\"https:\\\/\\\/i0.wp.com\\\/vamosporlaliberacion.org\\\/crpmlm\\\/wp-content\\\/uploads\\\/2017\\\/11\\\/Sin-t%C3%ADtulo.jpg?fit=745%2C433&ssl=1\",\"keywords\":[\"destacado\",\"editorial 110\",\"pacto fiscal\",\"reforma laboral\",\"reforma previsional\"],\"articleSection\":[\"Noticias\"],\"inLanguage\":\"es\",\"potentialAction\":[{\"@type\":\"CommentAction\",\"name\":\"Comment\",\"target\":[\"https:\\\/\\\/vamosporlaliberacion.org\\\/crpmlm\\\/resistencia-y-lucha\\\/#respond\"]}]},{\"@type\":\"WebPage\",\"@id\":\"https:\\\/\\\/vamosporlaliberacion.org\\\/crpmlm\\\/resistencia-y-lucha\\\/\",\"url\":\"https:\\\/\\\/vamosporlaliberacion.org\\\/crpmlm\\\/resistencia-y-lucha\\\/\",\"name\":\"Resistencia y lucha - Vamos por la Liberaci\u00f3n\",\"isPartOf\":{\"@id\":\"https:\\\/\\\/vamosporlaliberacion.org\\\/crpmlm\\\/#website\"},\"primaryImageOfPage\":{\"@id\":\"https:\\\/\\\/vamosporlaliberacion.org\\\/crpmlm\\\/resistencia-y-lucha\\\/#primaryimage\"},\"image\":{\"@id\":\"https:\\\/\\\/vamosporlaliberacion.org\\\/crpmlm\\\/resistencia-y-lucha\\\/#primaryimage\"},\"thumbnailUrl\":\"https:\\\/\\\/i0.wp.com\\\/vamosporlaliberacion.org\\\/crpmlm\\\/wp-content\\\/uploads\\\/2017\\\/11\\\/Sin-t%C3%ADtulo.jpg?fit=745%2C433&ssl=1\",\"datePublished\":\"2017-11-23T23:54:04+00:00\",\"author\":{\"@id\":\"\"},\"breadcrumb\":{\"@id\":\"https:\\\/\\\/vamosporlaliberacion.org\\\/crpmlm\\\/resistencia-y-lucha\\\/#breadcrumb\"},\"inLanguage\":\"es\",\"potentialAction\":[{\"@type\":\"ReadAction\",\"target\":[\"https:\\\/\\\/vamosporlaliberacion.org\\\/crpmlm\\\/resistencia-y-lucha\\\/\"]}]},{\"@type\":\"ImageObject\",\"inLanguage\":\"es\",\"@id\":\"https:\\\/\\\/vamosporlaliberacion.org\\\/crpmlm\\\/resistencia-y-lucha\\\/#primaryimage\",\"url\":\"https:\\\/\\\/i0.wp.com\\\/vamosporlaliberacion.org\\\/crpmlm\\\/wp-content\\\/uploads\\\/2017\\\/11\\\/Sin-t%C3%ADtulo.jpg?fit=745%2C433&ssl=1\",\"contentUrl\":\"https:\\\/\\\/i0.wp.com\\\/vamosporlaliberacion.org\\\/crpmlm\\\/wp-content\\\/uploads\\\/2017\\\/11\\\/Sin-t%C3%ADtulo.jpg?fit=745%2C433&ssl=1\",\"width\":745,\"height\":433},{\"@type\":\"BreadcrumbList\",\"@id\":\"https:\\\/\\\/vamosporlaliberacion.org\\\/crpmlm\\\/resistencia-y-lucha\\\/#breadcrumb\",\"itemListElement\":[{\"@type\":\"ListItem\",\"position\":1,\"name\":\"Portada\",\"item\":\"https:\\\/\\\/vamosporlaliberacion.org\\\/crpmlm\\\/\"},{\"@type\":\"ListItem\",\"position\":2,\"name\":\"Resistencia y lucha\"}]},{\"@type\":\"WebSite\",\"@id\":\"https:\\\/\\\/vamosporlaliberacion.org\\\/crpmlm\\\/#website\",\"url\":\"https:\\\/\\\/vamosporlaliberacion.org\\\/crpmlm\\\/\",\"name\":\"Vamos por la Liberaci\u00f3n\",\"description\":\"Prensa CR\",\"potentialAction\":[{\"@type\":\"SearchAction\",\"target\":{\"@type\":\"EntryPoint\",\"urlTemplate\":\"https:\\\/\\\/vamosporlaliberacion.org\\\/crpmlm\\\/?s={search_term_string}\"},\"query-input\":{\"@type\":\"PropertyValueSpecification\",\"valueRequired\":true,\"valueName\":\"search_term_string\"}}],\"inLanguage\":\"es\"},{\"@type\":\"Person\",\"@id\":\"\",\"url\":\"http:\\\/\\\/vamosporlaliberacion.org\\\/crpmlm\\\/author\\\/\"}]}<\/script>\n<!-- \/ Yoast SEO plugin. -->","yoast_head_json":{"title":"Resistencia y lucha - Vamos por la Liberaci\u00f3n","robots":{"index":"index","follow":"follow","max-snippet":"max-snippet:-1","max-image-preview":"max-image-preview:large","max-video-preview":"max-video-preview:-1"},"canonical":"https:\/\/vamosporlaliberacion.org\/crpmlm\/resistencia-y-lucha\/","twitter_misc":{"Escrito por":"","Tiempo de lectura":"8 minutos"},"schema":{"@context":"https:\/\/schema.org","@graph":[{"@type":"Article","@id":"https:\/\/vamosporlaliberacion.org\/crpmlm\/resistencia-y-lucha\/#article","isPartOf":{"@id":"https:\/\/vamosporlaliberacion.org\/crpmlm\/resistencia-y-lucha\/"},"author":{"name":"","@id":""},"headline":"Resistencia y lucha","datePublished":"2017-11-23T23:54:04+00:00","mainEntityOfPage":{"@id":"https:\/\/vamosporlaliberacion.org\/crpmlm\/resistencia-y-lucha\/"},"wordCount":1513,"commentCount":0,"image":{"@id":"https:\/\/vamosporlaliberacion.org\/crpmlm\/resistencia-y-lucha\/#primaryimage"},"thumbnailUrl":"https:\/\/i0.wp.com\/vamosporlaliberacion.org\/crpmlm\/wp-content\/uploads\/2017\/11\/Sin-t%C3%ADtulo.jpg?fit=745%2C433&ssl=1","keywords":["destacado","editorial 110","pacto fiscal","reforma laboral","reforma previsional"],"articleSection":["Noticias"],"inLanguage":"es","potentialAction":[{"@type":"CommentAction","name":"Comment","target":["https:\/\/vamosporlaliberacion.org\/crpmlm\/resistencia-y-lucha\/#respond"]}]},{"@type":"WebPage","@id":"https:\/\/vamosporlaliberacion.org\/crpmlm\/resistencia-y-lucha\/","url":"https:\/\/vamosporlaliberacion.org\/crpmlm\/resistencia-y-lucha\/","name":"Resistencia y lucha - Vamos por la Liberaci\u00f3n","isPartOf":{"@id":"https:\/\/vamosporlaliberacion.org\/crpmlm\/#website"},"primaryImageOfPage":{"@id":"https:\/\/vamosporlaliberacion.org\/crpmlm\/resistencia-y-lucha\/#primaryimage"},"image":{"@id":"https:\/\/vamosporlaliberacion.org\/crpmlm\/resistencia-y-lucha\/#primaryimage"},"thumbnailUrl":"https:\/\/i0.wp.com\/vamosporlaliberacion.org\/crpmlm\/wp-content\/uploads\/2017\/11\/Sin-t%C3%ADtulo.jpg?fit=745%2C433&ssl=1","datePublished":"2017-11-23T23:54:04+00:00","author":{"@id":""},"breadcrumb":{"@id":"https:\/\/vamosporlaliberacion.org\/crpmlm\/resistencia-y-lucha\/#breadcrumb"},"inLanguage":"es","potentialAction":[{"@type":"ReadAction","target":["https:\/\/vamosporlaliberacion.org\/crpmlm\/resistencia-y-lucha\/"]}]},{"@type":"ImageObject","inLanguage":"es","@id":"https:\/\/vamosporlaliberacion.org\/crpmlm\/resistencia-y-lucha\/#primaryimage","url":"https:\/\/i0.wp.com\/vamosporlaliberacion.org\/crpmlm\/wp-content\/uploads\/2017\/11\/Sin-t%C3%ADtulo.jpg?fit=745%2C433&ssl=1","contentUrl":"https:\/\/i0.wp.com\/vamosporlaliberacion.org\/crpmlm\/wp-content\/uploads\/2017\/11\/Sin-t%C3%ADtulo.jpg?fit=745%2C433&ssl=1","width":745,"height":433},{"@type":"BreadcrumbList","@id":"https:\/\/vamosporlaliberacion.org\/crpmlm\/resistencia-y-lucha\/#breadcrumb","itemListElement":[{"@type":"ListItem","position":1,"name":"Portada","item":"https:\/\/vamosporlaliberacion.org\/crpmlm\/"},{"@type":"ListItem","position":2,"name":"Resistencia y lucha"}]},{"@type":"WebSite","@id":"https:\/\/vamosporlaliberacion.org\/crpmlm\/#website","url":"https:\/\/vamosporlaliberacion.org\/crpmlm\/","name":"Vamos por la Liberaci\u00f3n","description":"Prensa CR","potentialAction":[{"@type":"SearchAction","target":{"@type":"EntryPoint","urlTemplate":"https:\/\/vamosporlaliberacion.org\/crpmlm\/?s={search_term_string}"},"query-input":{"@type":"PropertyValueSpecification","valueRequired":true,"valueName":"search_term_string"}}],"inLanguage":"es"},{"@type":"Person","@id":"","url":"http:\/\/vamosporlaliberacion.org\/crpmlm\/author\/"}]}},"jetpack_featured_media_url":"https:\/\/i0.wp.com\/vamosporlaliberacion.org\/crpmlm\/wp-content\/uploads\/2017\/11\/Sin-t%C3%ADtulo.jpg?fit=745%2C433&ssl=1","jetpack_sharing_enabled":true,"_links":{"self":[{"href":"http:\/\/vamosporlaliberacion.org\/crpmlm\/wp-json\/wp\/v2\/posts\/10587","targetHints":{"allow":["GET"]}}],"collection":[{"href":"http:\/\/vamosporlaliberacion.org\/crpmlm\/wp-json\/wp\/v2\/posts"}],"about":[{"href":"http:\/\/vamosporlaliberacion.org\/crpmlm\/wp-json\/wp\/v2\/types\/post"}],"author":[{"embeddable":true,"href":"http:\/\/vamosporlaliberacion.org\/crpmlm\/wp-json\/wp\/v2\/users\/5"}],"replies":[{"embeddable":true,"href":"http:\/\/vamosporlaliberacion.org\/crpmlm\/wp-json\/wp\/v2\/comments?post=10587"}],"version-history":[{"count":0,"href":"http:\/\/vamosporlaliberacion.org\/crpmlm\/wp-json\/wp\/v2\/posts\/10587\/revisions"}],"wp:featuredmedia":[{"embeddable":true,"href":"http:\/\/vamosporlaliberacion.org\/crpmlm\/wp-json\/wp\/v2\/media\/10588"}],"wp:attachment":[{"href":"http:\/\/vamosporlaliberacion.org\/crpmlm\/wp-json\/wp\/v2\/media?parent=10587"}],"wp:term":[{"taxonomy":"category","embeddable":true,"href":"http:\/\/vamosporlaliberacion.org\/crpmlm\/wp-json\/wp\/v2\/categories?post=10587"},{"taxonomy":"post_tag","embeddable":true,"href":"http:\/\/vamosporlaliberacion.org\/crpmlm\/wp-json\/wp\/v2\/tags?post=10587"}],"curies":[{"name":"wp","href":"https:\/\/api.w.org\/{rel}","templated":true}]}}