{"id":10564,"date":"2017-11-18T19:29:10","date_gmt":"2017-11-18T22:29:10","guid":{"rendered":"http:\/\/vamosporlaliberacion.org\/crpmlm\/?p=10564"},"modified":"2017-11-22T13:28:54","modified_gmt":"2017-11-22T16:28:54","slug":"a-100-anos-de-la-revolucion-bolchevique","status":"publish","type":"post","link":"http:\/\/vamosporlaliberacion.org\/crpmlm\/a-100-anos-de-la-revolucion-bolchevique\/","title":{"rendered":"A 100 a\u00f1os de la Revolucion Bolchevique"},"content":{"rendered":"<p>El Comit\u00e9 del CR de CABA organiz\u00f3 una charla sobre el proceso de 1905 a 1917 de la Revoluci\u00f3n Rusa. Abarca los dos etapas revolucionarias que se resolvieron ininterrumpidamente con la ca\u00edda de la autocracia zarista y la instauraci\u00f3n de la rep\u00fablica el 1\u00ba de febrero y la revoluci\u00f3n socialista de Octubre de 1917.<\/p>\n<p style=\"text-align: center;\"><iframe loading=\"lazy\" src=\"https:\/\/archive.org\/embed\/WhatsAppAudio20171115At9.03.00PM_201711\" width=\"700\" height=\"30\" frameborder=\"0\" allowfullscreen=\"allowfullscreen\"><\/iframe><br \/>\n<em>Audio completo de la exposici\u00f3n.<\/em><\/p>\n<p>Con una nutrida asistencia, el 14 de noviembre se realiz\u00f3 una charla a 100 a\u00f1os de la Revoluci\u00f3n Rusa, organizada por el Comit\u00e9 de Capital, a cargo de Yann Cristal. La charla se dividi\u00f3 en dos partes: la primera analiz\u00f3 el per\u00edodo desde principios del siglo XX a la Revoluci\u00f3n de Febrero de 1917, y la segunda abord\u00f3 en detalle el lapso entre Febrero hasta la Revoluci\u00f3n de Octubre.<\/p>\n<p style=\"text-align: left;\">As\u00ed se inici\u00f3 con una rese\u00f1a sobre la realidad pol\u00edtica y econ\u00f3mica de Rusia a fines del siglo XIX y sus m\u00faltiples contradicciones. Un desarrollo capitalista acelerado, con una fuerte explotaci\u00f3n obrera, mientras se manten\u00edan resabios feudales sobre el campesinado ruso, y el imperio ruso oprim\u00eda a varias naciones, todo bajo un gobierno autocr\u00e1tico y arcaico encarnado en la figura del Zar. A partir de esto se se\u00f1alaron las primeras luchas del proletariado ruso, la organizaci\u00f3n del Partido Obrero Social Dem\u00f3crata Ruso y su divisi\u00f3n entre bolcheviques y mencheviques.<\/p>\n<p style=\"text-align: left;\">Se expusieron los principales hechos de la Revoluci\u00f3n de 1905, su importancia como \u201censayo general\u201d de 1917 y el surgimiento de los primeros soviets. Tambi\u00e9n, el an\u00e1lisis de Lenin en torno al contenido democr\u00e1tico-burgu\u00e9s de esa revoluci\u00f3n, al tiempo que sus m\u00e9todos de lucha eran los de una revoluci\u00f3n proletaria, y la l\u00ednea de que la clase obrera deb\u00eda disputarle a la burgues\u00eda la hegemon\u00eda de la propia revoluci\u00f3n democr\u00e1tica. Luego de la masacre zarista a la marcha que 1905 encabezara el Cura Gap\u00f3n y un a\u00f1o de revuelta, la reacci\u00f3n zarista desde 1907 y el trabajo del Partido Bolchevique en esas condiciones, resaltando la combinaci\u00f3n entre lo clandestino y lo legal, que le permiti\u00f3 llegar en mejores condiciones a la reactivaci\u00f3n del movimiento de masas hacia 1912.<\/p>\n<p style=\"text-align: left;\">Para terminar la primera parte, se abord\u00f3 el estallido de la Primera Guerra Mundial, la oleada chauvinista, la traici\u00f3n de la mayor\u00eda de los partidos socialdem\u00f3cratas y el an\u00e1lisis leninista sobre la guerra y el imperialismo. A partir de esto, las consecuencias de la guerra en Rusia y las movilizaciones por abajo que, combinadas con las internas por arriba desencadenaron la Revoluci\u00f3n de Febrero de 1917. La misma termin\u00f3 con el zarismo e instaur\u00f3 un Gobierno Provisional que encabez\u00f3 Lvov proveniente del Partido Constitucional Democr\u00e1tico (KD o Kadete por sus siglas) que era uno de los partidos que expresaba los intereses de la burgues\u00eda. Se nombraron algunas de sus medidas, como la libertad de prensa o de reuni\u00f3n, que generaron en un inicio expectativas en el pueblo.<\/p>\n<h2 style=\"text-align: left;\"><a href=\"https:\/\/i0.wp.com\/vamosporlaliberacion.org\/crpmlm\/wp-content\/uploads\/2017\/11\/WhatsApp-Image-2017-11-15-at-9.01.07-PM.jpeg\"><img data-recalc-dims=\"1\" loading=\"lazy\" decoding=\"async\" class=\"alignnone wp-image-10572\" src=\"https:\/\/i0.wp.com\/vamosporlaliberacion.org\/crpmlm\/wp-content\/uploads\/2017\/11\/WhatsApp-Image-2017-11-15-at-9.01.07-PM-1024x577.jpeg?resize=696%2C392\" alt=\"\" width=\"696\" height=\"392\" srcset=\"https:\/\/i0.wp.com\/vamosporlaliberacion.org\/crpmlm\/wp-content\/uploads\/2017\/11\/WhatsApp-Image-2017-11-15-at-9.01.07-PM.jpeg?resize=1024%2C577&amp;ssl=1 1024w, https:\/\/i0.wp.com\/vamosporlaliberacion.org\/crpmlm\/wp-content\/uploads\/2017\/11\/WhatsApp-Image-2017-11-15-at-9.01.07-PM.jpeg?resize=300%2C169&amp;ssl=1 300w, https:\/\/i0.wp.com\/vamosporlaliberacion.org\/crpmlm\/wp-content\/uploads\/2017\/11\/WhatsApp-Image-2017-11-15-at-9.01.07-PM.jpeg?resize=768%2C433&amp;ssl=1 768w, https:\/\/i0.wp.com\/vamosporlaliberacion.org\/crpmlm\/wp-content\/uploads\/2017\/11\/WhatsApp-Image-2017-11-15-at-9.01.07-PM.jpeg?resize=696%2C392&amp;ssl=1 696w, https:\/\/i0.wp.com\/vamosporlaliberacion.org\/crpmlm\/wp-content\/uploads\/2017\/11\/WhatsApp-Image-2017-11-15-at-9.01.07-PM.jpeg?resize=1068%2C602&amp;ssl=1 1068w, https:\/\/i0.wp.com\/vamosporlaliberacion.org\/crpmlm\/wp-content\/uploads\/2017\/11\/WhatsApp-Image-2017-11-15-at-9.01.07-PM.jpeg?resize=746%2C420&amp;ssl=1 746w, https:\/\/i0.wp.com\/vamosporlaliberacion.org\/crpmlm\/wp-content\/uploads\/2017\/11\/WhatsApp-Image-2017-11-15-at-9.01.07-PM.jpeg?w=1280&amp;ssl=1 1280w\" sizes=\"auto, (max-width: 696px) 100vw, 696px\" \/><\/a>De Febrero a Octubre<\/h2>\n<p style=\"text-align: left;\">En la segunda parte se resaltaron seis momentos fundamentales del camino que llev\u00f3 de la revoluci\u00f3n democr\u00e1tica de Febrero a la revoluci\u00f3n socialista de Octubre.<\/p>\n<p style=\"text-align: left;\">Primero, se explic\u00f3 el problema clave de la continuidad de la Guerra por parte del Gobierno Provisional y el consecuente agravamiento de la miseria de las masas. Se dedic\u00f3 un bloque al resurgimiento de los soviets como \u00f3rganos de los obreros, soldados y campesinos, sus caracter\u00edsticas y sus diferencias con las instituciones burguesas.<\/p>\n<p style=\"text-align: left;\">En segundo lugar, a partir del regreso de Lenin a Rusia y sus planteos en las Tesis de Abril, se abord\u00f3 la relaci\u00f3n entre las etapas de la revoluci\u00f3n y el concepto de la ininterrupci\u00f3n entre ellas. Tambi\u00e9n la significaci\u00f3n de la consigna \u201cTodo el poder a los soviets\u201d como nudo desentra\u00f1ado por Lenin y los bolcheviques en cuanto al objetivo planteado para la etapa socialista de instaurar una rep\u00fablica de soviets, dado el potencial car\u00e1cter de estos, aun cuando entonces los bolcheviques no eran mayor\u00eda all\u00ed ni ten\u00edan su direcci\u00f3n todav\u00eda.<br \/>\nJunto a esto, se describi\u00f3 el crecimiento de la oposici\u00f3n a la guerra y la primera crisis en las \u201cjornadas de abril\u201d, de la que el gobierno sali\u00f3 absorbiendo e incorporando a ministros mencheviques y socialrevolucionarios, fuerzas pol\u00edticas a\u00fan mayoritarias en los soviets.<\/p>\n<p style=\"text-align: left;\">En tercer t\u00e9rmino, las \u201cjornadas de Julio\u201d, con sus manifestaciones espont\u00e1neas y el an\u00e1lisis bolchevique de que las masas todav\u00eda no ten\u00edan la fuerza para lanzarse a la toma del poder. Este hecho sirvi\u00f3 para introducir el concepto de \u201csituaci\u00f3n revolucionaria\u201d y la relaci\u00f3n entre los factores objetivos y subjetivos de la revoluci\u00f3n. En este contexto, producto del desgaste del gobierno es nombrado Kerenski como Primer Ministro, proveniente de las filas de los Social Revolucionarios (\u201cEseristas\u201d) que desata una fuerte represi\u00f3n. Pero esta incorporaci\u00f3n de los mencheviques y eseristas al gobierno, mientras prosegu\u00eda la guerra y sus consecuencias en la vida de las masas, iba permitiendo transformar la correlaci\u00f3n de fuerzas en favor de los bolcheviques dentro de los soviets principalmente de obreros. En ese proceso se fragmentan los eseristas entre un ala de derecha y una de izquierda que lleg\u00f3 a acuerdos con los bolcheviques, importantes por su peso en el campesinado.<\/p>\n<p style=\"text-align: left;\">En cuarto lugar se abord\u00f3 el intento de golpe de estado del Gral. Kornilov, que pretend\u00eda voltear a Kerenski y abortar el proceso revolucionario. Frente a este, la t\u00e1ctica de los bolcheviques de armar al pueblo para frenar el golpe reaccionario, golpeando junto con Kerenski y desenmascarando a la vez sus vacilaciones. Un ejemplo de la flexibilidad t\u00e1ctica que tuvieron los bolcheviques durante todo este per\u00edodo, siempre partiendo de la polaridad pol\u00edtica que se presentaba, con una l\u00ednea de acumulaci\u00f3n de fuerzas revolucionarias y de mantener la independencia y la disputa de la hegemon\u00eda. Tras el fracaso del golpe, se produjo el fortalecimiento de los bolcheviques y el incremento de la actividad de los obreros en las f\u00e1bricas, las tomas de tierras de los campesinos y la creciente insubordinaci\u00f3n de los soldados.<\/p>\n<p style=\"text-align: left;\">En quinto lugar la orden de Kerenski de evacuaci\u00f3n de la ciudad de Petrogrado ante el supuesto avance de la armada alemana por el Mar B\u00e1ltico, que es rechazada por los bolcheviques, que llaman y movilizan a la defensa de la ciudad desde el Soviet de Petrogrado. Conforman el Comit\u00e9 Militar Revolucionario y le ordenan a las guarniciones regulares la entrega de armas. En ese marco, el cambio de correlaci\u00f3n de fuerzas en los soviets de Petrogrado y Mosc\u00fa, fundamentalmente de obreros y en las guarniciones militares a favor de los bolcheviques y el planteo de Lenin de que deb\u00eda prepararse la toma del poder.<\/p>\n<p style=\"text-align: left;\">Por lo que en sexto lugar se expusieron los preparativos de la insurrecci\u00f3n, buscando que coincidiera con el 2\u00ba Congreso de los Soviets de toda Rusia, en medio de fuertes debates dentro del Partido.<\/p>\n<p style=\"text-align: left;\"><a href=\"https:\/\/i0.wp.com\/vamosporlaliberacion.org\/crpmlm\/wp-content\/uploads\/2017\/11\/WhatsApp-Image-2017-11-15-at-9.01.32-PM-1.jpeg\"><img data-recalc-dims=\"1\" loading=\"lazy\" decoding=\"async\" class=\"alignnone wp-image-10574\" src=\"https:\/\/i0.wp.com\/vamosporlaliberacion.org\/crpmlm\/wp-content\/uploads\/2017\/11\/WhatsApp-Image-2017-11-15-at-9.01.32-PM-1-1024x577.jpeg?resize=696%2C392\" alt=\"\" width=\"696\" height=\"392\" srcset=\"https:\/\/i0.wp.com\/vamosporlaliberacion.org\/crpmlm\/wp-content\/uploads\/2017\/11\/WhatsApp-Image-2017-11-15-at-9.01.32-PM-1.jpeg?resize=1024%2C577&amp;ssl=1 1024w, https:\/\/i0.wp.com\/vamosporlaliberacion.org\/crpmlm\/wp-content\/uploads\/2017\/11\/WhatsApp-Image-2017-11-15-at-9.01.32-PM-1.jpeg?resize=300%2C169&amp;ssl=1 300w, https:\/\/i0.wp.com\/vamosporlaliberacion.org\/crpmlm\/wp-content\/uploads\/2017\/11\/WhatsApp-Image-2017-11-15-at-9.01.32-PM-1.jpeg?resize=768%2C433&amp;ssl=1 768w, https:\/\/i0.wp.com\/vamosporlaliberacion.org\/crpmlm\/wp-content\/uploads\/2017\/11\/WhatsApp-Image-2017-11-15-at-9.01.32-PM-1.jpeg?resize=696%2C392&amp;ssl=1 696w, https:\/\/i0.wp.com\/vamosporlaliberacion.org\/crpmlm\/wp-content\/uploads\/2017\/11\/WhatsApp-Image-2017-11-15-at-9.01.32-PM-1.jpeg?resize=1068%2C602&amp;ssl=1 1068w, https:\/\/i0.wp.com\/vamosporlaliberacion.org\/crpmlm\/wp-content\/uploads\/2017\/11\/WhatsApp-Image-2017-11-15-at-9.01.32-PM-1.jpeg?resize=746%2C420&amp;ssl=1 746w, https:\/\/i0.wp.com\/vamosporlaliberacion.org\/crpmlm\/wp-content\/uploads\/2017\/11\/WhatsApp-Image-2017-11-15-at-9.01.32-PM-1.jpeg?w=1280&amp;ssl=1 1280w\" sizes=\"auto, (max-width: 696px) 100vw, 696px\" \/><\/a>Finalmente, la toma del Palacio de Invierno, la constituci\u00f3n del poder sovi\u00e9tico en el 2do Congreso y las primeras medidas desde el poder, con los decretos por la paz y por la tierra y el inicio de la construcci\u00f3n del socialismo por primera vez en la historia. Esto ser\u00eda solo el inicio, ya que concluida la guerra vendr\u00eda el asedio militar de las potencias imperialistas y la guerra civil\u2026<\/p>\n<p style=\"text-align: left;\">La charla cerr\u00f3 con preguntas y comentarios de los participantes en las que se volc\u00f3 el entusiasmo por profundizar en el estudio de esta enorme experiencia revolucionaria.<\/p>\n<p style=\"text-align: right;\"><strong>Corresponsal<\/strong><\/p>\n<!-- AddThis Advanced Settings generic via filter on the_content --><!-- AddThis Share Buttons generic via filter on the_content -->","protected":false},"excerpt":{"rendered":"<p>El Comit\u00e9 del CR de CABA organiz\u00f3 una charla sobre el proceso de 1905 a 1917 de la Revoluci\u00f3n Rusa. Abarca los dos etapas revolucionarias que se resolvieron ininterrumpidamente con la ca\u00edda de la autocracia zarista y la instauraci\u00f3n de la rep\u00fablica el 1\u00ba de febrero y la revoluci\u00f3n socialista de Octubre de 1917. Audio [&hellip;]<!-- AddThis Advanced Settings generic via filter on get_the_excerpt --><!-- AddThis Share Buttons generic via filter on get_the_excerpt --><\/p>\n","protected":false},"author":5,"featured_media":10565,"comment_status":"open","ping_status":"open","sticky":false,"template":"","format":"standard","meta":{"_jetpack_memberships_contains_paid_content":false,"footnotes":""},"categories":[1699],"tags":[45,520,360,1105],"class_list":{"0":"post-10564","1":"post","2":"type-post","3":"status-publish","4":"format-standard","5":"has-post-thumbnail","7":"category-noticias","8":"tag-caba","9":"tag-destacado-2","10":"tag-revolucion-rusa","11":"tag-vxl-110"},"yoast_head":"<!-- This site is optimized with the Yoast SEO plugin v27.4 - https:\/\/yoast.com\/product\/yoast-seo-wordpress\/ -->\n<title>A 100 a\u00f1os de la Revolucion Bolchevique - Vamos por la Liberaci\u00f3n<\/title>\n<meta name=\"robots\" content=\"index, follow, max-snippet:-1, max-image-preview:large, max-video-preview:-1\" \/>\n<link rel=\"canonical\" href=\"https:\/\/vamosporlaliberacion.org\/crpmlm\/a-100-anos-de-la-revolucion-bolchevique\/\" \/>\n<meta name=\"twitter:label1\" content=\"Escrito por\" \/>\n\t<meta name=\"twitter:data1\" content=\"\" \/>\n\t<meta name=\"twitter:label2\" content=\"Tiempo de lectura\" \/>\n\t<meta name=\"twitter:data2\" content=\"6 minutos\" \/>\n<script type=\"application\/ld+json\" class=\"yoast-schema-graph\">{\"@context\":\"https:\\\/\\\/schema.org\",\"@graph\":[{\"@type\":\"Article\",\"@id\":\"https:\\\/\\\/vamosporlaliberacion.org\\\/crpmlm\\\/a-100-anos-de-la-revolucion-bolchevique\\\/#article\",\"isPartOf\":{\"@id\":\"https:\\\/\\\/vamosporlaliberacion.org\\\/crpmlm\\\/a-100-anos-de-la-revolucion-bolchevique\\\/\"},\"author\":{\"name\":\"\",\"@id\":\"\"},\"headline\":\"A 100 a\u00f1os de la Revolucion Bolchevique\",\"datePublished\":\"2017-11-18T22:29:10+00:00\",\"dateModified\":\"2017-11-22T16:28:54+00:00\",\"mainEntityOfPage\":{\"@id\":\"https:\\\/\\\/vamosporlaliberacion.org\\\/crpmlm\\\/a-100-anos-de-la-revolucion-bolchevique\\\/\"},\"wordCount\":1304,\"commentCount\":0,\"image\":{\"@id\":\"https:\\\/\\\/vamosporlaliberacion.org\\\/crpmlm\\\/a-100-anos-de-la-revolucion-bolchevique\\\/#primaryimage\"},\"thumbnailUrl\":\"https:\\\/\\\/i0.wp.com\\\/vamosporlaliberacion.org\\\/crpmlm\\\/wp-content\\\/uploads\\\/2017\\\/11\\\/WhatsApp-Image-2017-11-15-at-9.00.42-PM.jpeg?fit=1280%2C720&ssl=1\",\"keywords\":[\"CABA\",\"destacado 2\",\"Revoluci\u00f3n Rusa\",\"vxl 110\"],\"articleSection\":[\"Noticias\"],\"inLanguage\":\"es\",\"potentialAction\":[{\"@type\":\"CommentAction\",\"name\":\"Comment\",\"target\":[\"https:\\\/\\\/vamosporlaliberacion.org\\\/crpmlm\\\/a-100-anos-de-la-revolucion-bolchevique\\\/#respond\"]}]},{\"@type\":\"WebPage\",\"@id\":\"https:\\\/\\\/vamosporlaliberacion.org\\\/crpmlm\\\/a-100-anos-de-la-revolucion-bolchevique\\\/\",\"url\":\"https:\\\/\\\/vamosporlaliberacion.org\\\/crpmlm\\\/a-100-anos-de-la-revolucion-bolchevique\\\/\",\"name\":\"A 100 a\u00f1os de la Revolucion Bolchevique - Vamos por la Liberaci\u00f3n\",\"isPartOf\":{\"@id\":\"https:\\\/\\\/vamosporlaliberacion.org\\\/crpmlm\\\/#website\"},\"primaryImageOfPage\":{\"@id\":\"https:\\\/\\\/vamosporlaliberacion.org\\\/crpmlm\\\/a-100-anos-de-la-revolucion-bolchevique\\\/#primaryimage\"},\"image\":{\"@id\":\"https:\\\/\\\/vamosporlaliberacion.org\\\/crpmlm\\\/a-100-anos-de-la-revolucion-bolchevique\\\/#primaryimage\"},\"thumbnailUrl\":\"https:\\\/\\\/i0.wp.com\\\/vamosporlaliberacion.org\\\/crpmlm\\\/wp-content\\\/uploads\\\/2017\\\/11\\\/WhatsApp-Image-2017-11-15-at-9.00.42-PM.jpeg?fit=1280%2C720&ssl=1\",\"datePublished\":\"2017-11-18T22:29:10+00:00\",\"dateModified\":\"2017-11-22T16:28:54+00:00\",\"author\":{\"@id\":\"\"},\"breadcrumb\":{\"@id\":\"https:\\\/\\\/vamosporlaliberacion.org\\\/crpmlm\\\/a-100-anos-de-la-revolucion-bolchevique\\\/#breadcrumb\"},\"inLanguage\":\"es\",\"potentialAction\":[{\"@type\":\"ReadAction\",\"target\":[\"https:\\\/\\\/vamosporlaliberacion.org\\\/crpmlm\\\/a-100-anos-de-la-revolucion-bolchevique\\\/\"]}]},{\"@type\":\"ImageObject\",\"inLanguage\":\"es\",\"@id\":\"https:\\\/\\\/vamosporlaliberacion.org\\\/crpmlm\\\/a-100-anos-de-la-revolucion-bolchevique\\\/#primaryimage\",\"url\":\"https:\\\/\\\/i0.wp.com\\\/vamosporlaliberacion.org\\\/crpmlm\\\/wp-content\\\/uploads\\\/2017\\\/11\\\/WhatsApp-Image-2017-11-15-at-9.00.42-PM.jpeg?fit=1280%2C720&ssl=1\",\"contentUrl\":\"https:\\\/\\\/i0.wp.com\\\/vamosporlaliberacion.org\\\/crpmlm\\\/wp-content\\\/uploads\\\/2017\\\/11\\\/WhatsApp-Image-2017-11-15-at-9.00.42-PM.jpeg?fit=1280%2C720&ssl=1\",\"width\":1280,\"height\":720},{\"@type\":\"BreadcrumbList\",\"@id\":\"https:\\\/\\\/vamosporlaliberacion.org\\\/crpmlm\\\/a-100-anos-de-la-revolucion-bolchevique\\\/#breadcrumb\",\"itemListElement\":[{\"@type\":\"ListItem\",\"position\":1,\"name\":\"Portada\",\"item\":\"https:\\\/\\\/vamosporlaliberacion.org\\\/crpmlm\\\/\"},{\"@type\":\"ListItem\",\"position\":2,\"name\":\"A 100 a\u00f1os de la Revolucion Bolchevique\"}]},{\"@type\":\"WebSite\",\"@id\":\"https:\\\/\\\/vamosporlaliberacion.org\\\/crpmlm\\\/#website\",\"url\":\"https:\\\/\\\/vamosporlaliberacion.org\\\/crpmlm\\\/\",\"name\":\"Vamos por la Liberaci\u00f3n\",\"description\":\"Prensa CR\",\"potentialAction\":[{\"@type\":\"SearchAction\",\"target\":{\"@type\":\"EntryPoint\",\"urlTemplate\":\"https:\\\/\\\/vamosporlaliberacion.org\\\/crpmlm\\\/?s={search_term_string}\"},\"query-input\":{\"@type\":\"PropertyValueSpecification\",\"valueRequired\":true,\"valueName\":\"search_term_string\"}}],\"inLanguage\":\"es\"},{\"@type\":\"Person\",\"@id\":\"\",\"url\":\"http:\\\/\\\/vamosporlaliberacion.org\\\/crpmlm\\\/author\\\/\"}]}<\/script>\n<!-- \/ Yoast SEO plugin. -->","yoast_head_json":{"title":"A 100 a\u00f1os de la Revolucion Bolchevique - Vamos por la Liberaci\u00f3n","robots":{"index":"index","follow":"follow","max-snippet":"max-snippet:-1","max-image-preview":"max-image-preview:large","max-video-preview":"max-video-preview:-1"},"canonical":"https:\/\/vamosporlaliberacion.org\/crpmlm\/a-100-anos-de-la-revolucion-bolchevique\/","twitter_misc":{"Escrito por":"","Tiempo de lectura":"6 minutos"},"schema":{"@context":"https:\/\/schema.org","@graph":[{"@type":"Article","@id":"https:\/\/vamosporlaliberacion.org\/crpmlm\/a-100-anos-de-la-revolucion-bolchevique\/#article","isPartOf":{"@id":"https:\/\/vamosporlaliberacion.org\/crpmlm\/a-100-anos-de-la-revolucion-bolchevique\/"},"author":{"name":"","@id":""},"headline":"A 100 a\u00f1os de la Revolucion Bolchevique","datePublished":"2017-11-18T22:29:10+00:00","dateModified":"2017-11-22T16:28:54+00:00","mainEntityOfPage":{"@id":"https:\/\/vamosporlaliberacion.org\/crpmlm\/a-100-anos-de-la-revolucion-bolchevique\/"},"wordCount":1304,"commentCount":0,"image":{"@id":"https:\/\/vamosporlaliberacion.org\/crpmlm\/a-100-anos-de-la-revolucion-bolchevique\/#primaryimage"},"thumbnailUrl":"https:\/\/i0.wp.com\/vamosporlaliberacion.org\/crpmlm\/wp-content\/uploads\/2017\/11\/WhatsApp-Image-2017-11-15-at-9.00.42-PM.jpeg?fit=1280%2C720&ssl=1","keywords":["CABA","destacado 2","Revoluci\u00f3n Rusa","vxl 110"],"articleSection":["Noticias"],"inLanguage":"es","potentialAction":[{"@type":"CommentAction","name":"Comment","target":["https:\/\/vamosporlaliberacion.org\/crpmlm\/a-100-anos-de-la-revolucion-bolchevique\/#respond"]}]},{"@type":"WebPage","@id":"https:\/\/vamosporlaliberacion.org\/crpmlm\/a-100-anos-de-la-revolucion-bolchevique\/","url":"https:\/\/vamosporlaliberacion.org\/crpmlm\/a-100-anos-de-la-revolucion-bolchevique\/","name":"A 100 a\u00f1os de la Revolucion Bolchevique - Vamos por la Liberaci\u00f3n","isPartOf":{"@id":"https:\/\/vamosporlaliberacion.org\/crpmlm\/#website"},"primaryImageOfPage":{"@id":"https:\/\/vamosporlaliberacion.org\/crpmlm\/a-100-anos-de-la-revolucion-bolchevique\/#primaryimage"},"image":{"@id":"https:\/\/vamosporlaliberacion.org\/crpmlm\/a-100-anos-de-la-revolucion-bolchevique\/#primaryimage"},"thumbnailUrl":"https:\/\/i0.wp.com\/vamosporlaliberacion.org\/crpmlm\/wp-content\/uploads\/2017\/11\/WhatsApp-Image-2017-11-15-at-9.00.42-PM.jpeg?fit=1280%2C720&ssl=1","datePublished":"2017-11-18T22:29:10+00:00","dateModified":"2017-11-22T16:28:54+00:00","author":{"@id":""},"breadcrumb":{"@id":"https:\/\/vamosporlaliberacion.org\/crpmlm\/a-100-anos-de-la-revolucion-bolchevique\/#breadcrumb"},"inLanguage":"es","potentialAction":[{"@type":"ReadAction","target":["https:\/\/vamosporlaliberacion.org\/crpmlm\/a-100-anos-de-la-revolucion-bolchevique\/"]}]},{"@type":"ImageObject","inLanguage":"es","@id":"https:\/\/vamosporlaliberacion.org\/crpmlm\/a-100-anos-de-la-revolucion-bolchevique\/#primaryimage","url":"https:\/\/i0.wp.com\/vamosporlaliberacion.org\/crpmlm\/wp-content\/uploads\/2017\/11\/WhatsApp-Image-2017-11-15-at-9.00.42-PM.jpeg?fit=1280%2C720&ssl=1","contentUrl":"https:\/\/i0.wp.com\/vamosporlaliberacion.org\/crpmlm\/wp-content\/uploads\/2017\/11\/WhatsApp-Image-2017-11-15-at-9.00.42-PM.jpeg?fit=1280%2C720&ssl=1","width":1280,"height":720},{"@type":"BreadcrumbList","@id":"https:\/\/vamosporlaliberacion.org\/crpmlm\/a-100-anos-de-la-revolucion-bolchevique\/#breadcrumb","itemListElement":[{"@type":"ListItem","position":1,"name":"Portada","item":"https:\/\/vamosporlaliberacion.org\/crpmlm\/"},{"@type":"ListItem","position":2,"name":"A 100 a\u00f1os de la Revolucion Bolchevique"}]},{"@type":"WebSite","@id":"https:\/\/vamosporlaliberacion.org\/crpmlm\/#website","url":"https:\/\/vamosporlaliberacion.org\/crpmlm\/","name":"Vamos por la Liberaci\u00f3n","description":"Prensa CR","potentialAction":[{"@type":"SearchAction","target":{"@type":"EntryPoint","urlTemplate":"https:\/\/vamosporlaliberacion.org\/crpmlm\/?s={search_term_string}"},"query-input":{"@type":"PropertyValueSpecification","valueRequired":true,"valueName":"search_term_string"}}],"inLanguage":"es"},{"@type":"Person","@id":"","url":"http:\/\/vamosporlaliberacion.org\/crpmlm\/author\/"}]}},"jetpack_featured_media_url":"https:\/\/i0.wp.com\/vamosporlaliberacion.org\/crpmlm\/wp-content\/uploads\/2017\/11\/WhatsApp-Image-2017-11-15-at-9.00.42-PM.jpeg?fit=1280%2C720&ssl=1","jetpack_sharing_enabled":true,"_links":{"self":[{"href":"http:\/\/vamosporlaliberacion.org\/crpmlm\/wp-json\/wp\/v2\/posts\/10564","targetHints":{"allow":["GET"]}}],"collection":[{"href":"http:\/\/vamosporlaliberacion.org\/crpmlm\/wp-json\/wp\/v2\/posts"}],"about":[{"href":"http:\/\/vamosporlaliberacion.org\/crpmlm\/wp-json\/wp\/v2\/types\/post"}],"author":[{"embeddable":true,"href":"http:\/\/vamosporlaliberacion.org\/crpmlm\/wp-json\/wp\/v2\/users\/5"}],"replies":[{"embeddable":true,"href":"http:\/\/vamosporlaliberacion.org\/crpmlm\/wp-json\/wp\/v2\/comments?post=10564"}],"version-history":[{"count":0,"href":"http:\/\/vamosporlaliberacion.org\/crpmlm\/wp-json\/wp\/v2\/posts\/10564\/revisions"}],"wp:featuredmedia":[{"embeddable":true,"href":"http:\/\/vamosporlaliberacion.org\/crpmlm\/wp-json\/wp\/v2\/media\/10565"}],"wp:attachment":[{"href":"http:\/\/vamosporlaliberacion.org\/crpmlm\/wp-json\/wp\/v2\/media?parent=10564"}],"wp:term":[{"taxonomy":"category","embeddable":true,"href":"http:\/\/vamosporlaliberacion.org\/crpmlm\/wp-json\/wp\/v2\/categories?post=10564"},{"taxonomy":"post_tag","embeddable":true,"href":"http:\/\/vamosporlaliberacion.org\/crpmlm\/wp-json\/wp\/v2\/tags?post=10564"}],"curies":[{"name":"wp","href":"https:\/\/api.w.org\/{rel}","templated":true}]}}