{"id":10531,"date":"2017-11-08T13:48:49","date_gmt":"2017-11-08T16:48:49","guid":{"rendered":"http:\/\/vamosporlaliberacion.org\/crpmlm\/?p=10531"},"modified":"2017-11-08T16:27:26","modified_gmt":"2017-11-08T19:27:26","slug":"bertone-ya-viene-haciendo-lo-que-propone-macri-a-nivel-nacional","status":"publish","type":"post","link":"http:\/\/vamosporlaliberacion.org\/crpmlm\/bertone-ya-viene-haciendo-lo-que-propone-macri-a-nivel-nacional\/","title":{"rendered":"Bertone ya viene haciendo lo que propone Macri a nivel nacional"},"content":{"rendered":"<p><strong>Declaraci\u00f3n de Horacio Catena, secretario general de SUTEF y CTA-A, ante las reformas que propone Macri y la \u201cconvocatoria\u201d que lanz\u00f3 la gobernadora.<\/strong><\/p>\n<p>Luego del discurso del presidente Macri y la reforma tributaria anunciada por el ministro de Hacienda, la gobernadora fueguina Rosana Bertone \u2013cuya candidata a diputada qued\u00f3 tercera en las elecciones\u2013 cuestion\u00f3 el proyecto de eliminar los impuestos a la importaci\u00f3n del 17% para celulares, televisores y monitores, y llam\u00f3 a una convocatoria provincial. Sin embargo, a nadie puede sorprender la propuesta del gobierno nacional, ya que previamente hab\u00eda eliminado los aranceles a las notebooks (que se fabrican en la isla). Esto hab\u00eda sido con el consentimiento del gobierno fueguino, como as\u00ed tambi\u00e9n lo hizo con otras tantas medidas.<\/p>\n<p>Ante el anuncio del gobierno nacional, Horacio Catena \u2013secretario general del SUTEF y CTA-A\u2013 denunci\u00f3 en una declaraci\u00f3n \u2013que reproducimos\u2013 sus graves consecuencias y cuestion\u00f3 el trabajo conjunto que en realidad vienen llevando adelante ambos gobiernos en contra de los trabajadores y de los intereses nacionales. Esta complicidad fue denunciada tambi\u00e9n durante la campa\u00f1a electoral por Iniciativa por la Uni\u00f3n, frente que integra Catena. Luego tambi\u00e9n aclar\u00f3 que \u201cno hubo una convocatoria a todos los sectores\u201d, no s\u00f3lo porque no fueron convocados sino que \u201cadem\u00e1s hab\u00eda lista de admisi\u00f3n en la puerta de Casa de Gobierno\u201d.<\/p>\n<p><strong>A la docencia, a los trabajadores\/as y a la poblaci\u00f3n en general:<\/strong><\/p>\n<p>Luego de las elecciones legislativas, el Gobierno Nacional se adjudic\u00f3 un triunfo y as\u00ed lanz\u00f3 la ofensiva pol\u00edtica que anticipamos. Por m\u00e1s que lo nieguen, y lo seguir\u00e1n negando, esa ofensiva afecta tres aspectos fundamentales para la vida de la poblaci\u00f3n:<\/p>\n<p>\u2022 Reforma Laboral.<\/p>\n<p>\u2022 Reforma Previsional.<\/p>\n<p>\u2022 Reforma Impositiva.<\/p>\n<p>Previo a todo es necesario un resumen de lo acontecido, ya que hoy algunos\/as pretenden colocarse como los defensores de nuestra provincia cuando en realidad consintieron todas y cada una de las medidas del Gobierno Nacional, de las cuales ahora \u201csorprendidos\u201d se quejan.<\/p>\n<p>Los gobiernos de Macri y de Bertone pusieron en marcha, en conjunto, una pol\u00edtica que signific\u00f3 una p\u00e9rdida de 2 de cada 3 puestos de trabajo en la industria electr\u00f3nica de la provincia. Cientos de familias abandonaron la Provincia en ese momento. Bertone y su vicegobernador dijeron que hab\u00eda que cambiar la matriz productiva de la provincia. El Gobierno Nacional, en boca de Marcos Pe\u00f1a Braun y Rogelio Frigerio, dijo que la provincia deb\u00eda vivir de los recursos naturales, principalmente petr\u00f3leo y gas, del turismo y del polo log\u00edstico Ant\u00e1rtico. Y lo que no dijeron pero hicieron: la base militar estadounidense.<\/p>\n<p>En esa l\u00ednea, gobernadora y vice consintieron todo. Veamos por ejemplo, el tarifazo de gas. Mientras distintas organizaciones pol\u00edticas denunciamos y luchamos en todas las instancias (amparos judiciales, movilizaciones, audiencia p\u00fablica, etc.), ellos aprobaron el 1600% de aumento. Luego la Naci\u00f3n retrocedi\u00f3 al 400% y ellos mantuvieron un silencio c\u00f3mplice. Tambi\u00e9n lo hicieron con el aumento en el resto las tarifas.<\/p>\n<p>Habiendo recordado el \u201ctrabajo en conjunto\u201d de la naci\u00f3n macrista y la provincia bertonista, analicemos:<\/p>\n<p>El plan que hoy impone Macri a nivel nacional es lo mismo que Bertone-Arcando impusieron el 8 y 9 de enero de 2016 en la provincia. Como dijimos en su momento, no era solo para los estatales. Resaltemos que en el tristemente c\u00e9lebre paquete de leyes incluyeron las modificaciones del sistema tributario provincial con la creaci\u00f3n de la Agencia de Recaudaci\u00f3n Fueguina (AREF, ex Direcci\u00f3n General de Rentas).Con ese primer paquete de leyes, que a\u00fan esperamos que la Justicia resuelva sobre su constitucionalidad o no, dijimos:<\/p>\n<p>a) El aporte \u201csolidario\u201d impuesto a los Estatales era un ensayo del impuesto a las ganancias para todos los trabajadores.<\/p>\n<p>b) Las reformas al sistema previsional provincial eran el primer paso hacia la armonizaci\u00f3n.<\/p>\n<p>c) La AREF, mediante el sistema inform\u00e1tico, ya EST\u00c1 INTEGRADA A LA AFIP. Hoy para realizar un tr\u00e1mite online en la AREF debes ingresar por la p\u00e1gina de la AFIP. A\u00fan con el cerco medi\u00e1tico, intentamos informarlo en conferencia de prensa y dem\u00e1s medios diciendo que era el inicio de la armonizaci\u00f3n del sistema tributario y la entrega de los beneficios fiscales de la 19.640.<\/p>\n<p>El gobierno Bertone-Arcando, desde el primer d\u00eda, trata de imponer la flexibilizaci\u00f3n laboral a fondo. Por ello dieron de baja el registro de asociaciones sindicales de la provincia, cuesti\u00f3n completamente ilegal. No podemos dejar de verlo: lo hicieron 1 a\u00f1o y 4 meses antes de que Macri anuncie lo mismo el lunes 23 de octubre de 2017.<\/p>\n<p>El gobierno Bertone-Arcando implement\u00f3 la persecuci\u00f3n a las organizaciones sindicales que hemos (con aciertos y errores) resistido desde el primer d\u00eda. Persigue a Docentes y Trabajadores estatales. Para ello utiliza fondos reservados para realizar trabajos de inteligencia, hecho expl\u00edcitamente prohibido en nuestra Constituci\u00f3n Provincial. Tambi\u00e9n lo hemos denunciado.<\/p>\n<p>Es importante esta s\u00edntesis, porque Bertone en su af\u00e1n totalitario y de acaparar todo el poder a su antojo, avanza sobre las autonom\u00edas municipales, quitando recursos y utilizando los gastos reservados, m\u00e1s la influencia en el Poder Judicial, para amedrentar a sus potenciales rivales pol\u00edticos.<\/p>\n<p>Tambi\u00e9n venimos sosteniendo que aplica la pol\u00edtica de destrucci\u00f3n de la escuela p\u00fablica con el Plan Maestro y de la salud.<\/p>\n<p>Veamos los anuncios del Gobierno Nacional:<\/p>\n<p>De las reformas laborales y previsionales nada dijo el Gobierno Provincial, ni ninguna de las organizaciones sindicales que estuvieron acompa\u00f1ando esta pol\u00edtica desde el minuto cero. Solo se manifest\u00f3 en alerta y con extrema preocupaci\u00f3n por la disminuci\u00f3n de impuesto internos.<\/p>\n<p>Silencio absoluto para algunos temas y el grito en el cielo por otro, nos lleva a preguntarnos:<\/p>\n<p>\u00bfQu\u00e9 defiende el gobierno provincial? Llama a \u201cunirse\u201d \u00bfpara defender qu\u00e9? \u00bfLos intereses de quienes? Realiza una convocatoria \u201cabierta\u201d con una Casa de Gobierno vallada, habiendo dirigentes sindicales judicializados, con restricciones, exonerados y castigados justamente por enfrentar esta misma pol\u00edtica que, llamativamente, ahora parece repudiar.<\/p>\n<p>Tenemos una s\u00edntesis de lo que significan las tres medidas principales que impulsa el Gobierno. En lo laboral, previsional e impositivo. Por eso, junto a las organizaciones de la Uni\u00f3n de Gremios y Jubilados y personas con discapacidad, m\u00e1s las organizaciones con qui\u00e9nes hemos compartido las calles en todos estos a\u00f1os (UOM R\u00edo Grande, Renacer, etc.) m\u00e1s todas las organizaciones sindicales, estudiantiles, vecinales, etc&#8230; no debemos cesar en la defensa del objetivo m\u00e1s alto y m\u00e1s noble que los intereses que defiende el gobierno de Bertone-Arcando y debemos impulsar a\u00fan m\u00e1s la defensa de la Provincia Grande.<\/p>\n<p>Para ello, no vamos a dejar de decirlo, no hay ni habr\u00e1 provincia grande sin Ley 19.640 y esta ley se debe cumplir para TODOS los habitantes de la provincia, no solo para los 7 u 8 vivos que han saqueado la provincia apropi\u00e1ndose de los beneficios de todos.<\/p>\n<p>Impulsemos la m\u00e1s amplia unidad sin confundirnos ni confundir a nadie. Sepamos ver a quienes son parte del problema, como Bertone y Arcando, y tambi\u00e9n los c\u00f3mplices que pretenden licuar su derrota electoral en este mal acting pol\u00edtico.<\/p>\n<p>La Gobernaci\u00f3n de Tierra del Fuego es parte de la implementaci\u00f3n de esta pol\u00edtica, pero no dejemos de ver la necesaria y fundamental complicidad sindical, legislativa y judicial.<\/p>\n<p>Confiamos en la fuerza organizativa de los trabajadores y el pueblo en general. Defendimos, defendemos y defenderemos la soberan\u00eda popular de nuestra Isla Grande y MALVINAS.<\/p>\n<p>El proyecto macrista de entrega del Atl\u00e1ntico sur no pasar\u00e1.<\/p>\n<p>Las reformas antiobreras no pasar\u00e1n.<\/p>\n<p>Ni un derecho MENOS!<\/p>\n<p>Basta de despidos y persecusiones.<\/p>\n<p>Junto a la docencia y al pueblo siempre!<\/p>\n<p>&nbsp;<\/p>\n<p><span style=\"color: #ff0000;\"><strong>\u201cNos ubican como un gasto\u201d<\/strong><\/span><\/p>\n<p>Las palabras del Dr. Rauch, de Iniciativa por la Uni\u00f3n, no dejaron lugar a dudas: \u201cHay que mirar la realidad, y la realidad est\u00e1 aqu\u00ed, en el presupuesto que ha presentado el gobierno nacional para el a\u00f1o 2018, donde nos ubican como un gasto tributario de 32 mil millones de pesos por a\u00f1o\u201d (gremialesdelsur.com). Es la primera vez que un Proyecto de Presupuesto Nacional presenta as\u00ed a la Promoci\u00f3n Econ\u00f3mica y Fiscal de la provincia, establecida por Ley N\u00ba 19.640.<\/p>\n<p>Este Presupuesto va en sinton\u00eda con eliminar las exenciones impositivas que luego propuso Macri. Pero de este modo se destruir\u00eda la producci\u00f3n local con despidos masivos. Por eso la \u201ccuenta\u201d del macrismo es ficticia. Reproducimos en nuestra p\u00e1gina, el video de Iniciativa con esta denuncia.<\/p>\n<!-- AddThis Advanced Settings generic via filter on the_content --><!-- AddThis Share Buttons generic via filter on the_content -->","protected":false},"excerpt":{"rendered":"<p>Declaraci\u00f3n de Horacio Catena, secretario general de SUTEF y CTA-A, ante las reformas que propone Macri y la \u201cconvocatoria\u201d que lanz\u00f3 la gobernadora. Luego del discurso del presidente Macri y la reforma tributaria anunciada por el ministro de Hacienda, la gobernadora fueguina Rosana Bertone \u2013cuya candidata a diputada qued\u00f3 tercera en las elecciones\u2013 cuestion\u00f3 el [&hellip;]<!-- AddThis Advanced Settings generic via filter on get_the_excerpt --><!-- AddThis Share Buttons generic via filter on get_the_excerpt --><\/p>\n","protected":false},"author":5,"featured_media":10532,"comment_status":"open","ping_status":"open","sticky":false,"template":"","format":"standard","meta":{"_jetpack_memberships_contains_paid_content":false,"footnotes":""},"categories":[1699],"tags":[520,132,251,1101],"class_list":{"0":"post-10531","1":"post","2":"type-post","3":"status-publish","4":"format-standard","5":"has-post-thumbnail","7":"category-noticias","8":"tag-destacado-2","9":"tag-horacio-catena","10":"tag-tierra-del-fuego","11":"tag-vxl-109"},"yoast_head":"<!-- This site is optimized with the Yoast SEO plugin v27.4 - https:\/\/yoast.com\/product\/yoast-seo-wordpress\/ -->\n<title>Bertone ya viene haciendo lo que propone Macri a nivel nacional - Vamos por la Liberaci\u00f3n<\/title>\n<meta name=\"robots\" content=\"index, follow, max-snippet:-1, max-image-preview:large, max-video-preview:-1\" \/>\n<link rel=\"canonical\" href=\"http:\/\/vamosporlaliberacion.org\/crpmlm\/bertone-ya-viene-haciendo-lo-que-propone-macri-a-nivel-nacional\/\" \/>\n<meta name=\"twitter:label1\" content=\"Escrito por\" \/>\n\t<meta name=\"twitter:data1\" content=\"\" \/>\n\t<meta name=\"twitter:label2\" content=\"Tiempo de lectura\" \/>\n\t<meta name=\"twitter:data2\" content=\"7 minutos\" \/>\n<script type=\"application\/ld+json\" class=\"yoast-schema-graph\">{\"@context\":\"https:\\\/\\\/schema.org\",\"@graph\":[{\"@type\":\"Article\",\"@id\":\"http:\\\/\\\/vamosporlaliberacion.org\\\/crpmlm\\\/bertone-ya-viene-haciendo-lo-que-propone-macri-a-nivel-nacional\\\/#article\",\"isPartOf\":{\"@id\":\"http:\\\/\\\/vamosporlaliberacion.org\\\/crpmlm\\\/bertone-ya-viene-haciendo-lo-que-propone-macri-a-nivel-nacional\\\/\"},\"author\":{\"name\":\"\",\"@id\":\"\"},\"headline\":\"Bertone ya viene haciendo lo que propone Macri a nivel nacional\",\"datePublished\":\"2017-11-08T16:48:49+00:00\",\"dateModified\":\"2017-11-08T19:27:26+00:00\",\"mainEntityOfPage\":{\"@id\":\"http:\\\/\\\/vamosporlaliberacion.org\\\/crpmlm\\\/bertone-ya-viene-haciendo-lo-que-propone-macri-a-nivel-nacional\\\/\"},\"wordCount\":1460,\"commentCount\":0,\"image\":{\"@id\":\"http:\\\/\\\/vamosporlaliberacion.org\\\/crpmlm\\\/bertone-ya-viene-haciendo-lo-que-propone-macri-a-nivel-nacional\\\/#primaryimage\"},\"thumbnailUrl\":\"https:\\\/\\\/i0.wp.com\\\/vamosporlaliberacion.org\\\/crpmlm\\\/wp-content\\\/uploads\\\/2017\\\/11\\\/8817.jpg?fit=444%2C289&ssl=1\",\"keywords\":[\"destacado 2\",\"Horacio Catena\",\"Tierra del Fuego\",\"vxl 109\"],\"articleSection\":[\"Noticias\"],\"inLanguage\":\"es\",\"potentialAction\":[{\"@type\":\"CommentAction\",\"name\":\"Comment\",\"target\":[\"http:\\\/\\\/vamosporlaliberacion.org\\\/crpmlm\\\/bertone-ya-viene-haciendo-lo-que-propone-macri-a-nivel-nacional\\\/#respond\"]}]},{\"@type\":\"WebPage\",\"@id\":\"http:\\\/\\\/vamosporlaliberacion.org\\\/crpmlm\\\/bertone-ya-viene-haciendo-lo-que-propone-macri-a-nivel-nacional\\\/\",\"url\":\"http:\\\/\\\/vamosporlaliberacion.org\\\/crpmlm\\\/bertone-ya-viene-haciendo-lo-que-propone-macri-a-nivel-nacional\\\/\",\"name\":\"Bertone ya viene haciendo lo que propone Macri a nivel nacional - Vamos por la Liberaci\u00f3n\",\"isPartOf\":{\"@id\":\"https:\\\/\\\/vamosporlaliberacion.org\\\/crpmlm\\\/#website\"},\"primaryImageOfPage\":{\"@id\":\"http:\\\/\\\/vamosporlaliberacion.org\\\/crpmlm\\\/bertone-ya-viene-haciendo-lo-que-propone-macri-a-nivel-nacional\\\/#primaryimage\"},\"image\":{\"@id\":\"http:\\\/\\\/vamosporlaliberacion.org\\\/crpmlm\\\/bertone-ya-viene-haciendo-lo-que-propone-macri-a-nivel-nacional\\\/#primaryimage\"},\"thumbnailUrl\":\"https:\\\/\\\/i0.wp.com\\\/vamosporlaliberacion.org\\\/crpmlm\\\/wp-content\\\/uploads\\\/2017\\\/11\\\/8817.jpg?fit=444%2C289&ssl=1\",\"datePublished\":\"2017-11-08T16:48:49+00:00\",\"dateModified\":\"2017-11-08T19:27:26+00:00\",\"author\":{\"@id\":\"\"},\"breadcrumb\":{\"@id\":\"http:\\\/\\\/vamosporlaliberacion.org\\\/crpmlm\\\/bertone-ya-viene-haciendo-lo-que-propone-macri-a-nivel-nacional\\\/#breadcrumb\"},\"inLanguage\":\"es\",\"potentialAction\":[{\"@type\":\"ReadAction\",\"target\":[\"http:\\\/\\\/vamosporlaliberacion.org\\\/crpmlm\\\/bertone-ya-viene-haciendo-lo-que-propone-macri-a-nivel-nacional\\\/\"]}]},{\"@type\":\"ImageObject\",\"inLanguage\":\"es\",\"@id\":\"http:\\\/\\\/vamosporlaliberacion.org\\\/crpmlm\\\/bertone-ya-viene-haciendo-lo-que-propone-macri-a-nivel-nacional\\\/#primaryimage\",\"url\":\"https:\\\/\\\/i0.wp.com\\\/vamosporlaliberacion.org\\\/crpmlm\\\/wp-content\\\/uploads\\\/2017\\\/11\\\/8817.jpg?fit=444%2C289&ssl=1\",\"contentUrl\":\"https:\\\/\\\/i0.wp.com\\\/vamosporlaliberacion.org\\\/crpmlm\\\/wp-content\\\/uploads\\\/2017\\\/11\\\/8817.jpg?fit=444%2C289&ssl=1\",\"width\":444,\"height\":289},{\"@type\":\"BreadcrumbList\",\"@id\":\"http:\\\/\\\/vamosporlaliberacion.org\\\/crpmlm\\\/bertone-ya-viene-haciendo-lo-que-propone-macri-a-nivel-nacional\\\/#breadcrumb\",\"itemListElement\":[{\"@type\":\"ListItem\",\"position\":1,\"name\":\"Portada\",\"item\":\"https:\\\/\\\/vamosporlaliberacion.org\\\/crpmlm\\\/\"},{\"@type\":\"ListItem\",\"position\":2,\"name\":\"Bertone ya viene haciendo lo que propone Macri a nivel nacional\"}]},{\"@type\":\"WebSite\",\"@id\":\"https:\\\/\\\/vamosporlaliberacion.org\\\/crpmlm\\\/#website\",\"url\":\"https:\\\/\\\/vamosporlaliberacion.org\\\/crpmlm\\\/\",\"name\":\"Vamos por la Liberaci\u00f3n\",\"description\":\"Prensa CR\",\"potentialAction\":[{\"@type\":\"SearchAction\",\"target\":{\"@type\":\"EntryPoint\",\"urlTemplate\":\"https:\\\/\\\/vamosporlaliberacion.org\\\/crpmlm\\\/?s={search_term_string}\"},\"query-input\":{\"@type\":\"PropertyValueSpecification\",\"valueRequired\":true,\"valueName\":\"search_term_string\"}}],\"inLanguage\":\"es\"},{\"@type\":\"Person\",\"@id\":\"\",\"url\":\"http:\\\/\\\/vamosporlaliberacion.org\\\/crpmlm\\\/author\\\/\"}]}<\/script>\n<!-- \/ Yoast SEO plugin. -->","yoast_head_json":{"title":"Bertone ya viene haciendo lo que propone Macri a nivel nacional - Vamos por la Liberaci\u00f3n","robots":{"index":"index","follow":"follow","max-snippet":"max-snippet:-1","max-image-preview":"max-image-preview:large","max-video-preview":"max-video-preview:-1"},"canonical":"http:\/\/vamosporlaliberacion.org\/crpmlm\/bertone-ya-viene-haciendo-lo-que-propone-macri-a-nivel-nacional\/","twitter_misc":{"Escrito por":"","Tiempo de lectura":"7 minutos"},"schema":{"@context":"https:\/\/schema.org","@graph":[{"@type":"Article","@id":"http:\/\/vamosporlaliberacion.org\/crpmlm\/bertone-ya-viene-haciendo-lo-que-propone-macri-a-nivel-nacional\/#article","isPartOf":{"@id":"http:\/\/vamosporlaliberacion.org\/crpmlm\/bertone-ya-viene-haciendo-lo-que-propone-macri-a-nivel-nacional\/"},"author":{"name":"","@id":""},"headline":"Bertone ya viene haciendo lo que propone Macri a nivel nacional","datePublished":"2017-11-08T16:48:49+00:00","dateModified":"2017-11-08T19:27:26+00:00","mainEntityOfPage":{"@id":"http:\/\/vamosporlaliberacion.org\/crpmlm\/bertone-ya-viene-haciendo-lo-que-propone-macri-a-nivel-nacional\/"},"wordCount":1460,"commentCount":0,"image":{"@id":"http:\/\/vamosporlaliberacion.org\/crpmlm\/bertone-ya-viene-haciendo-lo-que-propone-macri-a-nivel-nacional\/#primaryimage"},"thumbnailUrl":"https:\/\/i0.wp.com\/vamosporlaliberacion.org\/crpmlm\/wp-content\/uploads\/2017\/11\/8817.jpg?fit=444%2C289&ssl=1","keywords":["destacado 2","Horacio Catena","Tierra del Fuego","vxl 109"],"articleSection":["Noticias"],"inLanguage":"es","potentialAction":[{"@type":"CommentAction","name":"Comment","target":["http:\/\/vamosporlaliberacion.org\/crpmlm\/bertone-ya-viene-haciendo-lo-que-propone-macri-a-nivel-nacional\/#respond"]}]},{"@type":"WebPage","@id":"http:\/\/vamosporlaliberacion.org\/crpmlm\/bertone-ya-viene-haciendo-lo-que-propone-macri-a-nivel-nacional\/","url":"http:\/\/vamosporlaliberacion.org\/crpmlm\/bertone-ya-viene-haciendo-lo-que-propone-macri-a-nivel-nacional\/","name":"Bertone ya viene haciendo lo que propone Macri a nivel nacional - Vamos por la Liberaci\u00f3n","isPartOf":{"@id":"https:\/\/vamosporlaliberacion.org\/crpmlm\/#website"},"primaryImageOfPage":{"@id":"http:\/\/vamosporlaliberacion.org\/crpmlm\/bertone-ya-viene-haciendo-lo-que-propone-macri-a-nivel-nacional\/#primaryimage"},"image":{"@id":"http:\/\/vamosporlaliberacion.org\/crpmlm\/bertone-ya-viene-haciendo-lo-que-propone-macri-a-nivel-nacional\/#primaryimage"},"thumbnailUrl":"https:\/\/i0.wp.com\/vamosporlaliberacion.org\/crpmlm\/wp-content\/uploads\/2017\/11\/8817.jpg?fit=444%2C289&ssl=1","datePublished":"2017-11-08T16:48:49+00:00","dateModified":"2017-11-08T19:27:26+00:00","author":{"@id":""},"breadcrumb":{"@id":"http:\/\/vamosporlaliberacion.org\/crpmlm\/bertone-ya-viene-haciendo-lo-que-propone-macri-a-nivel-nacional\/#breadcrumb"},"inLanguage":"es","potentialAction":[{"@type":"ReadAction","target":["http:\/\/vamosporlaliberacion.org\/crpmlm\/bertone-ya-viene-haciendo-lo-que-propone-macri-a-nivel-nacional\/"]}]},{"@type":"ImageObject","inLanguage":"es","@id":"http:\/\/vamosporlaliberacion.org\/crpmlm\/bertone-ya-viene-haciendo-lo-que-propone-macri-a-nivel-nacional\/#primaryimage","url":"https:\/\/i0.wp.com\/vamosporlaliberacion.org\/crpmlm\/wp-content\/uploads\/2017\/11\/8817.jpg?fit=444%2C289&ssl=1","contentUrl":"https:\/\/i0.wp.com\/vamosporlaliberacion.org\/crpmlm\/wp-content\/uploads\/2017\/11\/8817.jpg?fit=444%2C289&ssl=1","width":444,"height":289},{"@type":"BreadcrumbList","@id":"http:\/\/vamosporlaliberacion.org\/crpmlm\/bertone-ya-viene-haciendo-lo-que-propone-macri-a-nivel-nacional\/#breadcrumb","itemListElement":[{"@type":"ListItem","position":1,"name":"Portada","item":"https:\/\/vamosporlaliberacion.org\/crpmlm\/"},{"@type":"ListItem","position":2,"name":"Bertone ya viene haciendo lo que propone Macri a nivel nacional"}]},{"@type":"WebSite","@id":"https:\/\/vamosporlaliberacion.org\/crpmlm\/#website","url":"https:\/\/vamosporlaliberacion.org\/crpmlm\/","name":"Vamos por la Liberaci\u00f3n","description":"Prensa CR","potentialAction":[{"@type":"SearchAction","target":{"@type":"EntryPoint","urlTemplate":"https:\/\/vamosporlaliberacion.org\/crpmlm\/?s={search_term_string}"},"query-input":{"@type":"PropertyValueSpecification","valueRequired":true,"valueName":"search_term_string"}}],"inLanguage":"es"},{"@type":"Person","@id":"","url":"http:\/\/vamosporlaliberacion.org\/crpmlm\/author\/"}]}},"jetpack_featured_media_url":"https:\/\/i0.wp.com\/vamosporlaliberacion.org\/crpmlm\/wp-content\/uploads\/2017\/11\/8817.jpg?fit=444%2C289&ssl=1","jetpack_sharing_enabled":true,"_links":{"self":[{"href":"http:\/\/vamosporlaliberacion.org\/crpmlm\/wp-json\/wp\/v2\/posts\/10531","targetHints":{"allow":["GET"]}}],"collection":[{"href":"http:\/\/vamosporlaliberacion.org\/crpmlm\/wp-json\/wp\/v2\/posts"}],"about":[{"href":"http:\/\/vamosporlaliberacion.org\/crpmlm\/wp-json\/wp\/v2\/types\/post"}],"author":[{"embeddable":true,"href":"http:\/\/vamosporlaliberacion.org\/crpmlm\/wp-json\/wp\/v2\/users\/5"}],"replies":[{"embeddable":true,"href":"http:\/\/vamosporlaliberacion.org\/crpmlm\/wp-json\/wp\/v2\/comments?post=10531"}],"version-history":[{"count":0,"href":"http:\/\/vamosporlaliberacion.org\/crpmlm\/wp-json\/wp\/v2\/posts\/10531\/revisions"}],"wp:featuredmedia":[{"embeddable":true,"href":"http:\/\/vamosporlaliberacion.org\/crpmlm\/wp-json\/wp\/v2\/media\/10532"}],"wp:attachment":[{"href":"http:\/\/vamosporlaliberacion.org\/crpmlm\/wp-json\/wp\/v2\/media?parent=10531"}],"wp:term":[{"taxonomy":"category","embeddable":true,"href":"http:\/\/vamosporlaliberacion.org\/crpmlm\/wp-json\/wp\/v2\/categories?post=10531"},{"taxonomy":"post_tag","embeddable":true,"href":"http:\/\/vamosporlaliberacion.org\/crpmlm\/wp-json\/wp\/v2\/tags?post=10531"}],"curies":[{"name":"wp","href":"https:\/\/api.w.org\/{rel}","templated":true}]}}