{"id":10510,"date":"2017-11-05T19:03:47","date_gmt":"2017-11-05T22:03:47","guid":{"rendered":"http:\/\/vamosporlaliberacion.org\/crpmlm\/?p=10510"},"modified":"2017-11-08T13:44:11","modified_gmt":"2017-11-08T16:44:11","slug":"es-una-reforma-a-la-brasilera","status":"publish","type":"post","link":"http:\/\/vamosporlaliberacion.org\/crpmlm\/es-una-reforma-a-la-brasilera\/","title":{"rendered":"\u201cEs una reforma a la brasilera\u201d"},"content":{"rendered":"<p>Desde Vamos! conversamos con Mat\u00edas Cremonte, presidente de la Asociaci\u00f3n a Abogados Laboralistas, que viene llevando adelante una fuerte campa\u00f1a de denuncia en contra de la reforma laboral planteada por el gobierno de Macri.<\/p>\n<p><strong>\u2013\u00bfC\u00f3mo eval\u00faan los objetivos del gobierno con esta nueva reforma laboral?<\/strong><\/p>\n<p>\u2013Muy preocupantes, porque no es solo una reforma sectorial sino una reforma a la brasilera, en cuanto al contenido ideol\u00f3gico, los principios filos\u00f3ficos que la inspiran, y en cuanto a los derechos que se van cercenando.<br \/>\nEsta reforma afecta el propio concepto de trabajo, modifica esta idea en la que se basa el derecho de trabajo, que es la relaci\u00f3n de inequidad que hay entre capital y trabajo, y por eso el Estado a trav\u00e9s de la legislaci\u00f3n laboral y los sindicatos a trav\u00e9s de la acci\u00f3n colectiva intervienen para equiparar esa relaci\u00f3n desigual. Por eso la Ley de Contrato de Trabajo de alg\u00fan modo genera desigualdades en favor de la parte d\u00e9bil de la relaci\u00f3n, que es el trabajador. La modificaci\u00f3n del concepto de trabajo supone establecer que no hay una relaci\u00f3n de desigualdad sino de cooperaci\u00f3n, o sea una relaci\u00f3n de iguales, y de esa manera habr\u00e1 que interpretar la ley.<br \/>\nA eso se suman cuestiones muy concretas como la reducci\u00f3n del principio de irrenunciabilidad a derechos adquiridos por el trabajador, la eliminaci\u00f3n del recurso de reclamo ante una modificaci\u00f3n unilateral de las condiciones de trabajo, la reducci\u00f3n de las indemnizaciones, la habilitaci\u00f3n de un banco de horas para pasar a tener jornadas de trabajo movibles y variables, la ampliaci\u00f3n de la tercerizaci\u00f3n y la subcontrataci\u00f3n, entre muchas otras cosas.<\/p>\n<p><strong>\u2013\u00bfC\u00f3mo ven la postura de la CGT y en general del \u00e1mbito gremial frente a la ofensiva del Gobierno?<\/strong><\/p>\n<p>\u2013A\u00fan no estamos en condiciones de juzgarla. Ha habido alg\u00fan pronunciamiento de las CTA y algunos sindicatos. La CGT plante\u00f3 en algunas declaraciones que no va a permitir que se reformule la Ley de Contratos de Trabajo, que es una reforma muy amplia que no se esperaban, pero habr\u00e1 que ver. Hay dos lugares donde va a ser importante la batalla: una el Congreso, que es quien finalmente aprueba o no la ley, pero sobre todo en las calles, el movimiento obrero tiene una herramienta constitucional que es el derecho de manifestaci\u00f3n, el derecho de huelga.<\/p>\n<p><strong>\u2013\u00bfUstedes est\u00e1n formando parte de alguna iniciativa para nuclear a los distintos sectores del movimiento obrero contra la reforma?<\/strong><\/p>\n<p>\u2013Nosotros somos hace mucho tiempo venimos reuni\u00e9ndonos con organizaciones sindicales, de derechos humanos, corrientes, y estamos convocados desde antes porque este a\u00f1o estuvo marcado por el ataque sistem\u00e1tico del gobierno a los abogados laboralistas, a la justicia laboral y a los sindicatos. Incluso asegur\u00e1bamos que el objetivo final de todos esos ataques era una reforma laboral, y lamentablemente no nos equivocamos. Por suerte nos agarra organizados en ese sentido, aunque obviamente depender\u00e1 mucho m\u00e1s de c\u00f3mo puedan defenderlo los propios trabajadores y sus organizaciones.<\/p>\n<!-- AddThis Advanced Settings generic via filter on the_content --><!-- AddThis Share Buttons generic via filter on the_content -->","protected":false},"excerpt":{"rendered":"<p>Desde Vamos! conversamos con Mat\u00edas Cremonte, presidente de la Asociaci\u00f3n a Abogados Laboralistas, que viene llevando adelante una fuerte campa\u00f1a de denuncia en contra de la reforma laboral planteada por el gobierno de Macri. \u2013\u00bfC\u00f3mo eval\u00faan los objetivos del gobierno con esta nueva reforma laboral? \u2013Muy preocupantes, porque no es solo una reforma sectorial sino [&hellip;]<!-- AddThis Advanced Settings generic via filter on get_the_excerpt --><!-- AddThis Share Buttons generic via filter on get_the_excerpt --><\/p>\n","protected":false},"author":5,"featured_media":10511,"comment_status":"open","ping_status":"open","sticky":false,"template":"","format":"standard","meta":{"_jetpack_memberships_contains_paid_content":false,"footnotes":""},"categories":[1699],"tags":[521,563,322,710,1101],"class_list":{"0":"post-10510","1":"post","2":"type-post","3":"status-publish","4":"format-standard","5":"has-post-thumbnail","7":"category-noticias","8":"tag-destacado-1","9":"tag-flexibilizacion-laboral","10":"tag-precarizacion","11":"tag-reforma-laboral","12":"tag-vxl-109"},"yoast_head":"<!-- This site is optimized with the Yoast SEO plugin v27.4 - https:\/\/yoast.com\/product\/yoast-seo-wordpress\/ -->\n<title>\u201cEs una reforma a la brasilera\u201d - Vamos por la Liberaci\u00f3n<\/title>\n<meta name=\"robots\" content=\"index, follow, max-snippet:-1, max-image-preview:large, max-video-preview:-1\" \/>\n<link rel=\"canonical\" href=\"https:\/\/vamosporlaliberacion.org\/crpmlm\/es-una-reforma-a-la-brasilera\/\" \/>\n<meta name=\"twitter:label1\" content=\"Escrito por\" \/>\n\t<meta name=\"twitter:data1\" content=\"\" \/>\n\t<meta name=\"twitter:label2\" content=\"Tiempo de lectura\" \/>\n\t<meta name=\"twitter:data2\" content=\"3 minutos\" \/>\n<script type=\"application\/ld+json\" class=\"yoast-schema-graph\">{\"@context\":\"https:\\\/\\\/schema.org\",\"@graph\":[{\"@type\":\"Article\",\"@id\":\"https:\\\/\\\/vamosporlaliberacion.org\\\/crpmlm\\\/es-una-reforma-a-la-brasilera\\\/#article\",\"isPartOf\":{\"@id\":\"https:\\\/\\\/vamosporlaliberacion.org\\\/crpmlm\\\/es-una-reforma-a-la-brasilera\\\/\"},\"author\":{\"name\":\"\",\"@id\":\"\"},\"headline\":\"\u201cEs una reforma a la brasilera\u201d\",\"datePublished\":\"2017-11-05T22:03:47+00:00\",\"dateModified\":\"2017-11-08T16:44:11+00:00\",\"mainEntityOfPage\":{\"@id\":\"https:\\\/\\\/vamosporlaliberacion.org\\\/crpmlm\\\/es-una-reforma-a-la-brasilera\\\/\"},\"wordCount\":530,\"commentCount\":0,\"image\":{\"@id\":\"https:\\\/\\\/vamosporlaliberacion.org\\\/crpmlm\\\/es-una-reforma-a-la-brasilera\\\/#primaryimage\"},\"thumbnailUrl\":\"https:\\\/\\\/i0.wp.com\\\/vamosporlaliberacion.org\\\/crpmlm\\\/wp-content\\\/uploads\\\/2017\\\/11\\\/218692_1.jpg?fit=640%2C400&ssl=1\",\"keywords\":[\"destacado 1\",\"flexibilizaci\u00f3n laboral\",\"Precarizaci\u00f3n\",\"reforma laboral\",\"vxl 109\"],\"articleSection\":[\"Noticias\"],\"inLanguage\":\"es\",\"potentialAction\":[{\"@type\":\"CommentAction\",\"name\":\"Comment\",\"target\":[\"https:\\\/\\\/vamosporlaliberacion.org\\\/crpmlm\\\/es-una-reforma-a-la-brasilera\\\/#respond\"]}]},{\"@type\":\"WebPage\",\"@id\":\"https:\\\/\\\/vamosporlaliberacion.org\\\/crpmlm\\\/es-una-reforma-a-la-brasilera\\\/\",\"url\":\"https:\\\/\\\/vamosporlaliberacion.org\\\/crpmlm\\\/es-una-reforma-a-la-brasilera\\\/\",\"name\":\"\u201cEs una reforma a la brasilera\u201d - Vamos por la Liberaci\u00f3n\",\"isPartOf\":{\"@id\":\"https:\\\/\\\/vamosporlaliberacion.org\\\/crpmlm\\\/#website\"},\"primaryImageOfPage\":{\"@id\":\"https:\\\/\\\/vamosporlaliberacion.org\\\/crpmlm\\\/es-una-reforma-a-la-brasilera\\\/#primaryimage\"},\"image\":{\"@id\":\"https:\\\/\\\/vamosporlaliberacion.org\\\/crpmlm\\\/es-una-reforma-a-la-brasilera\\\/#primaryimage\"},\"thumbnailUrl\":\"https:\\\/\\\/i0.wp.com\\\/vamosporlaliberacion.org\\\/crpmlm\\\/wp-content\\\/uploads\\\/2017\\\/11\\\/218692_1.jpg?fit=640%2C400&ssl=1\",\"datePublished\":\"2017-11-05T22:03:47+00:00\",\"dateModified\":\"2017-11-08T16:44:11+00:00\",\"author\":{\"@id\":\"\"},\"breadcrumb\":{\"@id\":\"https:\\\/\\\/vamosporlaliberacion.org\\\/crpmlm\\\/es-una-reforma-a-la-brasilera\\\/#breadcrumb\"},\"inLanguage\":\"es\",\"potentialAction\":[{\"@type\":\"ReadAction\",\"target\":[\"https:\\\/\\\/vamosporlaliberacion.org\\\/crpmlm\\\/es-una-reforma-a-la-brasilera\\\/\"]}]},{\"@type\":\"ImageObject\",\"inLanguage\":\"es\",\"@id\":\"https:\\\/\\\/vamosporlaliberacion.org\\\/crpmlm\\\/es-una-reforma-a-la-brasilera\\\/#primaryimage\",\"url\":\"https:\\\/\\\/i0.wp.com\\\/vamosporlaliberacion.org\\\/crpmlm\\\/wp-content\\\/uploads\\\/2017\\\/11\\\/218692_1.jpg?fit=640%2C400&ssl=1\",\"contentUrl\":\"https:\\\/\\\/i0.wp.com\\\/vamosporlaliberacion.org\\\/crpmlm\\\/wp-content\\\/uploads\\\/2017\\\/11\\\/218692_1.jpg?fit=640%2C400&ssl=1\",\"width\":640,\"height\":400},{\"@type\":\"BreadcrumbList\",\"@id\":\"https:\\\/\\\/vamosporlaliberacion.org\\\/crpmlm\\\/es-una-reforma-a-la-brasilera\\\/#breadcrumb\",\"itemListElement\":[{\"@type\":\"ListItem\",\"position\":1,\"name\":\"Portada\",\"item\":\"https:\\\/\\\/vamosporlaliberacion.org\\\/crpmlm\\\/\"},{\"@type\":\"ListItem\",\"position\":2,\"name\":\"\u201cEs una reforma a la brasilera\u201d\"}]},{\"@type\":\"WebSite\",\"@id\":\"https:\\\/\\\/vamosporlaliberacion.org\\\/crpmlm\\\/#website\",\"url\":\"https:\\\/\\\/vamosporlaliberacion.org\\\/crpmlm\\\/\",\"name\":\"Vamos por la Liberaci\u00f3n\",\"description\":\"Prensa CR\",\"potentialAction\":[{\"@type\":\"SearchAction\",\"target\":{\"@type\":\"EntryPoint\",\"urlTemplate\":\"https:\\\/\\\/vamosporlaliberacion.org\\\/crpmlm\\\/?s={search_term_string}\"},\"query-input\":{\"@type\":\"PropertyValueSpecification\",\"valueRequired\":true,\"valueName\":\"search_term_string\"}}],\"inLanguage\":\"es\"},{\"@type\":\"Person\",\"@id\":\"\",\"url\":\"http:\\\/\\\/vamosporlaliberacion.org\\\/crpmlm\\\/author\\\/\"}]}<\/script>\n<!-- \/ Yoast SEO plugin. -->","yoast_head_json":{"title":"\u201cEs una reforma a la brasilera\u201d - Vamos por la Liberaci\u00f3n","robots":{"index":"index","follow":"follow","max-snippet":"max-snippet:-1","max-image-preview":"max-image-preview:large","max-video-preview":"max-video-preview:-1"},"canonical":"https:\/\/vamosporlaliberacion.org\/crpmlm\/es-una-reforma-a-la-brasilera\/","twitter_misc":{"Escrito por":"","Tiempo de lectura":"3 minutos"},"schema":{"@context":"https:\/\/schema.org","@graph":[{"@type":"Article","@id":"https:\/\/vamosporlaliberacion.org\/crpmlm\/es-una-reforma-a-la-brasilera\/#article","isPartOf":{"@id":"https:\/\/vamosporlaliberacion.org\/crpmlm\/es-una-reforma-a-la-brasilera\/"},"author":{"name":"","@id":""},"headline":"\u201cEs una reforma a la brasilera\u201d","datePublished":"2017-11-05T22:03:47+00:00","dateModified":"2017-11-08T16:44:11+00:00","mainEntityOfPage":{"@id":"https:\/\/vamosporlaliberacion.org\/crpmlm\/es-una-reforma-a-la-brasilera\/"},"wordCount":530,"commentCount":0,"image":{"@id":"https:\/\/vamosporlaliberacion.org\/crpmlm\/es-una-reforma-a-la-brasilera\/#primaryimage"},"thumbnailUrl":"https:\/\/i0.wp.com\/vamosporlaliberacion.org\/crpmlm\/wp-content\/uploads\/2017\/11\/218692_1.jpg?fit=640%2C400&ssl=1","keywords":["destacado 1","flexibilizaci\u00f3n laboral","Precarizaci\u00f3n","reforma laboral","vxl 109"],"articleSection":["Noticias"],"inLanguage":"es","potentialAction":[{"@type":"CommentAction","name":"Comment","target":["https:\/\/vamosporlaliberacion.org\/crpmlm\/es-una-reforma-a-la-brasilera\/#respond"]}]},{"@type":"WebPage","@id":"https:\/\/vamosporlaliberacion.org\/crpmlm\/es-una-reforma-a-la-brasilera\/","url":"https:\/\/vamosporlaliberacion.org\/crpmlm\/es-una-reforma-a-la-brasilera\/","name":"\u201cEs una reforma a la brasilera\u201d - Vamos por la Liberaci\u00f3n","isPartOf":{"@id":"https:\/\/vamosporlaliberacion.org\/crpmlm\/#website"},"primaryImageOfPage":{"@id":"https:\/\/vamosporlaliberacion.org\/crpmlm\/es-una-reforma-a-la-brasilera\/#primaryimage"},"image":{"@id":"https:\/\/vamosporlaliberacion.org\/crpmlm\/es-una-reforma-a-la-brasilera\/#primaryimage"},"thumbnailUrl":"https:\/\/i0.wp.com\/vamosporlaliberacion.org\/crpmlm\/wp-content\/uploads\/2017\/11\/218692_1.jpg?fit=640%2C400&ssl=1","datePublished":"2017-11-05T22:03:47+00:00","dateModified":"2017-11-08T16:44:11+00:00","author":{"@id":""},"breadcrumb":{"@id":"https:\/\/vamosporlaliberacion.org\/crpmlm\/es-una-reforma-a-la-brasilera\/#breadcrumb"},"inLanguage":"es","potentialAction":[{"@type":"ReadAction","target":["https:\/\/vamosporlaliberacion.org\/crpmlm\/es-una-reforma-a-la-brasilera\/"]}]},{"@type":"ImageObject","inLanguage":"es","@id":"https:\/\/vamosporlaliberacion.org\/crpmlm\/es-una-reforma-a-la-brasilera\/#primaryimage","url":"https:\/\/i0.wp.com\/vamosporlaliberacion.org\/crpmlm\/wp-content\/uploads\/2017\/11\/218692_1.jpg?fit=640%2C400&ssl=1","contentUrl":"https:\/\/i0.wp.com\/vamosporlaliberacion.org\/crpmlm\/wp-content\/uploads\/2017\/11\/218692_1.jpg?fit=640%2C400&ssl=1","width":640,"height":400},{"@type":"BreadcrumbList","@id":"https:\/\/vamosporlaliberacion.org\/crpmlm\/es-una-reforma-a-la-brasilera\/#breadcrumb","itemListElement":[{"@type":"ListItem","position":1,"name":"Portada","item":"https:\/\/vamosporlaliberacion.org\/crpmlm\/"},{"@type":"ListItem","position":2,"name":"\u201cEs una reforma a la brasilera\u201d"}]},{"@type":"WebSite","@id":"https:\/\/vamosporlaliberacion.org\/crpmlm\/#website","url":"https:\/\/vamosporlaliberacion.org\/crpmlm\/","name":"Vamos por la Liberaci\u00f3n","description":"Prensa CR","potentialAction":[{"@type":"SearchAction","target":{"@type":"EntryPoint","urlTemplate":"https:\/\/vamosporlaliberacion.org\/crpmlm\/?s={search_term_string}"},"query-input":{"@type":"PropertyValueSpecification","valueRequired":true,"valueName":"search_term_string"}}],"inLanguage":"es"},{"@type":"Person","@id":"","url":"http:\/\/vamosporlaliberacion.org\/crpmlm\/author\/"}]}},"jetpack_featured_media_url":"https:\/\/i0.wp.com\/vamosporlaliberacion.org\/crpmlm\/wp-content\/uploads\/2017\/11\/218692_1.jpg?fit=640%2C400&ssl=1","jetpack_sharing_enabled":true,"_links":{"self":[{"href":"http:\/\/vamosporlaliberacion.org\/crpmlm\/wp-json\/wp\/v2\/posts\/10510","targetHints":{"allow":["GET"]}}],"collection":[{"href":"http:\/\/vamosporlaliberacion.org\/crpmlm\/wp-json\/wp\/v2\/posts"}],"about":[{"href":"http:\/\/vamosporlaliberacion.org\/crpmlm\/wp-json\/wp\/v2\/types\/post"}],"author":[{"embeddable":true,"href":"http:\/\/vamosporlaliberacion.org\/crpmlm\/wp-json\/wp\/v2\/users\/5"}],"replies":[{"embeddable":true,"href":"http:\/\/vamosporlaliberacion.org\/crpmlm\/wp-json\/wp\/v2\/comments?post=10510"}],"version-history":[{"count":0,"href":"http:\/\/vamosporlaliberacion.org\/crpmlm\/wp-json\/wp\/v2\/posts\/10510\/revisions"}],"wp:featuredmedia":[{"embeddable":true,"href":"http:\/\/vamosporlaliberacion.org\/crpmlm\/wp-json\/wp\/v2\/media\/10511"}],"wp:attachment":[{"href":"http:\/\/vamosporlaliberacion.org\/crpmlm\/wp-json\/wp\/v2\/media?parent=10510"}],"wp:term":[{"taxonomy":"category","embeddable":true,"href":"http:\/\/vamosporlaliberacion.org\/crpmlm\/wp-json\/wp\/v2\/categories?post=10510"},{"taxonomy":"post_tag","embeddable":true,"href":"http:\/\/vamosporlaliberacion.org\/crpmlm\/wp-json\/wp\/v2\/tags?post=10510"}],"curies":[{"name":"wp","href":"https:\/\/api.w.org\/{rel}","templated":true}]}}