{"id":10305,"date":"2017-10-04T15:07:33","date_gmt":"2017-10-04T18:07:33","guid":{"rendered":"http:\/\/vamosporlaliberacion.org\/crpmlm\/?p=10305"},"modified":"2017-10-11T14:45:36","modified_gmt":"2017-10-11T17:45:36","slug":"se-conformo-la-multisectorial-de-derechos-humanos-de-tierra-del-fuego","status":"publish","type":"post","link":"http:\/\/vamosporlaliberacion.org\/crpmlm\/se-conformo-la-multisectorial-de-derechos-humanos-de-tierra-del-fuego\/","title":{"rendered":"Se conform\u00f3 la Multisectorial de Derechos Humanos de Tierra del Fuego"},"content":{"rendered":"<p>El lanzamiento de la Mesa Multisectorial de Derechos Humanos se realiz\u00f3 en el marco de la charla abierta que brindaron Adolfo P\u00e9rez Esquivel, premio Nobel de la Paz, y Nora Corti\u00f1as, Madre de Plaza de Mayo L\u00ednea Fundadora en la Universidad Nacional de Tierra del Fuego el pasado 3 de octubre.\u00a0La misma est\u00e1 conformada por organizaciones estudiantiles, pol\u00edticas, sociales, culturales, integrantes de Pueblos Originarios, sindicatos y organizaciones gremiales, entre los que se destaca el STUET y la CTA Aut\u00f3noma de la provincia.<\/p>\n<p>En el documento constitutivo que se ley\u00f3 se destaca \u201cel sentido hist\u00f3rico y subjetivo de los DDHH como valor construible y construido\u201d. Posteriormente denuncia la sistem\u00e1tica violaci\u00f3n a los derechos humanos, destacando \u201cla desaparici\u00f3n forzada de Santiago Maldonado, la violaci\u00f3n del Art. 75 Inc. 17 de la Constituci\u00f3n Nacional, de la Ley Nacional 26.160\/06 y de la resoluci\u00f3n N\u00b0169 de la OIT respecto a los derechos de los Pueblos Originarios a lo largo y ancho del pa\u00eds\u201d. Como parte de la denuncia contra la persecuci\u00f3n que vienen sufriendo los pueblos originarios, el documento destaca en particular al pueblo mapuche y \u00a0el abandono e invisibilizaci\u00f3n de los pueblos vivos yaganes, selknam y haush en Tierra del Fuego.<\/p>\n<p>Tambi\u00e9n denuncian \u201cla persecuci\u00f3n pol\u00edtica, la violaci\u00f3n del derecho de huelga, el procesamiento arbitrario y la exoneraci\u00f3n de los trabajadores y la persecuci\u00f3n a dirigentes gremiales, as\u00ed como el uso de las fuerzas represivas para el desalojo de manifestaciones pac\u00edficas, sin orden judicial\u201d. En este sentido \u00a0advierten sobre el reiterativo ingreso irregular de las Fuerzas P\u00fablicas de Seguridad a las universidades y otras instituciones educativas.<\/p>\n<p>Por otra parte, el documento se refiere a \u201cla ausencia de voluntad pol\u00edtica por parte del Gobierno Nacional, de defender la Soberan\u00eda argentina sobre las Islas Malvinas e Islas del Atl\u00e1ntico Sur, la Ant\u00e1rtida\u201d y a la \u201cdiscordancia y falta de armon\u00eda de la legislaci\u00f3n provincial vigente, con respecto a los DDHH convenidos por los Organismos Internacionales de DDHH\u201d.<\/p>\n<p>Por \u00faltimo, el documento destaca que la Mesa Multisectorial actuar\u00e1 activando la defensa y construcci\u00f3n de los derechos humanos sobre las problem\u00e1ticas mencionadas y lo que la coyuntura demande.<\/p>\n<ul>\n<li><span style=\"color: #0000ff;\"><a style=\"color: #0000ff;\" href=\"https:\/\/drive.google.com\/file\/d\/0B0LK6xm2jX_bdVRWOTg3U3dLTE0\/view?usp=sharing\">Documento de la Mesa Multisectorial\u00bb<\/a><\/span><\/li>\n<\/ul>\n<!-- AddThis Advanced Settings generic via filter on the_content --><!-- AddThis Share Buttons generic via filter on the_content -->","protected":false},"excerpt":{"rendered":"<p>El lanzamiento de la Mesa Multisectorial de Derechos Humanos se realiz\u00f3 en el marco de la charla abierta que brindaron Adolfo P\u00e9rez Esquivel, premio Nobel de la Paz, y Nora Corti\u00f1as, Madre de Plaza de Mayo L\u00ednea Fundadora en la Universidad Nacional de Tierra del Fuego el pasado 3 de octubre.\u00a0La misma est\u00e1 conformada por [&hellip;]<!-- AddThis Advanced Settings generic via filter on get_the_excerpt --><!-- AddThis Share Buttons generic via filter on get_the_excerpt --><\/p>\n","protected":false},"author":5,"featured_media":10306,"comment_status":"open","ping_status":"open","sticky":false,"template":"","format":"standard","meta":{"_jetpack_memberships_contains_paid_content":false,"footnotes":""},"categories":[1699],"tags":[521,537,786,251,1082],"class_list":{"0":"post-10305","1":"post","2":"type-post","3":"status-publish","4":"format-standard","5":"has-post-thumbnail","7":"category-noticias","8":"tag-destacado-1","9":"tag-libertades-democraticas","10":"tag-no-al-despido-de-los-17-dirigentes-docentes-fueguinos","11":"tag-tierra-del-fuego","12":"tag-vxl-107"},"yoast_head":"<!-- This site is optimized with the Yoast SEO plugin v27.4 - https:\/\/yoast.com\/product\/yoast-seo-wordpress\/ -->\n<title>Se conform\u00f3 la Multisectorial de Derechos Humanos de Tierra del Fuego - Vamos por la Liberaci\u00f3n<\/title>\n<meta name=\"robots\" content=\"index, follow, max-snippet:-1, max-image-preview:large, max-video-preview:-1\" \/>\n<link rel=\"canonical\" href=\"https:\/\/vamosporlaliberacion.org\/crpmlm\/se-conformo-la-multisectorial-de-derechos-humanos-de-tierra-del-fuego\/\" \/>\n<meta name=\"twitter:label1\" content=\"Escrito por\" \/>\n\t<meta name=\"twitter:data1\" content=\"\" \/>\n\t<meta name=\"twitter:label2\" content=\"Tiempo de lectura\" \/>\n\t<meta name=\"twitter:data2\" content=\"2 minutos\" \/>\n<script type=\"application\/ld+json\" class=\"yoast-schema-graph\">{\"@context\":\"https:\\\/\\\/schema.org\",\"@graph\":[{\"@type\":\"Article\",\"@id\":\"https:\\\/\\\/vamosporlaliberacion.org\\\/crpmlm\\\/se-conformo-la-multisectorial-de-derechos-humanos-de-tierra-del-fuego\\\/#article\",\"isPartOf\":{\"@id\":\"https:\\\/\\\/vamosporlaliberacion.org\\\/crpmlm\\\/se-conformo-la-multisectorial-de-derechos-humanos-de-tierra-del-fuego\\\/\"},\"author\":{\"name\":\"\",\"@id\":\"\"},\"headline\":\"Se conform\u00f3 la Multisectorial de Derechos Humanos de Tierra del Fuego\",\"datePublished\":\"2017-10-04T18:07:33+00:00\",\"dateModified\":\"2017-10-11T17:45:36+00:00\",\"mainEntityOfPage\":{\"@id\":\"https:\\\/\\\/vamosporlaliberacion.org\\\/crpmlm\\\/se-conformo-la-multisectorial-de-derechos-humanos-de-tierra-del-fuego\\\/\"},\"wordCount\":395,\"commentCount\":0,\"image\":{\"@id\":\"https:\\\/\\\/vamosporlaliberacion.org\\\/crpmlm\\\/se-conformo-la-multisectorial-de-derechos-humanos-de-tierra-del-fuego\\\/#primaryimage\"},\"thumbnailUrl\":\"https:\\\/\\\/i0.wp.com\\\/vamosporlaliberacion.org\\\/crpmlm\\\/wp-content\\\/uploads\\\/2017\\\/10\\\/36541.jpg?fit=1280%2C853&ssl=1\",\"keywords\":[\"destacado 1\",\"Libertades democr\u00e1ticas\",\"No al despido de los 17 dirigentes docentes fueguinos\",\"Tierra del Fuego\",\"vxl 107\"],\"articleSection\":[\"Noticias\"],\"inLanguage\":\"es\",\"potentialAction\":[{\"@type\":\"CommentAction\",\"name\":\"Comment\",\"target\":[\"https:\\\/\\\/vamosporlaliberacion.org\\\/crpmlm\\\/se-conformo-la-multisectorial-de-derechos-humanos-de-tierra-del-fuego\\\/#respond\"]}]},{\"@type\":\"WebPage\",\"@id\":\"https:\\\/\\\/vamosporlaliberacion.org\\\/crpmlm\\\/se-conformo-la-multisectorial-de-derechos-humanos-de-tierra-del-fuego\\\/\",\"url\":\"https:\\\/\\\/vamosporlaliberacion.org\\\/crpmlm\\\/se-conformo-la-multisectorial-de-derechos-humanos-de-tierra-del-fuego\\\/\",\"name\":\"Se conform\u00f3 la Multisectorial de Derechos Humanos de Tierra del Fuego - Vamos por la Liberaci\u00f3n\",\"isPartOf\":{\"@id\":\"https:\\\/\\\/vamosporlaliberacion.org\\\/crpmlm\\\/#website\"},\"primaryImageOfPage\":{\"@id\":\"https:\\\/\\\/vamosporlaliberacion.org\\\/crpmlm\\\/se-conformo-la-multisectorial-de-derechos-humanos-de-tierra-del-fuego\\\/#primaryimage\"},\"image\":{\"@id\":\"https:\\\/\\\/vamosporlaliberacion.org\\\/crpmlm\\\/se-conformo-la-multisectorial-de-derechos-humanos-de-tierra-del-fuego\\\/#primaryimage\"},\"thumbnailUrl\":\"https:\\\/\\\/i0.wp.com\\\/vamosporlaliberacion.org\\\/crpmlm\\\/wp-content\\\/uploads\\\/2017\\\/10\\\/36541.jpg?fit=1280%2C853&ssl=1\",\"datePublished\":\"2017-10-04T18:07:33+00:00\",\"dateModified\":\"2017-10-11T17:45:36+00:00\",\"author\":{\"@id\":\"\"},\"breadcrumb\":{\"@id\":\"https:\\\/\\\/vamosporlaliberacion.org\\\/crpmlm\\\/se-conformo-la-multisectorial-de-derechos-humanos-de-tierra-del-fuego\\\/#breadcrumb\"},\"inLanguage\":\"es\",\"potentialAction\":[{\"@type\":\"ReadAction\",\"target\":[\"https:\\\/\\\/vamosporlaliberacion.org\\\/crpmlm\\\/se-conformo-la-multisectorial-de-derechos-humanos-de-tierra-del-fuego\\\/\"]}]},{\"@type\":\"ImageObject\",\"inLanguage\":\"es\",\"@id\":\"https:\\\/\\\/vamosporlaliberacion.org\\\/crpmlm\\\/se-conformo-la-multisectorial-de-derechos-humanos-de-tierra-del-fuego\\\/#primaryimage\",\"url\":\"https:\\\/\\\/i0.wp.com\\\/vamosporlaliberacion.org\\\/crpmlm\\\/wp-content\\\/uploads\\\/2017\\\/10\\\/36541.jpg?fit=1280%2C853&ssl=1\",\"contentUrl\":\"https:\\\/\\\/i0.wp.com\\\/vamosporlaliberacion.org\\\/crpmlm\\\/wp-content\\\/uploads\\\/2017\\\/10\\\/36541.jpg?fit=1280%2C853&ssl=1\",\"width\":1280,\"height\":853},{\"@type\":\"BreadcrumbList\",\"@id\":\"https:\\\/\\\/vamosporlaliberacion.org\\\/crpmlm\\\/se-conformo-la-multisectorial-de-derechos-humanos-de-tierra-del-fuego\\\/#breadcrumb\",\"itemListElement\":[{\"@type\":\"ListItem\",\"position\":1,\"name\":\"Portada\",\"item\":\"https:\\\/\\\/vamosporlaliberacion.org\\\/crpmlm\\\/\"},{\"@type\":\"ListItem\",\"position\":2,\"name\":\"Se conform\u00f3 la Multisectorial de Derechos Humanos de Tierra del Fuego\"}]},{\"@type\":\"WebSite\",\"@id\":\"https:\\\/\\\/vamosporlaliberacion.org\\\/crpmlm\\\/#website\",\"url\":\"https:\\\/\\\/vamosporlaliberacion.org\\\/crpmlm\\\/\",\"name\":\"Vamos por la Liberaci\u00f3n\",\"description\":\"Prensa CR\",\"potentialAction\":[{\"@type\":\"SearchAction\",\"target\":{\"@type\":\"EntryPoint\",\"urlTemplate\":\"https:\\\/\\\/vamosporlaliberacion.org\\\/crpmlm\\\/?s={search_term_string}\"},\"query-input\":{\"@type\":\"PropertyValueSpecification\",\"valueRequired\":true,\"valueName\":\"search_term_string\"}}],\"inLanguage\":\"es\"},{\"@type\":\"Person\",\"@id\":\"\",\"url\":\"http:\\\/\\\/vamosporlaliberacion.org\\\/crpmlm\\\/author\\\/\"}]}<\/script>\n<!-- \/ Yoast SEO plugin. -->","yoast_head_json":{"title":"Se conform\u00f3 la Multisectorial de Derechos Humanos de Tierra del Fuego - Vamos por la Liberaci\u00f3n","robots":{"index":"index","follow":"follow","max-snippet":"max-snippet:-1","max-image-preview":"max-image-preview:large","max-video-preview":"max-video-preview:-1"},"canonical":"https:\/\/vamosporlaliberacion.org\/crpmlm\/se-conformo-la-multisectorial-de-derechos-humanos-de-tierra-del-fuego\/","twitter_misc":{"Escrito por":"","Tiempo de lectura":"2 minutos"},"schema":{"@context":"https:\/\/schema.org","@graph":[{"@type":"Article","@id":"https:\/\/vamosporlaliberacion.org\/crpmlm\/se-conformo-la-multisectorial-de-derechos-humanos-de-tierra-del-fuego\/#article","isPartOf":{"@id":"https:\/\/vamosporlaliberacion.org\/crpmlm\/se-conformo-la-multisectorial-de-derechos-humanos-de-tierra-del-fuego\/"},"author":{"name":"","@id":""},"headline":"Se conform\u00f3 la Multisectorial de Derechos Humanos de Tierra del Fuego","datePublished":"2017-10-04T18:07:33+00:00","dateModified":"2017-10-11T17:45:36+00:00","mainEntityOfPage":{"@id":"https:\/\/vamosporlaliberacion.org\/crpmlm\/se-conformo-la-multisectorial-de-derechos-humanos-de-tierra-del-fuego\/"},"wordCount":395,"commentCount":0,"image":{"@id":"https:\/\/vamosporlaliberacion.org\/crpmlm\/se-conformo-la-multisectorial-de-derechos-humanos-de-tierra-del-fuego\/#primaryimage"},"thumbnailUrl":"https:\/\/i0.wp.com\/vamosporlaliberacion.org\/crpmlm\/wp-content\/uploads\/2017\/10\/36541.jpg?fit=1280%2C853&ssl=1","keywords":["destacado 1","Libertades democr\u00e1ticas","No al despido de los 17 dirigentes docentes fueguinos","Tierra del Fuego","vxl 107"],"articleSection":["Noticias"],"inLanguage":"es","potentialAction":[{"@type":"CommentAction","name":"Comment","target":["https:\/\/vamosporlaliberacion.org\/crpmlm\/se-conformo-la-multisectorial-de-derechos-humanos-de-tierra-del-fuego\/#respond"]}]},{"@type":"WebPage","@id":"https:\/\/vamosporlaliberacion.org\/crpmlm\/se-conformo-la-multisectorial-de-derechos-humanos-de-tierra-del-fuego\/","url":"https:\/\/vamosporlaliberacion.org\/crpmlm\/se-conformo-la-multisectorial-de-derechos-humanos-de-tierra-del-fuego\/","name":"Se conform\u00f3 la Multisectorial de Derechos Humanos de Tierra del Fuego - Vamos por la Liberaci\u00f3n","isPartOf":{"@id":"https:\/\/vamosporlaliberacion.org\/crpmlm\/#website"},"primaryImageOfPage":{"@id":"https:\/\/vamosporlaliberacion.org\/crpmlm\/se-conformo-la-multisectorial-de-derechos-humanos-de-tierra-del-fuego\/#primaryimage"},"image":{"@id":"https:\/\/vamosporlaliberacion.org\/crpmlm\/se-conformo-la-multisectorial-de-derechos-humanos-de-tierra-del-fuego\/#primaryimage"},"thumbnailUrl":"https:\/\/i0.wp.com\/vamosporlaliberacion.org\/crpmlm\/wp-content\/uploads\/2017\/10\/36541.jpg?fit=1280%2C853&ssl=1","datePublished":"2017-10-04T18:07:33+00:00","dateModified":"2017-10-11T17:45:36+00:00","author":{"@id":""},"breadcrumb":{"@id":"https:\/\/vamosporlaliberacion.org\/crpmlm\/se-conformo-la-multisectorial-de-derechos-humanos-de-tierra-del-fuego\/#breadcrumb"},"inLanguage":"es","potentialAction":[{"@type":"ReadAction","target":["https:\/\/vamosporlaliberacion.org\/crpmlm\/se-conformo-la-multisectorial-de-derechos-humanos-de-tierra-del-fuego\/"]}]},{"@type":"ImageObject","inLanguage":"es","@id":"https:\/\/vamosporlaliberacion.org\/crpmlm\/se-conformo-la-multisectorial-de-derechos-humanos-de-tierra-del-fuego\/#primaryimage","url":"https:\/\/i0.wp.com\/vamosporlaliberacion.org\/crpmlm\/wp-content\/uploads\/2017\/10\/36541.jpg?fit=1280%2C853&ssl=1","contentUrl":"https:\/\/i0.wp.com\/vamosporlaliberacion.org\/crpmlm\/wp-content\/uploads\/2017\/10\/36541.jpg?fit=1280%2C853&ssl=1","width":1280,"height":853},{"@type":"BreadcrumbList","@id":"https:\/\/vamosporlaliberacion.org\/crpmlm\/se-conformo-la-multisectorial-de-derechos-humanos-de-tierra-del-fuego\/#breadcrumb","itemListElement":[{"@type":"ListItem","position":1,"name":"Portada","item":"https:\/\/vamosporlaliberacion.org\/crpmlm\/"},{"@type":"ListItem","position":2,"name":"Se conform\u00f3 la Multisectorial de Derechos Humanos de Tierra del Fuego"}]},{"@type":"WebSite","@id":"https:\/\/vamosporlaliberacion.org\/crpmlm\/#website","url":"https:\/\/vamosporlaliberacion.org\/crpmlm\/","name":"Vamos por la Liberaci\u00f3n","description":"Prensa CR","potentialAction":[{"@type":"SearchAction","target":{"@type":"EntryPoint","urlTemplate":"https:\/\/vamosporlaliberacion.org\/crpmlm\/?s={search_term_string}"},"query-input":{"@type":"PropertyValueSpecification","valueRequired":true,"valueName":"search_term_string"}}],"inLanguage":"es"},{"@type":"Person","@id":"","url":"http:\/\/vamosporlaliberacion.org\/crpmlm\/author\/"}]}},"jetpack_featured_media_url":"https:\/\/i0.wp.com\/vamosporlaliberacion.org\/crpmlm\/wp-content\/uploads\/2017\/10\/36541.jpg?fit=1280%2C853&ssl=1","jetpack_sharing_enabled":true,"_links":{"self":[{"href":"http:\/\/vamosporlaliberacion.org\/crpmlm\/wp-json\/wp\/v2\/posts\/10305","targetHints":{"allow":["GET"]}}],"collection":[{"href":"http:\/\/vamosporlaliberacion.org\/crpmlm\/wp-json\/wp\/v2\/posts"}],"about":[{"href":"http:\/\/vamosporlaliberacion.org\/crpmlm\/wp-json\/wp\/v2\/types\/post"}],"author":[{"embeddable":true,"href":"http:\/\/vamosporlaliberacion.org\/crpmlm\/wp-json\/wp\/v2\/users\/5"}],"replies":[{"embeddable":true,"href":"http:\/\/vamosporlaliberacion.org\/crpmlm\/wp-json\/wp\/v2\/comments?post=10305"}],"version-history":[{"count":0,"href":"http:\/\/vamosporlaliberacion.org\/crpmlm\/wp-json\/wp\/v2\/posts\/10305\/revisions"}],"wp:featuredmedia":[{"embeddable":true,"href":"http:\/\/vamosporlaliberacion.org\/crpmlm\/wp-json\/wp\/v2\/media\/10306"}],"wp:attachment":[{"href":"http:\/\/vamosporlaliberacion.org\/crpmlm\/wp-json\/wp\/v2\/media?parent=10305"}],"wp:term":[{"taxonomy":"category","embeddable":true,"href":"http:\/\/vamosporlaliberacion.org\/crpmlm\/wp-json\/wp\/v2\/categories?post=10305"},{"taxonomy":"post_tag","embeddable":true,"href":"http:\/\/vamosporlaliberacion.org\/crpmlm\/wp-json\/wp\/v2\/tags?post=10305"}],"curies":[{"name":"wp","href":"https:\/\/api.w.org\/{rel}","templated":true}]}}