{"id":10229,"date":"2017-09-27T19:49:35","date_gmt":"2017-09-27T22:49:35","guid":{"rendered":"http:\/\/vamosporlaliberacion.org\/crpmlm\/?p=10229"},"modified":"2017-10-05T16:31:36","modified_gmt":"2017-10-05T19:31:36","slug":"un-mes-de-tomas-no-a-la-reforma","status":"publish","type":"post","link":"http:\/\/vamosporlaliberacion.org\/crpmlm\/un-mes-de-tomas-no-a-la-reforma\/","title":{"rendered":"Un mes de tomas: No a la reforma!"},"content":{"rendered":"<p>Tras casi un mes de conflicto, el martes 26 de septiembre se est\u00e1 realizando la movilizaci\u00f3n de los centros de estudiantes que mantuvieron m\u00e1s de 30 colegios tomados en rechazo al plan de reformas con que avanza el gobierno de la Ciudad a cargo de Horacio Rodr\u00edguez Larreta como parte de un plan del PRO que podr\u00eda nacionalizarse.<\/p>\n<p>El conflicto se agrav\u00f3 cuando el gobierno distribuy\u00f3 por mail oficial a los directivos de los colegios un Protocolo represivo a ser aplicado frente a las tomas. Esto gener\u00f3 el rechazo no solo de los estudiantes, sino tambi\u00e9n de la mayor\u00eda de los padres y de los gremios docentes. Ante la posibilidad de que, en un conflicto que incluye a menores de edad, el gobierno enviara a la polic\u00eda a los colegios, se multiplicaron las tomas y la decisi\u00f3n de numerosos padres de interponerse f\u00edsicamente si el gobierno avanzaba con el procedimiento. Ante semejante respuesta y el fallo de la jueza Liberatore, que defini\u00f3 a las tomas como parte del derecho constitucional al reclamo, el gobierno retrocedi\u00f3 y neg\u00f3 hip\u00f3critamente haber mandado el protocolo a los directivos.<\/p>\n<p>Las tomas siguieron y el mi\u00e9rcoles 20 de septiembre fracas\u00f3 la mediaci\u00f3n convocada por el Defensor del Pueblo de la Ciudad, a la que fueron convocados la ministra de Educaci\u00f3n de la Ciudad, Sol Acu\u00f1a, y los estudiantes, directivos, profesores de los colegios y padres de los alumnos. All\u00ed el gobierno del PRO no mostr\u00f3 ninguna voluntad de posponer la aplicaci\u00f3n de la reforma, que solo trascendi\u00f3 porque se filtraron un PowerPoint y un proyecto en proceso de edici\u00f3n.<\/p>\n<p>La reforma solo tom\u00f3 estado p\u00fablico gracias a la lucha de los estudiantes, que con las tomas le salieron al cruce a la inminente aplicaci\u00f3n de la reforma ya en 2018 en diecisiete establecimientos piloto. Reci\u00e9n con la mediaci\u00f3n, tras tres semanas de tomas, la ministra se comprometi\u00f3 a hacer p\u00fablico el proyecto y lo public\u00f3 al d\u00eda siguiente. Tambi\u00e9n present\u00f3 un plan de \u201cdebate\u201d sobre la reforma y los hechos a consumarse, descentralizado en nueve regiones, que los estudiantes denunciaron como parte de la intransigencia del gobierno.<\/p>\n<p>Como los estudiaron resolvieron seguir con las tomas ante la negativa del gobierno, entr\u00f3 en acci\u00f3n directamente el ministro de Justicia Garavano, quien esta semana critic\u00f3 el fallo de la jueza Liberatore e insisti\u00f3 en tipificar las tomas como \u201cusurpaci\u00f3n\u201d. Esto concretamente pretende ubicar la medida dentro del derecho penal, contrariando el reconocimiento de la ley y los fallos de la Corte que reconocen y tipifican los conflictos sociales como tales. Adem\u00e1s, el delito de usurpaci\u00f3n debe tener a la ocupaci\u00f3n como medio con el fin de la apropiaci\u00f3n del inmueble, cosa que no se verifica en las tomas. As\u00ed tambi\u00e9n el conflicto de los pibes ha sumado algunas p\u00e1ginas al Derecho Constitucional argentino.<\/p>\n<p>Al cierre de esta edici\u00f3n se concentran los colegios frente al Ministerio de Educaci\u00f3n de la Ciudad, donde entregar\u00e1n un petitorio y se levanten las tomas de todos los colegios para definir la modalidad con que continuar\u00e1n la lucha.<\/p>\n<p>Corresponsal<\/p>\n<!-- AddThis Advanced Settings generic via filter on the_content --><!-- AddThis Share Buttons generic via filter on the_content -->","protected":false},"excerpt":{"rendered":"<p>Tras casi un mes de conflicto, el martes 26 de septiembre se est\u00e1 realizando la movilizaci\u00f3n de los centros de estudiantes que mantuvieron m\u00e1s de 30 colegios tomados en rechazo al plan de reformas con que avanza el gobierno de la Ciudad a cargo de Horacio Rodr\u00edguez Larreta como parte de un plan del PRO [&hellip;]<!-- AddThis Advanced Settings generic via filter on get_the_excerpt --><!-- AddThis Share Buttons generic via filter on get_the_excerpt --><\/p>\n","protected":false},"author":5,"featured_media":10230,"comment_status":"open","ping_status":"open","sticky":false,"template":"","format":"standard","meta":{"_jetpack_memberships_contains_paid_content":false,"footnotes":""},"categories":[1699],"tags":[45,521,624,232,1076],"class_list":{"0":"post-10229","1":"post","2":"type-post","3":"status-publish","4":"format-standard","5":"has-post-thumbnail","7":"category-noticias","8":"tag-caba","9":"tag-destacado-1","10":"tag-movimiento-estudiantil","11":"tag-secundarios","12":"tag-vxl-106"},"yoast_head":"<!-- This site is optimized with the Yoast SEO plugin v27.4 - https:\/\/yoast.com\/product\/yoast-seo-wordpress\/ -->\n<title>Un mes de tomas: No a la reforma! - Vamos por la Liberaci\u00f3n<\/title>\n<meta name=\"robots\" content=\"index, follow, max-snippet:-1, max-image-preview:large, max-video-preview:-1\" \/>\n<link rel=\"canonical\" href=\"http:\/\/vamosporlaliberacion.org\/crpmlm\/un-mes-de-tomas-no-a-la-reforma\/\" \/>\n<meta name=\"twitter:label1\" content=\"Escrito por\" \/>\n\t<meta name=\"twitter:data1\" content=\"\" \/>\n\t<meta name=\"twitter:label2\" content=\"Tiempo de lectura\" \/>\n\t<meta name=\"twitter:data2\" content=\"3 minutos\" \/>\n<script type=\"application\/ld+json\" class=\"yoast-schema-graph\">{\"@context\":\"https:\\\/\\\/schema.org\",\"@graph\":[{\"@type\":\"Article\",\"@id\":\"http:\\\/\\\/vamosporlaliberacion.org\\\/crpmlm\\\/un-mes-de-tomas-no-a-la-reforma\\\/#article\",\"isPartOf\":{\"@id\":\"http:\\\/\\\/vamosporlaliberacion.org\\\/crpmlm\\\/un-mes-de-tomas-no-a-la-reforma\\\/\"},\"author\":{\"name\":\"\",\"@id\":\"\"},\"headline\":\"Un mes de tomas: No a la reforma!\",\"datePublished\":\"2017-09-27T22:49:35+00:00\",\"dateModified\":\"2017-10-05T19:31:36+00:00\",\"mainEntityOfPage\":{\"@id\":\"http:\\\/\\\/vamosporlaliberacion.org\\\/crpmlm\\\/un-mes-de-tomas-no-a-la-reforma\\\/\"},\"wordCount\":545,\"commentCount\":0,\"image\":{\"@id\":\"http:\\\/\\\/vamosporlaliberacion.org\\\/crpmlm\\\/un-mes-de-tomas-no-a-la-reforma\\\/#primaryimage\"},\"thumbnailUrl\":\"https:\\\/\\\/i0.wp.com\\\/vamosporlaliberacion.org\\\/crpmlm\\\/wp-content\\\/uploads\\\/2017\\\/09\\\/escuela_tomada_crop1505956840825.jpg_258117318.jpg?fit=829%2C466&ssl=1\",\"keywords\":[\"CABA\",\"destacado 1\",\"movimiento estudiantil\",\"Secundarios\",\"vxl 106\"],\"articleSection\":[\"Noticias\"],\"inLanguage\":\"es\",\"potentialAction\":[{\"@type\":\"CommentAction\",\"name\":\"Comment\",\"target\":[\"http:\\\/\\\/vamosporlaliberacion.org\\\/crpmlm\\\/un-mes-de-tomas-no-a-la-reforma\\\/#respond\"]}]},{\"@type\":\"WebPage\",\"@id\":\"http:\\\/\\\/vamosporlaliberacion.org\\\/crpmlm\\\/un-mes-de-tomas-no-a-la-reforma\\\/\",\"url\":\"http:\\\/\\\/vamosporlaliberacion.org\\\/crpmlm\\\/un-mes-de-tomas-no-a-la-reforma\\\/\",\"name\":\"Un mes de tomas: No a la reforma! - Vamos por la Liberaci\u00f3n\",\"isPartOf\":{\"@id\":\"https:\\\/\\\/vamosporlaliberacion.org\\\/crpmlm\\\/#website\"},\"primaryImageOfPage\":{\"@id\":\"http:\\\/\\\/vamosporlaliberacion.org\\\/crpmlm\\\/un-mes-de-tomas-no-a-la-reforma\\\/#primaryimage\"},\"image\":{\"@id\":\"http:\\\/\\\/vamosporlaliberacion.org\\\/crpmlm\\\/un-mes-de-tomas-no-a-la-reforma\\\/#primaryimage\"},\"thumbnailUrl\":\"https:\\\/\\\/i0.wp.com\\\/vamosporlaliberacion.org\\\/crpmlm\\\/wp-content\\\/uploads\\\/2017\\\/09\\\/escuela_tomada_crop1505956840825.jpg_258117318.jpg?fit=829%2C466&ssl=1\",\"datePublished\":\"2017-09-27T22:49:35+00:00\",\"dateModified\":\"2017-10-05T19:31:36+00:00\",\"author\":{\"@id\":\"\"},\"breadcrumb\":{\"@id\":\"http:\\\/\\\/vamosporlaliberacion.org\\\/crpmlm\\\/un-mes-de-tomas-no-a-la-reforma\\\/#breadcrumb\"},\"inLanguage\":\"es\",\"potentialAction\":[{\"@type\":\"ReadAction\",\"target\":[\"http:\\\/\\\/vamosporlaliberacion.org\\\/crpmlm\\\/un-mes-de-tomas-no-a-la-reforma\\\/\"]}]},{\"@type\":\"ImageObject\",\"inLanguage\":\"es\",\"@id\":\"http:\\\/\\\/vamosporlaliberacion.org\\\/crpmlm\\\/un-mes-de-tomas-no-a-la-reforma\\\/#primaryimage\",\"url\":\"https:\\\/\\\/i0.wp.com\\\/vamosporlaliberacion.org\\\/crpmlm\\\/wp-content\\\/uploads\\\/2017\\\/09\\\/escuela_tomada_crop1505956840825.jpg_258117318.jpg?fit=829%2C466&ssl=1\",\"contentUrl\":\"https:\\\/\\\/i0.wp.com\\\/vamosporlaliberacion.org\\\/crpmlm\\\/wp-content\\\/uploads\\\/2017\\\/09\\\/escuela_tomada_crop1505956840825.jpg_258117318.jpg?fit=829%2C466&ssl=1\",\"width\":829,\"height\":466},{\"@type\":\"BreadcrumbList\",\"@id\":\"http:\\\/\\\/vamosporlaliberacion.org\\\/crpmlm\\\/un-mes-de-tomas-no-a-la-reforma\\\/#breadcrumb\",\"itemListElement\":[{\"@type\":\"ListItem\",\"position\":1,\"name\":\"Portada\",\"item\":\"https:\\\/\\\/vamosporlaliberacion.org\\\/crpmlm\\\/\"},{\"@type\":\"ListItem\",\"position\":2,\"name\":\"Un mes de tomas: No a la reforma!\"}]},{\"@type\":\"WebSite\",\"@id\":\"https:\\\/\\\/vamosporlaliberacion.org\\\/crpmlm\\\/#website\",\"url\":\"https:\\\/\\\/vamosporlaliberacion.org\\\/crpmlm\\\/\",\"name\":\"Vamos por la Liberaci\u00f3n\",\"description\":\"Prensa CR\",\"potentialAction\":[{\"@type\":\"SearchAction\",\"target\":{\"@type\":\"EntryPoint\",\"urlTemplate\":\"https:\\\/\\\/vamosporlaliberacion.org\\\/crpmlm\\\/?s={search_term_string}\"},\"query-input\":{\"@type\":\"PropertyValueSpecification\",\"valueRequired\":true,\"valueName\":\"search_term_string\"}}],\"inLanguage\":\"es\"},{\"@type\":\"Person\",\"@id\":\"\",\"url\":\"http:\\\/\\\/vamosporlaliberacion.org\\\/crpmlm\\\/author\\\/\"}]}<\/script>\n<!-- \/ Yoast SEO plugin. -->","yoast_head_json":{"title":"Un mes de tomas: No a la reforma! - Vamos por la Liberaci\u00f3n","robots":{"index":"index","follow":"follow","max-snippet":"max-snippet:-1","max-image-preview":"max-image-preview:large","max-video-preview":"max-video-preview:-1"},"canonical":"http:\/\/vamosporlaliberacion.org\/crpmlm\/un-mes-de-tomas-no-a-la-reforma\/","twitter_misc":{"Escrito por":"","Tiempo de lectura":"3 minutos"},"schema":{"@context":"https:\/\/schema.org","@graph":[{"@type":"Article","@id":"http:\/\/vamosporlaliberacion.org\/crpmlm\/un-mes-de-tomas-no-a-la-reforma\/#article","isPartOf":{"@id":"http:\/\/vamosporlaliberacion.org\/crpmlm\/un-mes-de-tomas-no-a-la-reforma\/"},"author":{"name":"","@id":""},"headline":"Un mes de tomas: No a la reforma!","datePublished":"2017-09-27T22:49:35+00:00","dateModified":"2017-10-05T19:31:36+00:00","mainEntityOfPage":{"@id":"http:\/\/vamosporlaliberacion.org\/crpmlm\/un-mes-de-tomas-no-a-la-reforma\/"},"wordCount":545,"commentCount":0,"image":{"@id":"http:\/\/vamosporlaliberacion.org\/crpmlm\/un-mes-de-tomas-no-a-la-reforma\/#primaryimage"},"thumbnailUrl":"https:\/\/i0.wp.com\/vamosporlaliberacion.org\/crpmlm\/wp-content\/uploads\/2017\/09\/escuela_tomada_crop1505956840825.jpg_258117318.jpg?fit=829%2C466&ssl=1","keywords":["CABA","destacado 1","movimiento estudiantil","Secundarios","vxl 106"],"articleSection":["Noticias"],"inLanguage":"es","potentialAction":[{"@type":"CommentAction","name":"Comment","target":["http:\/\/vamosporlaliberacion.org\/crpmlm\/un-mes-de-tomas-no-a-la-reforma\/#respond"]}]},{"@type":"WebPage","@id":"http:\/\/vamosporlaliberacion.org\/crpmlm\/un-mes-de-tomas-no-a-la-reforma\/","url":"http:\/\/vamosporlaliberacion.org\/crpmlm\/un-mes-de-tomas-no-a-la-reforma\/","name":"Un mes de tomas: No a la reforma! - Vamos por la Liberaci\u00f3n","isPartOf":{"@id":"https:\/\/vamosporlaliberacion.org\/crpmlm\/#website"},"primaryImageOfPage":{"@id":"http:\/\/vamosporlaliberacion.org\/crpmlm\/un-mes-de-tomas-no-a-la-reforma\/#primaryimage"},"image":{"@id":"http:\/\/vamosporlaliberacion.org\/crpmlm\/un-mes-de-tomas-no-a-la-reforma\/#primaryimage"},"thumbnailUrl":"https:\/\/i0.wp.com\/vamosporlaliberacion.org\/crpmlm\/wp-content\/uploads\/2017\/09\/escuela_tomada_crop1505956840825.jpg_258117318.jpg?fit=829%2C466&ssl=1","datePublished":"2017-09-27T22:49:35+00:00","dateModified":"2017-10-05T19:31:36+00:00","author":{"@id":""},"breadcrumb":{"@id":"http:\/\/vamosporlaliberacion.org\/crpmlm\/un-mes-de-tomas-no-a-la-reforma\/#breadcrumb"},"inLanguage":"es","potentialAction":[{"@type":"ReadAction","target":["http:\/\/vamosporlaliberacion.org\/crpmlm\/un-mes-de-tomas-no-a-la-reforma\/"]}]},{"@type":"ImageObject","inLanguage":"es","@id":"http:\/\/vamosporlaliberacion.org\/crpmlm\/un-mes-de-tomas-no-a-la-reforma\/#primaryimage","url":"https:\/\/i0.wp.com\/vamosporlaliberacion.org\/crpmlm\/wp-content\/uploads\/2017\/09\/escuela_tomada_crop1505956840825.jpg_258117318.jpg?fit=829%2C466&ssl=1","contentUrl":"https:\/\/i0.wp.com\/vamosporlaliberacion.org\/crpmlm\/wp-content\/uploads\/2017\/09\/escuela_tomada_crop1505956840825.jpg_258117318.jpg?fit=829%2C466&ssl=1","width":829,"height":466},{"@type":"BreadcrumbList","@id":"http:\/\/vamosporlaliberacion.org\/crpmlm\/un-mes-de-tomas-no-a-la-reforma\/#breadcrumb","itemListElement":[{"@type":"ListItem","position":1,"name":"Portada","item":"https:\/\/vamosporlaliberacion.org\/crpmlm\/"},{"@type":"ListItem","position":2,"name":"Un mes de tomas: No a la reforma!"}]},{"@type":"WebSite","@id":"https:\/\/vamosporlaliberacion.org\/crpmlm\/#website","url":"https:\/\/vamosporlaliberacion.org\/crpmlm\/","name":"Vamos por la Liberaci\u00f3n","description":"Prensa CR","potentialAction":[{"@type":"SearchAction","target":{"@type":"EntryPoint","urlTemplate":"https:\/\/vamosporlaliberacion.org\/crpmlm\/?s={search_term_string}"},"query-input":{"@type":"PropertyValueSpecification","valueRequired":true,"valueName":"search_term_string"}}],"inLanguage":"es"},{"@type":"Person","@id":"","url":"http:\/\/vamosporlaliberacion.org\/crpmlm\/author\/"}]}},"jetpack_featured_media_url":"https:\/\/i0.wp.com\/vamosporlaliberacion.org\/crpmlm\/wp-content\/uploads\/2017\/09\/escuela_tomada_crop1505956840825.jpg_258117318.jpg?fit=829%2C466&ssl=1","jetpack_sharing_enabled":true,"_links":{"self":[{"href":"http:\/\/vamosporlaliberacion.org\/crpmlm\/wp-json\/wp\/v2\/posts\/10229","targetHints":{"allow":["GET"]}}],"collection":[{"href":"http:\/\/vamosporlaliberacion.org\/crpmlm\/wp-json\/wp\/v2\/posts"}],"about":[{"href":"http:\/\/vamosporlaliberacion.org\/crpmlm\/wp-json\/wp\/v2\/types\/post"}],"author":[{"embeddable":true,"href":"http:\/\/vamosporlaliberacion.org\/crpmlm\/wp-json\/wp\/v2\/users\/5"}],"replies":[{"embeddable":true,"href":"http:\/\/vamosporlaliberacion.org\/crpmlm\/wp-json\/wp\/v2\/comments?post=10229"}],"version-history":[{"count":0,"href":"http:\/\/vamosporlaliberacion.org\/crpmlm\/wp-json\/wp\/v2\/posts\/10229\/revisions"}],"wp:featuredmedia":[{"embeddable":true,"href":"http:\/\/vamosporlaliberacion.org\/crpmlm\/wp-json\/wp\/v2\/media\/10230"}],"wp:attachment":[{"href":"http:\/\/vamosporlaliberacion.org\/crpmlm\/wp-json\/wp\/v2\/media?parent=10229"}],"wp:term":[{"taxonomy":"category","embeddable":true,"href":"http:\/\/vamosporlaliberacion.org\/crpmlm\/wp-json\/wp\/v2\/categories?post=10229"},{"taxonomy":"post_tag","embeddable":true,"href":"http:\/\/vamosporlaliberacion.org\/crpmlm\/wp-json\/wp\/v2\/tags?post=10229"}],"curies":[{"name":"wp","href":"https:\/\/api.w.org\/{rel}","templated":true}]}}