{"id":10147,"date":"2017-09-16T19:27:22","date_gmt":"2017-09-16T22:27:22","guid":{"rendered":"http:\/\/vamosporlaliberacion.org\/crpmlm\/?p=10147"},"modified":"2017-09-16T19:27:22","modified_gmt":"2017-09-16T22:27:22","slug":"19-colegios-secundarios-tomados","status":"publish","type":"post","link":"http:\/\/vamosporlaliberacion.org\/crpmlm\/19-colegios-secundarios-tomados\/","title":{"rendered":"19 colegios secundarios tomados"},"content":{"rendered":"<p>Las tomas de los estudiantes secundarios comenzaron el 29 de agosto. Protestan contra la reforma que se lanz\u00f3 a aplicar el gobierno de Larreta sobre la educaci\u00f3n media, y que en 2018 ya se implementar\u00eda en 16 escuelas.<\/p>\n<p>Los colegios tomados ya son m\u00e1s de 19: el Bellas Artes Manuel Belgrano, el Normal 1 Roque S\u00e1enz Pe\u00f1a, el Liceo 9 Santiago Derqui, la Media 3 Antonio Devoto, el Colegio 8 Julio Argentino Roca, la escuela de Bellas Artes Rogelio Yrurtia, la T\u00e9cnica 33 Plumerillo, el Comercial 7 Manuel Belgrano, la Media 1 Julio Cort\u00e1zar, el Carlos Pellegrini, el Lenguas Vivas Juan Ram\u00f3n Fern\u00e1ndez, la Escuela de M\u00fasica Juan Pedro Esnaola, el Normal 2 Mariano Acosta, la Media 1 Rodolfo Walsh, el Nacional Buenos Aires, la Media 3 Osvaldo Pugliese y la T\u00e9cnica Fernando Fader. El mi\u00e9rcoles 6 miles de estudiante marcharon desde el Ministerio de Educaci\u00f3n de la Naci\u00f3n hacia el Ministerio de Educaci\u00f3n de la Ciudad en rechazo a la reforma oficial.<\/p>\n<p>La \u201cEscuela del Futuro\u201d que implementar\u00eda el gobierno en realidad implica un recorte del presupuesto de la escuela p\u00fablica a trav\u00e9s de una reducci\u00f3n de materias. Los colegios con especialidades desaparecer\u00edan con la reforma. Las pasant\u00edas de los alumnos que ocupar\u00edan el 50% del quinto a\u00f1o no son remuneradas. En algunos colegios el reclamo tambi\u00e9n incluye exigencia de la implementaci\u00f3n de la Ley de Educaci\u00f3n Sexual Integral y un protocolo para casos de violencia de g\u00e9nero y discriminaci\u00f3n.<\/p>\n<p>Los estudiantes y los docentes (tanto de UTE-CTERA como de Ademys) han catalogado a la \u201cSecundaria del Futuro\u201d como un retroceso, denunciando adem\u00e1s que la reforma incluye la sustituci\u00f3n de buena parte de los docentes por \u201cfacilitadores\u201d (que no son docentes) precarizados y por fuera del estatuto.<\/p>\n<p>Los estudiantes y padres tambi\u00e9n rechazan el protocolo que intent\u00f3 aplicar el gobierno ante las tomas y que luego desminti\u00f3. Amnist\u00eda Internacional present\u00f3 un pedido de informaci\u00f3n al gobierno porte\u00f1o sobre el \u201cInstructivo sobre forma de proceder en caso de tomas de instituciones educativas\u201d difundido por el Ministerio de Educaci\u00f3n de la Ciudad, que ordena denunciar penalmente la \u201csituaci\u00f3n de toma\u201d en los colegios. Tambi\u00e9n expres\u00f3 su preocupaci\u00f3n por la calificaci\u00f3n como \u201cdelitos o contravenciones\u201d a las tomas estudiantiles de colegios, hecho que representa una \u201ccriminalizaci\u00f3n del derecho de participaci\u00f3n de los estudiantes\u201d.<\/p>\n<p>Corresponsal<\/p>\n<!-- AddThis Advanced Settings generic via filter on the_content --><!-- AddThis Share Buttons generic via filter on the_content -->","protected":false},"excerpt":{"rendered":"<p>Las tomas de los estudiantes secundarios comenzaron el 29 de agosto. Protestan contra la reforma que se lanz\u00f3 a aplicar el gobierno de Larreta sobre la educaci\u00f3n media, y que en 2018 ya se implementar\u00eda en 16 escuelas. Los colegios tomados ya son m\u00e1s de 19: el Bellas Artes Manuel Belgrano, el Normal 1 Roque [&hellip;]<!-- AddThis Advanced Settings generic via filter on get_the_excerpt --><!-- AddThis Share Buttons generic via filter on get_the_excerpt --><\/p>\n","protected":false},"author":5,"featured_media":10149,"comment_status":"open","ping_status":"open","sticky":false,"template":"","format":"standard","meta":{"_jetpack_memberships_contains_paid_content":false,"footnotes":""},"categories":[1699],"tags":[45,521,624,232,1070],"class_list":{"0":"post-10147","1":"post","2":"type-post","3":"status-publish","4":"format-standard","5":"has-post-thumbnail","7":"category-noticias","8":"tag-caba","9":"tag-destacado-1","10":"tag-movimiento-estudiantil","11":"tag-secundarios","12":"tag-vxl-105"},"yoast_head":"<!-- This site is optimized with the Yoast SEO plugin v27.4 - https:\/\/yoast.com\/product\/yoast-seo-wordpress\/ -->\n<title>19 colegios secundarios tomados - Vamos por la Liberaci\u00f3n<\/title>\n<meta name=\"robots\" content=\"index, follow, max-snippet:-1, max-image-preview:large, max-video-preview:-1\" \/>\n<link rel=\"canonical\" href=\"http:\/\/vamosporlaliberacion.org\/crpmlm\/19-colegios-secundarios-tomados\/\" \/>\n<meta name=\"twitter:label1\" content=\"Escrito por\" \/>\n\t<meta name=\"twitter:data1\" content=\"\" \/>\n\t<meta name=\"twitter:label2\" content=\"Tiempo de lectura\" \/>\n\t<meta name=\"twitter:data2\" content=\"2 minutos\" \/>\n<script type=\"application\/ld+json\" class=\"yoast-schema-graph\">{\"@context\":\"https:\\\/\\\/schema.org\",\"@graph\":[{\"@type\":\"Article\",\"@id\":\"http:\\\/\\\/vamosporlaliberacion.org\\\/crpmlm\\\/19-colegios-secundarios-tomados\\\/#article\",\"isPartOf\":{\"@id\":\"http:\\\/\\\/vamosporlaliberacion.org\\\/crpmlm\\\/19-colegios-secundarios-tomados\\\/\"},\"author\":{\"name\":\"\",\"@id\":\"\"},\"headline\":\"19 colegios secundarios tomados\",\"datePublished\":\"2017-09-16T22:27:22+00:00\",\"mainEntityOfPage\":{\"@id\":\"http:\\\/\\\/vamosporlaliberacion.org\\\/crpmlm\\\/19-colegios-secundarios-tomados\\\/\"},\"wordCount\":410,\"commentCount\":0,\"image\":{\"@id\":\"http:\\\/\\\/vamosporlaliberacion.org\\\/crpmlm\\\/19-colegios-secundarios-tomados\\\/#primaryimage\"},\"thumbnailUrl\":\"https:\\\/\\\/i0.wp.com\\\/vamosporlaliberacion.org\\\/crpmlm\\\/wp-content\\\/uploads\\\/2017\\\/09\\\/WhatsApp-Image-2017-08-29-at-16.15.32.jpeg?fit=1280%2C960&ssl=1\",\"keywords\":[\"CABA\",\"destacado 1\",\"movimiento estudiantil\",\"Secundarios\",\"vxl 105\"],\"articleSection\":[\"Noticias\"],\"inLanguage\":\"es\",\"potentialAction\":[{\"@type\":\"CommentAction\",\"name\":\"Comment\",\"target\":[\"http:\\\/\\\/vamosporlaliberacion.org\\\/crpmlm\\\/19-colegios-secundarios-tomados\\\/#respond\"]}]},{\"@type\":\"WebPage\",\"@id\":\"http:\\\/\\\/vamosporlaliberacion.org\\\/crpmlm\\\/19-colegios-secundarios-tomados\\\/\",\"url\":\"http:\\\/\\\/vamosporlaliberacion.org\\\/crpmlm\\\/19-colegios-secundarios-tomados\\\/\",\"name\":\"19 colegios secundarios tomados - Vamos por la Liberaci\u00f3n\",\"isPartOf\":{\"@id\":\"https:\\\/\\\/vamosporlaliberacion.org\\\/crpmlm\\\/#website\"},\"primaryImageOfPage\":{\"@id\":\"http:\\\/\\\/vamosporlaliberacion.org\\\/crpmlm\\\/19-colegios-secundarios-tomados\\\/#primaryimage\"},\"image\":{\"@id\":\"http:\\\/\\\/vamosporlaliberacion.org\\\/crpmlm\\\/19-colegios-secundarios-tomados\\\/#primaryimage\"},\"thumbnailUrl\":\"https:\\\/\\\/i0.wp.com\\\/vamosporlaliberacion.org\\\/crpmlm\\\/wp-content\\\/uploads\\\/2017\\\/09\\\/WhatsApp-Image-2017-08-29-at-16.15.32.jpeg?fit=1280%2C960&ssl=1\",\"datePublished\":\"2017-09-16T22:27:22+00:00\",\"author\":{\"@id\":\"\"},\"breadcrumb\":{\"@id\":\"http:\\\/\\\/vamosporlaliberacion.org\\\/crpmlm\\\/19-colegios-secundarios-tomados\\\/#breadcrumb\"},\"inLanguage\":\"es\",\"potentialAction\":[{\"@type\":\"ReadAction\",\"target\":[\"http:\\\/\\\/vamosporlaliberacion.org\\\/crpmlm\\\/19-colegios-secundarios-tomados\\\/\"]}]},{\"@type\":\"ImageObject\",\"inLanguage\":\"es\",\"@id\":\"http:\\\/\\\/vamosporlaliberacion.org\\\/crpmlm\\\/19-colegios-secundarios-tomados\\\/#primaryimage\",\"url\":\"https:\\\/\\\/i0.wp.com\\\/vamosporlaliberacion.org\\\/crpmlm\\\/wp-content\\\/uploads\\\/2017\\\/09\\\/WhatsApp-Image-2017-08-29-at-16.15.32.jpeg?fit=1280%2C960&ssl=1\",\"contentUrl\":\"https:\\\/\\\/i0.wp.com\\\/vamosporlaliberacion.org\\\/crpmlm\\\/wp-content\\\/uploads\\\/2017\\\/09\\\/WhatsApp-Image-2017-08-29-at-16.15.32.jpeg?fit=1280%2C960&ssl=1\",\"width\":1280,\"height\":960},{\"@type\":\"BreadcrumbList\",\"@id\":\"http:\\\/\\\/vamosporlaliberacion.org\\\/crpmlm\\\/19-colegios-secundarios-tomados\\\/#breadcrumb\",\"itemListElement\":[{\"@type\":\"ListItem\",\"position\":1,\"name\":\"Portada\",\"item\":\"https:\\\/\\\/vamosporlaliberacion.org\\\/crpmlm\\\/\"},{\"@type\":\"ListItem\",\"position\":2,\"name\":\"19 colegios secundarios tomados\"}]},{\"@type\":\"WebSite\",\"@id\":\"https:\\\/\\\/vamosporlaliberacion.org\\\/crpmlm\\\/#website\",\"url\":\"https:\\\/\\\/vamosporlaliberacion.org\\\/crpmlm\\\/\",\"name\":\"Vamos por la Liberaci\u00f3n\",\"description\":\"Prensa CR\",\"potentialAction\":[{\"@type\":\"SearchAction\",\"target\":{\"@type\":\"EntryPoint\",\"urlTemplate\":\"https:\\\/\\\/vamosporlaliberacion.org\\\/crpmlm\\\/?s={search_term_string}\"},\"query-input\":{\"@type\":\"PropertyValueSpecification\",\"valueRequired\":true,\"valueName\":\"search_term_string\"}}],\"inLanguage\":\"es\"},{\"@type\":\"Person\",\"@id\":\"\",\"url\":\"http:\\\/\\\/vamosporlaliberacion.org\\\/crpmlm\\\/author\\\/\"}]}<\/script>\n<!-- \/ Yoast SEO plugin. -->","yoast_head_json":{"title":"19 colegios secundarios tomados - Vamos por la Liberaci\u00f3n","robots":{"index":"index","follow":"follow","max-snippet":"max-snippet:-1","max-image-preview":"max-image-preview:large","max-video-preview":"max-video-preview:-1"},"canonical":"http:\/\/vamosporlaliberacion.org\/crpmlm\/19-colegios-secundarios-tomados\/","twitter_misc":{"Escrito por":"","Tiempo de lectura":"2 minutos"},"schema":{"@context":"https:\/\/schema.org","@graph":[{"@type":"Article","@id":"http:\/\/vamosporlaliberacion.org\/crpmlm\/19-colegios-secundarios-tomados\/#article","isPartOf":{"@id":"http:\/\/vamosporlaliberacion.org\/crpmlm\/19-colegios-secundarios-tomados\/"},"author":{"name":"","@id":""},"headline":"19 colegios secundarios tomados","datePublished":"2017-09-16T22:27:22+00:00","mainEntityOfPage":{"@id":"http:\/\/vamosporlaliberacion.org\/crpmlm\/19-colegios-secundarios-tomados\/"},"wordCount":410,"commentCount":0,"image":{"@id":"http:\/\/vamosporlaliberacion.org\/crpmlm\/19-colegios-secundarios-tomados\/#primaryimage"},"thumbnailUrl":"https:\/\/i0.wp.com\/vamosporlaliberacion.org\/crpmlm\/wp-content\/uploads\/2017\/09\/WhatsApp-Image-2017-08-29-at-16.15.32.jpeg?fit=1280%2C960&ssl=1","keywords":["CABA","destacado 1","movimiento estudiantil","Secundarios","vxl 105"],"articleSection":["Noticias"],"inLanguage":"es","potentialAction":[{"@type":"CommentAction","name":"Comment","target":["http:\/\/vamosporlaliberacion.org\/crpmlm\/19-colegios-secundarios-tomados\/#respond"]}]},{"@type":"WebPage","@id":"http:\/\/vamosporlaliberacion.org\/crpmlm\/19-colegios-secundarios-tomados\/","url":"http:\/\/vamosporlaliberacion.org\/crpmlm\/19-colegios-secundarios-tomados\/","name":"19 colegios secundarios tomados - Vamos por la Liberaci\u00f3n","isPartOf":{"@id":"https:\/\/vamosporlaliberacion.org\/crpmlm\/#website"},"primaryImageOfPage":{"@id":"http:\/\/vamosporlaliberacion.org\/crpmlm\/19-colegios-secundarios-tomados\/#primaryimage"},"image":{"@id":"http:\/\/vamosporlaliberacion.org\/crpmlm\/19-colegios-secundarios-tomados\/#primaryimage"},"thumbnailUrl":"https:\/\/i0.wp.com\/vamosporlaliberacion.org\/crpmlm\/wp-content\/uploads\/2017\/09\/WhatsApp-Image-2017-08-29-at-16.15.32.jpeg?fit=1280%2C960&ssl=1","datePublished":"2017-09-16T22:27:22+00:00","author":{"@id":""},"breadcrumb":{"@id":"http:\/\/vamosporlaliberacion.org\/crpmlm\/19-colegios-secundarios-tomados\/#breadcrumb"},"inLanguage":"es","potentialAction":[{"@type":"ReadAction","target":["http:\/\/vamosporlaliberacion.org\/crpmlm\/19-colegios-secundarios-tomados\/"]}]},{"@type":"ImageObject","inLanguage":"es","@id":"http:\/\/vamosporlaliberacion.org\/crpmlm\/19-colegios-secundarios-tomados\/#primaryimage","url":"https:\/\/i0.wp.com\/vamosporlaliberacion.org\/crpmlm\/wp-content\/uploads\/2017\/09\/WhatsApp-Image-2017-08-29-at-16.15.32.jpeg?fit=1280%2C960&ssl=1","contentUrl":"https:\/\/i0.wp.com\/vamosporlaliberacion.org\/crpmlm\/wp-content\/uploads\/2017\/09\/WhatsApp-Image-2017-08-29-at-16.15.32.jpeg?fit=1280%2C960&ssl=1","width":1280,"height":960},{"@type":"BreadcrumbList","@id":"http:\/\/vamosporlaliberacion.org\/crpmlm\/19-colegios-secundarios-tomados\/#breadcrumb","itemListElement":[{"@type":"ListItem","position":1,"name":"Portada","item":"https:\/\/vamosporlaliberacion.org\/crpmlm\/"},{"@type":"ListItem","position":2,"name":"19 colegios secundarios tomados"}]},{"@type":"WebSite","@id":"https:\/\/vamosporlaliberacion.org\/crpmlm\/#website","url":"https:\/\/vamosporlaliberacion.org\/crpmlm\/","name":"Vamos por la Liberaci\u00f3n","description":"Prensa CR","potentialAction":[{"@type":"SearchAction","target":{"@type":"EntryPoint","urlTemplate":"https:\/\/vamosporlaliberacion.org\/crpmlm\/?s={search_term_string}"},"query-input":{"@type":"PropertyValueSpecification","valueRequired":true,"valueName":"search_term_string"}}],"inLanguage":"es"},{"@type":"Person","@id":"","url":"http:\/\/vamosporlaliberacion.org\/crpmlm\/author\/"}]}},"jetpack_featured_media_url":"https:\/\/i0.wp.com\/vamosporlaliberacion.org\/crpmlm\/wp-content\/uploads\/2017\/09\/WhatsApp-Image-2017-08-29-at-16.15.32.jpeg?fit=1280%2C960&ssl=1","jetpack_sharing_enabled":true,"_links":{"self":[{"href":"http:\/\/vamosporlaliberacion.org\/crpmlm\/wp-json\/wp\/v2\/posts\/10147","targetHints":{"allow":["GET"]}}],"collection":[{"href":"http:\/\/vamosporlaliberacion.org\/crpmlm\/wp-json\/wp\/v2\/posts"}],"about":[{"href":"http:\/\/vamosporlaliberacion.org\/crpmlm\/wp-json\/wp\/v2\/types\/post"}],"author":[{"embeddable":true,"href":"http:\/\/vamosporlaliberacion.org\/crpmlm\/wp-json\/wp\/v2\/users\/5"}],"replies":[{"embeddable":true,"href":"http:\/\/vamosporlaliberacion.org\/crpmlm\/wp-json\/wp\/v2\/comments?post=10147"}],"version-history":[{"count":0,"href":"http:\/\/vamosporlaliberacion.org\/crpmlm\/wp-json\/wp\/v2\/posts\/10147\/revisions"}],"wp:featuredmedia":[{"embeddable":true,"href":"http:\/\/vamosporlaliberacion.org\/crpmlm\/wp-json\/wp\/v2\/media\/10149"}],"wp:attachment":[{"href":"http:\/\/vamosporlaliberacion.org\/crpmlm\/wp-json\/wp\/v2\/media?parent=10147"}],"wp:term":[{"taxonomy":"category","embeddable":true,"href":"http:\/\/vamosporlaliberacion.org\/crpmlm\/wp-json\/wp\/v2\/categories?post=10147"},{"taxonomy":"post_tag","embeddable":true,"href":"http:\/\/vamosporlaliberacion.org\/crpmlm\/wp-json\/wp\/v2\/tags?post=10147"}],"curies":[{"name":"wp","href":"https:\/\/api.w.org\/{rel}","templated":true}]}}